{"id":16367,"date":"2017-07-29T15:35:41","date_gmt":"2017-07-29T13:35:41","guid":{"rendered":"http:\/\/info.sadowne.pl\/?p=16367"},"modified":"2020-04-24T14:09:09","modified_gmt":"2020-04-24T12:09:09","slug":"trasa-rowerowa-nr-2","status":"publish","type":"post","link":"https:\/\/info.sadowne.pl\/?p=16367","title":{"rendered":"Trasa rowerowa nr 2"},"content":{"rendered":"<p><strong><img loading=\"lazy\" decoding=\"async\" class=\"alignleft size-thumbnail wp-image-16363\" src=\"http:\/\/info.sadowne.pl\/wp-content\/uploads\/2017\/07\/2017.07.29.10-180x130.jpg\" alt=\"\" width=\"180\" height=\"130\" \/>Torfowisko \u201eKules\u201d i \u201eWydmy Zielenieckie\u201d.<\/strong><!--more--><\/p>\n<p>Trasa \u0142atwa do pokonania, niewielkie pofa\u0142dowania i w wi\u0119kszo\u015bci drogi asfaltowe. Drogi gruntowe to ok. 2,5 km \u2013 do pokonania ka\u017cdym rowerem. D\u0142ugo\u015b\u0107 trasy ok. 11,34 km. Start i meta przed Gminnym O\u015brodkiem Kultury w Sadownem.<\/p>\n<p><strong>Oznaczenia:<\/strong><\/p>\n<p>&#8211; kolor czarny &#8211; droga asfaltowa od km 0,0 do km 5,4\u00a0i od km 7,9 do km 11,34;<\/p>\n<p>&#8211; kolor \u017c\u00f3\u0142ty &#8211; droga gruntowa, miejscami utwardzona \u017cwirem od km 5,4\u00a0do km.7,9;<\/p>\n<p><strong>Miejsca warte zatrzymania si\u0119:<\/strong><\/p>\n<p>&#8211; I &#8211; sosna &#8222;Szczudlak&#8221; &#8211;\u00a0km 5,0<\/p>\n<p>&#8211; II &#8211; Rezerwat &#8222;Kules&#8221;- km 5,5 &#8211; km 7,5<\/p>\n<p>&#8211; III &#8211; Wydmy Zielenieckie &#8211; km. 6,7 &#8211; km 7,3<\/p>\n<p>&#8211; IV &#8211; zak\u0142ady produkcji ceg\u0142y silikatowej &#8211; km 8,1<\/p>\n<p>&#8211; V &#8211; przedwojenna dacza \u2013 letnisko \u201eNa G\u00f3rce\u201d \u2013 km 10,3.<br \/>\n<iframe loading=\"lazy\" style=\"margin: 0; padding: 0; border: 0; overflow: hidden;\" src=\"https:\/\/www.MapFab.com\/html\/embedded\/jfk?height=440&amp;width=560&amp;renderInfo=true\" width=\"560\" height=\"440\"><\/iframe><\/p>\n<p>Mapa na stronie\u00a0<span style=\"color: #0000ff;\"><strong><a style=\"color: #0000ff;\" href=\"https:\/\/www.MapFab.com\/map\/jfk\/Trasa-rowerowa-nr-2-Sadowne\" target=\"_blank\" rel=\"noopener noreferrer\">https:\/\/www.MapFab.com\/map\/jfk\/Trasa-rowerowa-nr-2-Sadowne<\/a><\/strong><\/span><br \/>\n<span style=\"color: #ff0000;\"><strong>Opis trasy:<\/strong><\/span><\/p>\n<p>Przeja\u017cd\u017cka drug\u0105 z proponowanych tras to pog\u0142\u0119bienie znajomo\u015bci z sadowie\u0144sk\u0105 przyrod\u0105. Proponowana wycieczka zn\u00f3w w znacznej cz\u0119\u015bci przebiega\u0107 b\u0119dzie w\u015br\u00f3d las\u00f3w, tym razem Le\u015bnictwa Zieleniec.<\/p>\n<p><a href=\"http:\/\/info.sadowne.pl\/wp-content\/uploads\/2017\/07\/2017.07.24.2.jpg\" target=\"_blank\" rel=\"noopener noreferrer\"><img loading=\"lazy\" decoding=\"async\" class=\"alignright wp-image-16320 size-thumbnail\" src=\"http:\/\/info.sadowne.pl\/wp-content\/uploads\/2017\/07\/2017.07.24.2-180x130.jpg\" alt=\"\" width=\"180\" height=\"130\" \/><\/a><\/p>\n<p>Pocz\u0105tek trasy przed Gminnym O\u015brodkiem Kultury w Sadownem, a zmierzamy przez Sok\u00f3\u0142k\u0119 i Stacj\u0119 PKP Sadowne do Torfowiska Kules i Wydm Zielenieckich.<\/p>\n<p>Ze startu kierujemy si\u0119 na po\u0142udnie ul. Ko\u015bciuszki. Po przejechaniu fragmentu pokonanego w czasie pierwszej wycieczki (ulice Ko\u015bciuszki i S\u0142oneczna) wjedziemy na &#8222;Drak\u201d \u2013 tak miejscowi m\u00f3wi\u0105 o ca\u0142ej tej cz\u0119\u015b\u0107 Sadownego, kt\u00f3ra ci\u0105gnie si\u0119 od g\u00f3rki z pomnikiem ofiar holokaustu w kierunku tor\u00f3w kolejowych z Warszawy do Bia\u0142egostoku. Asfaltowa droga biegnie prosto a\u017c do nowej kapliczki z figurk\u0105 Matki Boskiej, przed kt\u00f3r\u0105 odbija w prawo ku Sok\u00f3\u0142ce.\u00a0 Jedziemy kilkaset metr\u00f3w urokliw\u0105 dolin\u0105 Bojewki, kt\u00f3rej pola i \u0142\u0105ki zamykaj\u0105 \u015bciany las\u00f3w.<\/p>\n<p>Rzadka jeszcze zabudowa domk\u00f3w jednorodzinnych \u015bwiadczy o niedocenianiu walor\u00f3w tej dolinki. Jest tu i p\u0142yn\u0105ca \u015brodkiem rzeczka i lasy z ka\u017cdej strony, a jednocze\u015bnie blisko st\u0105d do centrum wsi. Ale w naszej gminie podobnie urokliwych miejsc do zamieszkania jest wi\u0119cej.<\/p>\n<p><a href=\"http:\/\/info.sadowne.pl\/wp-content\/uploads\/2017\/07\/2017.07.29.2.jpg\" target=\"_blank\" rel=\"noopener noreferrer\"><img loading=\"lazy\" decoding=\"async\" class=\"alignleft wp-image-16358 size-thumbnail\" src=\"http:\/\/info.sadowne.pl\/wp-content\/uploads\/2017\/07\/2017.07.29.2-180x130.jpg\" alt=\"\" width=\"180\" height=\"130\" \/><\/a>Po pokonaniu tu\u017c za kapliczk\u0105 mostku na Bojewce wjedziemy do sosnowego lasu, a po kilkuset metrach z lewej strony zn\u00f3w miejsce kultu. To tzw. \u201eobrazik\u201d \u2013 tym razem malutka, powieszona na starej so\u015bnie kapliczka ze zdj\u0119ciem obrazu Matki Boskiej. Sosna jest z\u0142amana tu\u017c nad kapliczk\u0105. To w czasie jednej z pot\u0119\u017cnych wichur wiatr tak z\u0142ama\u0142 sosn\u0119, a wisz\u0105cy na niej od dziesi\u0105tek lat \u201eobrazek\u201d ocala\u0142. Jeszcze przed torami z lewej strony miniemy kilka jednorodzinnych domk\u00f3w, a z prawej wzniesion\u0105 na wzg\u00f3rku wie\u017c\u0119, z kt\u00f3rej monitorowane s\u0105 obszary le\u015bne. I \u201eUwaga poci\u0105g!\u201d!!!!, ostro\u017cnie upewnijmy si\u0119 czy nie nadje\u017cd\u017ca poci\u0105g i pokonajmy niestrze\u017cony przejazd kolejowy. Przejechali\u015bmy ju\u017c 3 240 m, a jeszcze troch\u0119 przed nami.<\/p>\n<p>Za przejazdem kolejowym rozpoczynaj\u0105 si\u0119 zabudowania Sok\u00f3\u0142ki. M\u00f3wi o niej wikipedia: <em>Miejscowo\u015b\u0107 ta powsta\u0142a w 1530 r. Przypuszczalnie w 1680 r. kapitu\u0142a warszawskiej kolegiaty \u015bw. Jana osadzi\u0142a tu ch\u0142op\u00f3w, nazywanych przez tubylc\u00f3w Kurpiami. Wie\u015b i folwark by\u0142y cz\u0119\u015bci\u0105 d\u00f3br ko\u0142odzi\u0105skich. Hrabia Andrzej Zamoyski zamieni\u0142 z rz\u0105dem rosyjskim twierdz\u0119 Zamo\u015b\u0107 na dobra ko\u0142odzi\u0105skie. W 1564 r. by\u0142a we wsi karczma, m\u0142yn i mieszka\u0142o 3 rzemie\u015blnik\u00f3w. W 1797 r. wie\u015b nale\u017ca\u0142a do parafii Sadowne. W wyniku uw\u0142aszczenia w 1864 r. ch\u0142opi otrzymali ponad 583 morgi ziemi u\u017cytkowej i ponad 50 m\u00f3rg nieu\u017cytk\u00f3w. W 1890 r. Sok\u00f3\u0142ka mia\u0142a 567 m\u00f3rg ziemi, z tego 237 m\u00f3rg w\u0142o\u015bcia\u0144skich. W 1921 r. na 509 mieszka\u0144c\u00f3w by\u0142o tu 15 \u017byd\u00f3w. Podczas kampanii wrze\u015bniowej w nocy z 2 na 3 wrze\u015bnia 1939 r. na stacj\u0119 kolejow\u0105 w Sadownem przyby\u0142y pu\u0142ki wile\u0144skie, kt\u00f3re zatrzyma\u0142y si\u0119 na dzie\u0144 w okolicznym lesie, a noc\u0105 pomaszerowa\u0142y w kierunku Broku i Ostrowi Mazowieckiej. Stacjonuj\u0105ce tu wojsko polskie sta\u0142o si\u0119 niebawem celem nalot\u00f3w lotnictwa niemieckiego. Powsta\u0142o podejrzenie, \u017ce by\u0142 to skutek radiowych meldunk\u00f3w dywersant\u00f3w, rekrutuj\u0105cych si\u0119 spo\u015br\u00f3d miejscowych kolonist\u00f3w. 4 wrze\u015bnia w godzinach przedpo\u0142udniowych Luftwaffe dokona\u0142a nalotu na stacj\u0119 kolejow\u0105 w Sadownem. W czasie II wojny \u015bwiatowej, w sierpniu 1944 r., przez 12 dni toczy\u0142y si\u0119 tu ci\u0119\u017ckie walki. W ich wyniku sp\u0142on\u0119\u0142o ok. 50% wszystkich zagr\u00f3d.<\/em><\/p>\n<p>Na pocz\u0105tku wsi, z lewej warto zerkn\u0105\u0107 na ciekawe rze\u017aby przed posesj\u0105 pana Mariana, a nast\u0119pnie na pierwszym skrzy\u017cowaniu, 350 m od przejazdu, nale\u017cy skr\u0119ci\u0107 w prawo, na zach\u00f3d, drog\u0105 niemal r\u00f3wnoleg\u0142\u0105 do tor\u00f3w.<\/p>\n<p><a href=\"http:\/\/info.sadowne.pl\/wp-content\/uploads\/2017\/07\/2017.07.29.3.jpg\" target=\"_blank\" rel=\"noopener noreferrer\"><img loading=\"lazy\" decoding=\"async\" class=\"alignright wp-image-16359 size-thumbnail\" src=\"http:\/\/info.sadowne.pl\/wp-content\/uploads\/2017\/07\/2017.07.29.3-180x130.jpg\" alt=\"\" width=\"180\" height=\"130\" \/><\/a>Po pokonaniu p\u00f3\u0142kilometrowego odcinka drogi ponownie wjedziemy do lasu, a pokonawszy zakr\u0119t w prawo, na kolejnym (w lewo) ujrzymy z lewej strony sosn\u0119 \u201eszczudlak\u201d (na mapie oznaczone nr I). Wyros\u0142a na g\u00f3rce, kt\u00f3ra przy budowie drogi zosta\u0142a zniwelowana. Obsypuj\u0105cy si\u0119 piasek powoli ods\u0142ania\u0142 jej korzenie. Mimo tego drzewo nie usch\u0142o, a ods\u0142oni\u0119te korzenie pokry\u0142y si\u0119 kor\u0105 i obecnie wygl\u0105daj\u0105 jak kilka wyrastaj\u0105cych z ziemi pni, kt\u00f3re \u0142\u0105cz\u0105 si\u0119 w g\u00f3rze w jeden \u201enaturalny\u201d sosnowy trzon.<\/p>\n<p><a href=\"http:\/\/info.sadowne.pl\/wp-content\/uploads\/2017\/07\/2017.07.29.4.jpg\" target=\"_blank\" rel=\"noopener noreferrer\"><img loading=\"lazy\" decoding=\"async\" class=\"alignleft wp-image-16360 size-thumbnail\" src=\"http:\/\/info.sadowne.pl\/wp-content\/uploads\/2017\/07\/2017.07.29.4-180x130.jpg\" alt=\"\" width=\"180\" height=\"130\" \/><\/a>Za sosn\u0105 zabudowania przy stacji kolejowej \u201eSadowne\u201d, cho\u0107 stanowi\u0105 cz\u0119\u015b\u0107 wsi Zieleniec &#8211; skr\u0119camy w stron\u0119 tor\u00f3w. Przy torach przed wojn\u0105 sta\u0142 pi\u0119kny dworzec, po wojnie jedynie \u201eporadziecki\u201d drewniany barak z kas\u0105 i opalan\u0105 kaflowym piecem poczekalni\u0105. Obecny stan tego zarz\u0105dzanego przez PKP terenu nie wzbudza zachwytu. Ale dalsza przebudowa trasy kolejowej Warszawa \u2013 Bia\u0142ystok tu\u017c tu\u017c, wi\u0119c i to miejsce ju\u017c nied\u0142ugo zmieni si\u0119. Za torami zobaczymy sk\u0142adnic\u0119 drzewa, sk\u0105d tysi\u0105ce \u201ekopalniak\u00f3w\u201d i \u201emetr\u00f3w\u201d z naszych las\u00f3w wywo\u017conych jest od dziesi\u0105tk\u00f3w lat \u201ew Polsk\u0119\u201d.<\/p>\n<p><a href=\"http:\/\/info.sadowne.pl\/wp-content\/uploads\/2017\/07\/2017.07.29.10.jpg\" target=\"_blank\" rel=\"noopener noreferrer\"><img loading=\"lazy\" decoding=\"async\" class=\"alignright wp-image-16363 size-thumbnail\" src=\"http:\/\/info.sadowne.pl\/wp-content\/uploads\/2017\/07\/2017.07.29.10-180x130.jpg\" alt=\"\" width=\"180\" height=\"130\" \/><\/a>Zmierzaj\u0105c dalej wzd\u0142u\u017c tor\u00f3w skr\u0119camy w prawo na strze\u017cony przejazd kolejowy, za kt\u00f3rym stoi okaza\u0142a \u201enastawnia\u201d. Za ni\u0105 skr\u0119\u0107my w piaszczyst\u0105 drog\u0119 w lewo. Wkr\u00f3tce po prawej pojawi\u0105 si\u0119 liczne, postawione przez w\u0142adze Nadbu\u017ca\u0144skiego Parku Krajobrazowego, tablice informuj\u0105ce o torfowisku \u201eKules\u201d. Droga, cho\u0107 piaszczysta, nie jest trudna do pokonania, obok kolein biegnie naturalna \u015bcie\u017cka rowerowa, a\u017c do Ziele\u0144ca. My jednak trzymamy si\u0119 trasy okalaj\u0105cej rezerwat i wytyczonej tam \u015bcie\u017cki przyrodniczej, przez ca\u0142y czas podziwiaj\u0105c po prawej mijany krajobraz &#8211; <a href=\"https:\/\/photos.app.goo.gl\/Fcq9hhQbrUFjv9Kj9\" target=\"_blank\" rel=\"noopener noreferrer\"><span style=\"color: #0000ff;\"><strong>wi\u0119cej&gt;&gt;&gt;<\/strong><\/span><\/a> (na mapie oznaczone nr II).<\/p>\n<p style=\"text-align: left;\"><em>\u015acie\u017cka przyrodnicza przebiega wok\u00f3\u0142 \u201e<strong>Torfowiska Kules<\/strong>\u201d na terenie gminy Sadowne (Nadle\u015bnictwo \u0141och\u00f3w, Le\u015bnictwo Zieleniec), w\u00a0<strong>Nadbu\u017ca\u0144skim Parku Krajobrazowym<\/strong>. Torfowisko po\u0142o\u017cone jest w\u00a0polodowcowej niecce otoczonej zwydmieniami morenowymi.\u00a0<strong>D\u0142ugo\u015b\u0107 \u015bcie\u017cki wynosi ok. 1600 m<\/strong>. Na jej trasie znajduje si\u0119 8 przystank\u00f3w z\u00a0bogato ilustrowanymi tablicami tematycznymi. Torfowisko o\u00a0pow.\u00a0<strong>27,60 ha<\/strong>\u00a0(oddz. 71c i\u00a072j) posiada status\u00a0<strong>u\u017cytku ekologicznego<\/strong>.<\/em><\/p>\n<p style=\"text-align: left;\"><strong><em>Flora<\/em><\/strong><strong><em><br \/>\n<\/em><\/strong><em>Szata ro\u015blinna torfowiska jest zr\u00f3\u017cnicowana. Centralnie po\u0142o\u017cone, ma\u0142e jeziorko dystroficzne porastaj\u0105 zbiorowiska ro\u015blinno\u015bci wodnej budowane przez\u00a0<strong>rdestnic\u0119 p\u0142ywaj\u0105c\u0105<\/strong>\u00a0oraz chronione\u00a0<strong>grzybienie bia\u0142e<\/strong>. Na jego obrze\u017cach wykszta\u0142ci\u0142y si\u0119 szuwary<strong>\u00a0pa\u0142ki szerokolistnej<\/strong>\u00a0<strong>turzycy zaostrzonej<\/strong>. Zasadnicz\u0105 cz\u0119\u015b\u0107 tworzy ro\u015blinno\u015b\u0107 torfowiskowa. Do typowych nale\u017c\u0105 zbiorowiska:\u00a0<strong>turzycy dzi\u00f3bkowatej<\/strong>,\u00a0<strong>turzycy nitkowatej<\/strong>,\u00a0<strong>situ rozpierzch\u0142ego<\/strong>\u00a0oraz\u00a0<strong>mszar k\u0119pkowo-dolinkowy<\/strong>, na kt\u00f3rym rosn\u0105 niewielkie okazy\u00a0<strong>sosny<\/strong>\u00a0i\u00a0<strong>brzozy omszonej<\/strong>. Na obrze\u017cach torfowiska licznie ro\u015bnie chroniona\u00a0<strong>kruszyna pospolita<\/strong>. W\u015br\u00f3d bor\u00f3w sosnowych otaczaj\u0105cych torfowisko najwi\u0119ksz\u0105 powierzchni\u0119 zajmuje\u00a0<strong>b\u00f3r bagienny<\/strong>, mniejsz\u0105 \u2013\u00a0<strong>b\u00f3r \u015bwie\u017cy,<\/strong>\u00a0a\u00a0najmniejsz\u0105\u00a0<strong>b\u00f3r suchy<\/strong>.<\/em><\/p>\n<p style=\"text-align: left;\"><em>W lasach licznie reprezentowany jest \u015bwiat grzyb\u00f3w. Spotka\u0107 tu mo\u017cna szereg gatunk\u00f3w, m.in.:\u00a0<strong>ko\u017alarze<\/strong>\u00a0(babka, pomara\u0144czowo \u2013 \u017c\u00f3\u0142ty),\u00a0<strong>podgrzybki<\/strong>\u00a0(brunatny, zaj\u0105czek),\u00a0<strong>ma\u015blarze\u00a0<\/strong>(sitarz, pstry),\u00a0<strong>mleczaje<\/strong>\u00a0(rudy, p\u0142owy, paskudnik, we\u0142nianka),\u00a0<strong>he\u0142m\u00f3wk\u0119 obrze\u017con\u0105<\/strong>,\u00a0<strong>rycerzyka czerwonoz\u0142otego<\/strong>,\u00a0<strong>lis\u00f3wk\u0119 pomara\u0144czow\u0105<\/strong>,\u00a0<strong>klejka lepkiego, krowiaka podwini\u0119tego\u00a0<\/strong>zwanego olsz\u00f3wk\u0105,<strong>\u00a0twardzioszka czosnaczka<\/strong>,\u00a0<strong>muchomory<\/strong>\u00a0(mglejarka, cytrynowy, czerwony, plamisty) oraz\u00a0<strong>ga\u0142\u0119ziaka<\/strong>. Zwydmienia s\u0105siaduj\u0105ce od strony p\u00f3\u0142nocnej z\u00a0torfowiskiem s\u0105 eksploatowane na skal\u0119 przemys\u0142ow\u0105. Ich obrze\u017ca porastaj\u0105 zbiorowiska traworo\u015bli por\u0119bowych z\u00a0panuj\u0105cym<strong>\u00a0trzcinnikiem piaskowym<\/strong>\u00a0oraz nitrofilne zbiorowiska krzewinkowo \u2013 zaro\u015blowe z\u00a0przewag\u0105\u00a0<strong>je\u017cyn<\/strong>\u00a0i\u00a0szybko rosn\u0105cych gatunk\u00f3w drzewiastych. Na terenie piaskowni jednym ze zbiorowisk jest murawa ze\u00a0<strong>szczotlich\u0105 siw\u0105<\/strong>. Nieczynne torowisko prowadz\u0105ce do piaskowni porasta ciep\u0142olubna ro\u015blinno\u015b\u0107 okrajkowa i\u00a0rudealna. Ro\u015bnie tu chroniony gatunek storczyka \u2013\u00a0<strong>kruszczyk szerokolistny<\/strong>.<\/em><\/p>\n<p style=\"text-align: left;\"><strong><em>Fauna<\/em><\/strong><em><br \/>\n<strong>Ssaki.<\/strong>\u00a0W\u015br\u00f3d wi\u0119kszych ssak\u00f3w swoj\u0105 ostoj\u0119 maj\u0105 tu: <strong>lis<\/strong>,\u00a0<strong>kuna le\u015bna<\/strong>\u00a0i\u00a0<strong>sarna<\/strong>, a\u00a0w poszukiwaniu pokarmu i\u00a0na odpoczynek zachodz\u0105\u00a0<strong>dzik<\/strong>,\u00a0<strong>jenot<\/strong>,\u00a0<strong>jele\u0144<\/strong>\u00a0i\u00a0<strong>\u0142o\u015b<\/strong>. Ma\u0142o zbadane zosta\u0142o wyst\u0119powanie gryzoni, nietoperzy oraz ssak\u00f3w owado\u017cernych.<\/em><\/p>\n<p style=\"text-align: left;\"><strong><em>Ptaki<\/em><\/strong><em>. W\u015br\u00f3d bogatego zespo\u0142u ptak\u00f3w na uwag\u0119 zas\u0142uguj\u0105 gatunki wodno b\u0142otne:\u00a0<strong>perkozek<\/strong>,\u00a0<strong>krzy\u017c\u00f3wka<\/strong>,\u00a0<strong>cyraneczka<\/strong>,\u00a0<strong>p\u0142askonos<\/strong>,\u00a0<strong>\u017curaw<\/strong>,\u00a0<strong>wodnik<\/strong>,\u00a0<strong>bekas kszyk<\/strong>,\u00a0<strong>b\u0142otniak stawowy<\/strong>,\u00a0<strong>rokitniczka<\/strong>,\u00a0<strong>potrzos<\/strong>\u00a0i\u00a0<strong>trzcinniczek<\/strong>. Do 1999 r. istnia\u0142a tu kolonia\u00a0<strong>mewy \u015bmieszki<\/strong>\u00a0licz\u0105ca ok. 1500 par. Z uwagi na du\u017ce zr\u00f3\u017cnicowanie drzewostan\u00f3w i\u00a0ich struktury licznie reprezentowane s\u0105 gatunki le\u015bne. Opr\u00f3cz wsz\u0119dzie pospolitych ptak\u00f3w takich jak np.\u00a0<strong>zi\u0119ba<\/strong>,\u00a0<strong>rudzik<\/strong>,\u00a0<strong>\u015bpiewak<\/strong>,\u00a0<strong>kos<\/strong>,\u00a0<strong>\u015bwiergotek<\/strong>\u00a0<strong>drzewny<\/strong>,\u00a0<strong>kapturka<\/strong>,\u00a0<strong>bogatka<\/strong>,\u00a0<strong>s\u00f3jka<\/strong>, czy\u00a0<strong>kowalik,<\/strong>\u00a0spotka\u0107 mo\u017cna ciekawsze np. rzadkiego drozda\u00a0<strong>paszkota<\/strong>,\u00a0<strong>raniuszka<\/strong>\u00a0czy\u00a0<strong>kobuza<\/strong>. Zaro\u015bla i\u00a0obrze\u017ca drzewo-stan\u00f3w zasiedlaj\u0105:\u00a0<strong>g\u0105siorek<\/strong>,\u00a0<strong>jarz\u0119batka<\/strong>,\u00a0<strong>cierni\u00f3wka<\/strong>\u00a0i\u00a0<strong>pieg\u017ca<\/strong>.\u00a0Na otwartej powierzchni wydmy wyst\u0119puj\u0105: \u00a0<strong>sieweczka<\/strong>\u00a0<strong>rzeczna<\/strong>, \u00a0<strong>\u015bwiergotek<\/strong>\u00a0<strong>polny<\/strong>,\u00a0<strong>lerka<\/strong>,\u00a0<strong>pliszka<\/strong>\u00a0<strong>siwa<\/strong>,\u00a0<strong>bia\u0142orzytka<\/strong>\u00a0i\u00a0<strong>lelek<\/strong>.<\/em><\/p>\n<p style=\"text-align: left;\"><strong><em>Gady i\u00a0p\u0142azy<\/em><\/strong><em>. Z tej grupy zwierz\u0105t wyst\u0119puj\u0105:\u00a0<strong>jaszczurka<\/strong>\u00a0<strong>zwinka<\/strong>\u00a0i\u00a0<strong>\u017cywor\u00f3dka<\/strong>,\u00a0<strong>zaskroniec\u00a0<\/strong>oraz\u00a0<strong>kumak<\/strong>\u00a0<strong>nizinny<\/strong>,\u00a0<strong>grzebiuszka ziemna<\/strong>\u00a0i\u00a0<strong>\u017caby\u00a0<\/strong>\u2013\u00a0<strong>wodna<\/strong>,\u00a0<strong>trawna<\/strong>\u00a0i\u00a0<strong>moczarowa<\/strong>. Zwierz\u0119ta te znajduj\u0105 na torfowisku\u00a0i\u00a0w\u00a0jego otoczeniu doskona\u0142e miejsca do rozrodu.<\/em><\/p>\n<p style=\"text-align: left;\"><strong><em>Owady<\/em><\/strong><em>. R\u00f3\u017cnorodno\u015b\u0107 \u015brodowisk warunkuje bogaty \u015bwiat zwierz\u0105t bezkr\u0119gowych, a\u00a0w szczeg\u00f3lno\u015bci owad\u00f3w.\u00a0Do osobliwo\u015bci nale\u017cy wyst\u0119powanie bardzo rzadkich na terenie Polski motyli dziennych:\u00a0<strong>pazia \u017ceglarza<\/strong>,\u00a0<strong>modraszka bagniczka<\/strong>\u00a0i\u00a0<strong>szlaczkonia torfowca<\/strong>. Warto wymieni\u0107 tak\u017ce inne ciekawe motyle: rusa\u0142k\u0119 \u017ca\u0142obnika i\u00a0mieniaka t\u0119czowca. W\u015br\u00f3d motyli nocnych interesuj\u0105cymi gatunkami s\u0105: pawica grusz\u00f3wka oraz barczatka d\u0119b\u00f3wka. Do interesuj\u0105cych gatunk\u00f3w \u017cyj\u0105cych na wydmie nale\u017c\u0105:\u00a0<strong>mr\u00f3wkolew pospolity<\/strong>,\u00a0<strong>siwoszek b\u0142\u0119kitny<\/strong>\u00a0z\u00a0rodziny szara\u0144czowatych oraz\u00a0<strong>trzyszcz le\u015bny<\/strong>\u00a0i\u00a0<strong>piaskowy<\/strong>\u00a0\u2013\u00a0przedstawiciele chrz\u0105szczy. Ma\u0142o zbadane zosta\u0142y owady le\u015bne oraz owady i\u00a0inne bezkr\u0119gowce zwi\u0105zane z\u00a0torfowiskiem, m.in. wa\u017cki, skorupiaki, mi\u0119czaki, paj\u0119czaki oraz pluskwiaki.<\/em><\/p>\n<p><a href=\"http:\/\/info.sadowne.pl\/wp-content\/uploads\/2017\/07\/2017.07.29.5.jpg\" target=\"_blank\" rel=\"noopener noreferrer\"><img loading=\"lazy\" decoding=\"async\" class=\"alignleft wp-image-16362 size-thumbnail\" src=\"http:\/\/info.sadowne.pl\/wp-content\/uploads\/2017\/07\/2017.07.29.5-180x130.jpg\" alt=\"\" width=\"180\" height=\"130\" \/><\/a>Gdy jednak tor jazdy skieruje si\u0119 na wsch\u00f3d, zauwa\u017cymy po lewej stronie krajobraz niemal pustynny. To u\u017cytek ekologiczny \u201eWydmy Zielenieckie\u201d (na mapie oznaczone nr III), hektary piaszczystych wzniesie\u0144 pozosta\u0142ych po Zak\u0142adzie Ceg\u0142y Silikatowej, obecnie niezwykle malowniczych, cho\u0107 ju\u017c powoli zarastaj\u0105cych r\u00f3\u017cnorodn\u0105, w tym stepow\u0105 ro\u015blinno\u015bci\u0105. Jak\u017ce przyda\u0142aby si\u0119 cho\u0107 jedna tablica informuj\u0105ca o osobliwo\u015bciach tego miejsca. Dr\u00f3\u017cka mi\u0119dzy wydm\u0105 a rezerwatem jest do\u015b\u0107 w\u0105ska, jed\u017amy wi\u0119c ostro\u017cnie, zw\u0142aszcza \u017ce wzrok coraz b\u0119dzie nam ucieka\u0142 w lewo i w prawo, bo mijany krajobraz zauroczy niezwyk\u0142o\u015bciami. W 2014 roku Rada Gminy Sadowne podj\u0119\u0142a uchwa\u0142\u0119 o ustanowieniu tu u\u017cytku ekologicznego pod nazw\u0105 \u201eWydmy Zielenieckie\u201d o powierzchni 9,22 ha w celu zachowania ekosystemu stanowi\u0105cego siedlisko, ostoj\u0119 chronionych gatunk\u00f3w ro\u015blin oraz zwierz\u0105t zwi\u0105zanych ze \u015brodowiskiem wydmowym.<\/p>\n<p>Warto wi\u0119c zatrzyma\u0107 si\u0119 w\u0142a\u015bnie gdzie\u015b na tym odcinku, mo\u017ce nawet przy ka\u017cdej z tablic rezerwatu. Ciszy takiej jak w Jeglu nie b\u0119dzie, bo przecie\u017c jeste\u015bmy w tr\u00f3jk\u0105cie, kt\u00f3rego boki to linia kolejowa i dwie ruchliwe drogi &#8211; zwano go kiedy\u015b \u201eKrogulec\u201d.<\/p>\n<p><a href=\"http:\/\/info.sadowne.pl\/wp-content\/uploads\/2017\/07\/2017.07.29.6.jpg\" target=\"_blank\" rel=\"noopener noreferrer\"><img loading=\"lazy\" decoding=\"async\" class=\"alignright wp-image-16364 size-thumbnail\" src=\"http:\/\/info.sadowne.pl\/wp-content\/uploads\/2017\/07\/2017.07.29.6-180x130.jpg\" alt=\"\" width=\"180\" height=\"130\" \/><\/a>Pod\u0105\u017caj\u0105c dalej na wsch\u00f3d dojedziemy zaledwie kilkaset metr\u00f3w od przejazdu kolejowego na drog\u0119 asfaltow\u0105. Tu skr\u0119camy w lewo i jad\u0105c na p\u00f3\u0142noc, po lewej miniemy wspomniane \u201eSilikaty\u201d (na mapie oznaczone nr IV). To na potrzeby wyrabianej tu ceg\u0142y na pobliskich le\u015bnych g\u00f3rkach wycinano drzewa, zrywano ciemn\u0105 warstw\u0119 ziemi, a kwarcowy \u201ez\u0142oty\u201d piasek spajano w \u201dautoklawach\u201d. Okoliczne drzewa \u201ebiela\u0142y\u201d od wapna uwalnianego po sprasowaniu cegie\u0142. Ale nie ma tego z\u0142ego\u2026 bo \u201eSilikaty\u201d pad\u0142y pozostawiaj\u0105c z\u0142ote g\u00f3rki piaskowe.<\/p>\n<p>Dalsza trasa nie jest tak p\u0142aska jak dotychczas. 1\u00a0900 m asfaltowej drogi nim dojedziemy do sadowie\u0144skich \u201ekrzy\u017c\u00f3wek\u201d. Po drodze pokonamy kilka niezbyt wymagaj\u0105cych wzniesie\u0144, odpoczywaj\u0105c na d\u0142ugich zjazdach. W\u015br\u00f3d dominuj\u0105cych w zwartym lesie zwyk\u0142ych sosen zauwa\u017cmy te mniejsze, inne, z \u201epokr\u0119conymi\u201d pniami pokrytymi ciemn\u0105 kor\u0105. To grupki pochodz\u0105cej z Ameryki P\u00f3\u0142nocnej sosny Banksa.<\/p>\n<p><a href=\"http:\/\/info.sadowne.pl\/wp-content\/uploads\/2017\/07\/2017.07.29.7.jpg\" target=\"_blank\" rel=\"noopener noreferrer\"><img loading=\"lazy\" decoding=\"async\" class=\"alignleft wp-image-16365 size-thumbnail\" src=\"http:\/\/info.sadowne.pl\/wp-content\/uploads\/2017\/07\/2017.07.29.7-180x130.jpg\" alt=\"\" width=\"180\" height=\"130\" \/><\/a>Na krzy\u017c\u00f3wkach, kilka metr\u00f3w przed wjazdem na drog\u0119 krajow\u0105 nr 50, skr\u0119camy w prawo, by wje\u017cd\u017caj\u0105c w ulic\u0119 Grunwaldzk\u0105 zobaczy\u0107 z lewej malowniczo po\u0142o\u017cony przedwojenny pensjonat &#8211; letnisko \u201eNa G\u00f3rce\u201d (zwiedza\u0107 nie mo\u017cna \u2013 obiekt prywatny, zamieszka\u0142y).<\/p>\n<p><a href=\"http:\/\/info.sadowne.pl\/wp-content\/uploads\/2017\/07\/2017.07.29.8.jpg\" target=\"_blank\" rel=\"noopener noreferrer\"><img loading=\"lazy\" decoding=\"async\" class=\"alignright wp-image-16366 size-thumbnail\" src=\"http:\/\/info.sadowne.pl\/wp-content\/uploads\/2017\/07\/2017.07.29.8-180x130.jpg\" alt=\"\" width=\"180\" height=\"130\" \/><\/a>Za nim, po prawej stronie naszej drogi, kolejna, umieszczona na starej so\u015bnie malutka kapliczka z Matk\u0105 Bosk\u0105. Jedziemy na wprost a\u017c do skrzy\u017cowania z ul. Ko\u015bciuszki. Za okaza\u0142ym metalowym krzy\u017cem skr\u0119camy w lewo i ju\u017c powinni\u015bmy w oddali zobaczy\u0107 nasz punkt docelowy i met\u0119 \u2013 Gminny O\u015brodek Kultury. Pokonali\u015bmy ponad 11\u00a0000 m na swoich bicyklach. Brawo!<\/p>\n<p><img loading=\"lazy\" decoding=\"async\" class=\"aligncenter wp-image-16370 size-full\" src=\"http:\/\/info.sadowne.pl\/wp-content\/uploads\/2017\/07\/2017.07.29.11.jpg\" alt=\"\" width=\"250\" height=\"250\" \/><\/p>\n<p><strong>GOK\/S\u0142awek Chyli\u0144ski<\/strong><\/p>\n","protected":false},"excerpt":{"rendered":"<p>Torfowisko \u201eKules\u201d i \u201eWydmy Zielenieckie\u201d.<\/p>\n","protected":false},"author":1,"featured_media":0,"comment_status":"closed","ping_status":"closed","sticky":false,"template":"","format":"standard","meta":{"footnotes":""},"categories":[5,906,7,2502],"tags":[1569,2511,2501,2512],"class_list":["post-16367","post","type-post","status-publish","format-standard","hentry","category-newsy","category-rekreacja","category-sport","category-trasy-rowerowe","tag-torfowisko-kules","tag-trasa-rowerowa-nr-2-sadowne","tag-wycieczki-rowerowe","tag-wydmy-zielenieckie"],"views":4174,"_links":{"self":[{"href":"https:\/\/info.sadowne.pl\/index.php?rest_route=\/wp\/v2\/posts\/16367","targetHints":{"allow":["GET"]}}],"collection":[{"href":"https:\/\/info.sadowne.pl\/index.php?rest_route=\/wp\/v2\/posts"}],"about":[{"href":"https:\/\/info.sadowne.pl\/index.php?rest_route=\/wp\/v2\/types\/post"}],"author":[{"embeddable":true,"href":"https:\/\/info.sadowne.pl\/index.php?rest_route=\/wp\/v2\/users\/1"}],"replies":[{"embeddable":true,"href":"https:\/\/info.sadowne.pl\/index.php?rest_route=%2Fwp%2Fv2%2Fcomments&post=16367"}],"version-history":[{"count":6,"href":"https:\/\/info.sadowne.pl\/index.php?rest_route=\/wp\/v2\/posts\/16367\/revisions"}],"predecessor-version":[{"id":23113,"href":"https:\/\/info.sadowne.pl\/index.php?rest_route=\/wp\/v2\/posts\/16367\/revisions\/23113"}],"wp:attachment":[{"href":"https:\/\/info.sadowne.pl\/index.php?rest_route=%2Fwp%2Fv2%2Fmedia&parent=16367"}],"wp:term":[{"taxonomy":"category","embeddable":true,"href":"https:\/\/info.sadowne.pl\/index.php?rest_route=%2Fwp%2Fv2%2Fcategories&post=16367"},{"taxonomy":"post_tag","embeddable":true,"href":"https:\/\/info.sadowne.pl\/index.php?rest_route=%2Fwp%2Fv2%2Ftags&post=16367"}],"curies":[{"name":"wp","href":"https:\/\/api.w.org\/{rel}","templated":true}]}}