{"id":16393,"date":"2017-08-03T18:17:11","date_gmt":"2017-08-03T16:17:11","guid":{"rendered":"http:\/\/info.sadowne.pl\/?p=16393"},"modified":"2017-08-03T18:17:11","modified_gmt":"2017-08-03T16:17:11","slug":"sadowianki-sadowne-3","status":"publish","type":"post","link":"https:\/\/info.sadowne.pl\/?p=16393","title":{"rendered":"Sadowianki &#8211; SADOWNE"},"content":{"rendered":"<p><strong><img loading=\"lazy\" decoding=\"async\" class=\"alignleft size-thumbnail wp-image-16394\" src=\"http:\/\/info.sadowne.pl\/wp-content\/uploads\/2017\/08\/sad314-180x130.jpg\" alt=\"\" width=\"180\" height=\"130\" \/>6 stycznia 2016 r.<\/strong><!--more--><\/p>\n<p><img loading=\"lazy\" decoding=\"async\" class=\"aligncenter size-full wp-image-16395\" src=\"http:\/\/info.sadowne.pl\/wp-content\/uploads\/2017\/08\/sad315.jpg\" alt=\"\" width=\"386\" height=\"61\" srcset=\"https:\/\/info.sadowne.pl\/wp-content\/uploads\/2017\/08\/sad315.jpg 386w, https:\/\/info.sadowne.pl\/wp-content\/uploads\/2017\/08\/sad315-300x47.jpg 300w\" sizes=\"auto, (max-width: 386px) 100vw, 386px\" \/><\/p>\n<p><img loading=\"lazy\" decoding=\"async\" class=\"aligncenter size-full wp-image-16396\" src=\"http:\/\/info.sadowne.pl\/wp-content\/uploads\/2017\/08\/sad316.jpg\" alt=\"\" width=\"580\" height=\"289\" srcset=\"https:\/\/info.sadowne.pl\/wp-content\/uploads\/2017\/08\/sad316.jpg 580w, https:\/\/info.sadowne.pl\/wp-content\/uploads\/2017\/08\/sad316-300x149.jpg 300w\" sizes=\"auto, (max-width: 580px) 100vw, 580px\" \/><\/p>\n<p><em><strong>Kiedy grudniowy wiatr najostrzej ch\u0142odzi,<\/strong><\/em><\/p>\n<p><em><strong>Kiedy hulaj\u0105 zadymki, zawieje,<\/strong><\/em><\/p>\n<p><em><strong>Gdy pod zaspami \u015bniegu \u015bwiat truchleje<\/strong><\/em><\/p>\n<p><em><strong>I jak najgorzej stworzeniu si\u0119 dzieje\u2026<\/strong><\/em><\/p>\n<p><em><strong>Nagle s\u0142yszymy ten nie do wiary okrzyk:<\/strong><\/em><\/p>\n<p><em><strong>B\u00f3g si\u0119 rodzi\u2026<\/strong><\/em><\/p>\n<p><em><strong>B\u00f3g zn\u00f3w nam si\u0119 rodzi\u2026<\/strong><\/em><\/p>\n<p><em><strong>A moc z\u0142a truchleje.<\/strong><\/em><\/p>\n<p><img loading=\"lazy\" decoding=\"async\" class=\"aligncenter size-full wp-image-16397\" src=\"http:\/\/info.sadowne.pl\/wp-content\/uploads\/2017\/08\/sad317.jpg\" alt=\"\" width=\"598\" height=\"398\" srcset=\"https:\/\/info.sadowne.pl\/wp-content\/uploads\/2017\/08\/sad317.jpg 598w, https:\/\/info.sadowne.pl\/wp-content\/uploads\/2017\/08\/sad317-300x200.jpg 300w\" sizes=\"auto, (max-width: 598px) 100vw, 598px\" \/><\/p>\n<p><strong>Tymi pi\u0119knymi s\u0142owami wypowiedzianymi przez Zbyszka Danaja nasz Zesp\u00f3\u0142 rozpocz\u0105\u0142 spotkanie z mieszka\u0144cami Sadownego<\/strong><\/p>\n<div id=\"attachment_16398\" style=\"width: 608px\" class=\"wp-caption aligncenter\"><img loading=\"lazy\" decoding=\"async\" aria-describedby=\"caption-attachment-16398\" class=\"wp-image-16398 size-full\" src=\"http:\/\/info.sadowne.pl\/wp-content\/uploads\/2017\/08\/sad318.jpg\" alt=\"\" width=\"598\" height=\"398\" srcset=\"https:\/\/info.sadowne.pl\/wp-content\/uploads\/2017\/08\/sad318.jpg 598w, https:\/\/info.sadowne.pl\/wp-content\/uploads\/2017\/08\/sad318-300x200.jpg 300w\" sizes=\"auto, (max-width: 598px) 100vw, 598px\" \/><p id=\"caption-attachment-16398\" class=\"wp-caption-text\">Krysia Wetoszka, Ania Chojecka, Basia Wr\u00f3bel, Bogusia Danaj, Tereska Biernat, Basia Decyk<\/p><\/div>\n<p>&nbsp;<\/p>\n<p>&nbsp;<\/p>\n<div id=\"attachment_16399\" style=\"width: 608px\" class=\"wp-caption aligncenter\"><img loading=\"lazy\" decoding=\"async\" aria-describedby=\"caption-attachment-16399\" class=\"wp-image-16399 size-full\" src=\"http:\/\/info.sadowne.pl\/wp-content\/uploads\/2017\/08\/sad319.jpg\" alt=\"\" width=\"598\" height=\"398\" srcset=\"https:\/\/info.sadowne.pl\/wp-content\/uploads\/2017\/08\/sad319.jpg 598w, https:\/\/info.sadowne.pl\/wp-content\/uploads\/2017\/08\/sad319-300x200.jpg 300w\" sizes=\"auto, (max-width: 598px) 100vw, 598px\" \/><p id=\"caption-attachment-16399\" class=\"wp-caption-text\">Bogusia Danaj, Tereska Biernat, Basia Decyk, Henia Kibart, Tereska Piwek, Monika Nozderka, Ala Bahniuk i Zbyszek Danaj<\/p><\/div>\n<p><img loading=\"lazy\" decoding=\"async\" class=\"aligncenter size-full wp-image-16400\" src=\"http:\/\/info.sadowne.pl\/wp-content\/uploads\/2017\/08\/sad320.jpg\" alt=\"\" width=\"460\" height=\"429\" srcset=\"https:\/\/info.sadowne.pl\/wp-content\/uploads\/2017\/08\/sad320.jpg 460w, https:\/\/info.sadowne.pl\/wp-content\/uploads\/2017\/08\/sad320-300x280.jpg 300w\" sizes=\"auto, (max-width: 460px) 100vw, 460px\" \/><\/p>\n<p>W rol\u0119 Matki Boskiej wcieli\u0142a si\u0119 \u015bliczna m\u0142oda dziewczynka <strong>Ola Piotrowska,<\/strong> rol\u0119 \u015bw. J\u00f3zefa odgrywa\u0142 \u2013 <strong>Pawe\u0142 Kalbarczyk.\u00a0<\/strong>Pi\u0119knie ubrani w niebia\u0144skie szaty Matka Boska tul\u0105ca Dzieci\u0105tko i \u015bw. J\u00f3zef tworzyli \u015awi\u0119t\u0105 Rodzin\u0119.<\/p>\n<p><img loading=\"lazy\" decoding=\"async\" class=\"aligncenter size-medium wp-image-16401\" src=\"http:\/\/info.sadowne.pl\/wp-content\/uploads\/2017\/08\/sad321-300x204.jpg\" alt=\"\" width=\"300\" height=\"204\" srcset=\"https:\/\/info.sadowne.pl\/wp-content\/uploads\/2017\/08\/sad321-300x204.jpg 300w, https:\/\/info.sadowne.pl\/wp-content\/uploads\/2017\/08\/sad321.jpg 600w\" sizes=\"auto, (max-width: 300px) 100vw, 300px\" \/><\/p>\n<p><img loading=\"lazy\" decoding=\"async\" class=\"aligncenter size-full wp-image-16402\" src=\"http:\/\/info.sadowne.pl\/wp-content\/uploads\/2017\/08\/sad322.jpg\" alt=\"\" width=\"318\" height=\"159\" srcset=\"https:\/\/info.sadowne.pl\/wp-content\/uploads\/2017\/08\/sad322.jpg 318w, https:\/\/info.sadowne.pl\/wp-content\/uploads\/2017\/08\/sad322-300x150.jpg 300w\" sizes=\"auto, (max-width: 318px) 100vw, 318px\" \/><\/p>\n<div id=\"attachment_16403\" style=\"width: 304px\" class=\"wp-caption aligncenter\"><img loading=\"lazy\" decoding=\"async\" aria-describedby=\"caption-attachment-16403\" class=\"wp-image-16403 size-full\" src=\"http:\/\/info.sadowne.pl\/wp-content\/uploads\/2017\/08\/sad323.jpg\" alt=\"\" width=\"294\" height=\"339\" srcset=\"https:\/\/info.sadowne.pl\/wp-content\/uploads\/2017\/08\/sad323.jpg 294w, https:\/\/info.sadowne.pl\/wp-content\/uploads\/2017\/08\/sad323-260x300.jpg 260w\" sizes=\"auto, (max-width: 294px) 100vw, 294px\" \/><p id=\"caption-attachment-16403\" class=\"wp-caption-text\">Marta Szymanik \u2013 Anio\u0142ek, Micha\u0142 Wojciechowski \u2013 Pastuszek<\/p><\/div>\n<p><img loading=\"lazy\" decoding=\"async\" class=\"alignleft size-full wp-image-16404\" src=\"http:\/\/info.sadowne.pl\/wp-content\/uploads\/2017\/08\/sad324.jpg\" alt=\"\" width=\"222\" height=\"227\" \/>Stroje dla Trzech Kr\u00f3li, \u015bw. J\u00f3zefa i pastuszka przygotowa\u0142a nasza kole\u017canka <strong>Marysia Szymanik.<\/strong><\/p>\n<div id=\"attachment_16405\" style=\"width: 323px\" class=\"wp-caption aligncenter\"><img loading=\"lazy\" decoding=\"async\" aria-describedby=\"caption-attachment-16405\" class=\"wp-image-16405 size-full\" src=\"http:\/\/info.sadowne.pl\/wp-content\/uploads\/2017\/08\/sad325.jpg\" alt=\"\" width=\"313\" height=\"396\" srcset=\"https:\/\/info.sadowne.pl\/wp-content\/uploads\/2017\/08\/sad325.jpg 313w, https:\/\/info.sadowne.pl\/wp-content\/uploads\/2017\/08\/sad325-237x300.jpg 237w\" sizes=\"auto, (max-width: 313px) 100vw, 313px\" \/><p id=\"caption-attachment-16405\" class=\"wp-caption-text\">Trzej Kr\u00f3lowie &#8211; Mateusz Borowy, Wojtek Piotrowski, Maciek Szymanik<\/p><\/div>\n<p>Przez godzin\u0119 zesp\u00f3\u0142 \u015bpiewa\u0142 znane wszystkim kol\u0119dy, kt\u00f3re przeplata\u0142 pi\u0119knymi bo\u017conarodzeniowymi wierszami Leopolda Staffa, ks. Jana Twardowskiego, Jerzego G\u00f3rnickiego, Mariana Hemara, Tadeusza Kubiaka, Wandy Chotomskiej i Emilii Wa\u015bniowskiej. S\u0142owa naszych poet\u00f3w opisywa\u0142y przyj\u015bcie Pana i rado\u015b\u0107 oczekuj\u0105cych go wiernych, nios\u0142y pok\u00f3j ludziom dobrej woli, przes\u0142anie w postaci \u017cycze\u0144 na nowy 2016 rok.<\/p>\n<p><img loading=\"lazy\" decoding=\"async\" class=\"aligncenter size-thumbnail wp-image-16406\" src=\"http:\/\/info.sadowne.pl\/wp-content\/uploads\/2017\/08\/sad326-180x130.jpg\" alt=\"\" width=\"180\" height=\"130\" \/><\/p>\n<p>&nbsp;<\/p>\n<div id=\"attachment_16407\" style=\"width: 608px\" class=\"wp-caption aligncenter\"><img loading=\"lazy\" decoding=\"async\" aria-describedby=\"caption-attachment-16407\" class=\"wp-image-16407 size-full\" src=\"http:\/\/info.sadowne.pl\/wp-content\/uploads\/2017\/08\/sad327.jpg\" alt=\"\" width=\"598\" height=\"398\" srcset=\"https:\/\/info.sadowne.pl\/wp-content\/uploads\/2017\/08\/sad327.jpg 598w, https:\/\/info.sadowne.pl\/wp-content\/uploads\/2017\/08\/sad327-300x200.jpg 300w\" sizes=\"auto, (max-width: 598px) 100vw, 598px\" \/><p id=\"caption-attachment-16407\" class=\"wp-caption-text\">Andrzej Olton (akordeon) i zesp\u00f3\u0142 w ca\u0142ej okaza\u0142o\u015bci<\/p><\/div>\n<p><img loading=\"lazy\" decoding=\"async\" class=\"aligncenter size-full wp-image-16408\" src=\"http:\/\/info.sadowne.pl\/wp-content\/uploads\/2017\/08\/sad328.jpg\" alt=\"\" width=\"598\" height=\"398\" srcset=\"https:\/\/info.sadowne.pl\/wp-content\/uploads\/2017\/08\/sad328.jpg 598w, https:\/\/info.sadowne.pl\/wp-content\/uploads\/2017\/08\/sad328-300x200.jpg 300w\" sizes=\"auto, (max-width: 598px) 100vw, 598px\" \/><\/p>\n<p>Dzieci \u2013 arty\u015bci odgrywaj\u0105cy role biblijnych postaci. Ola Piotrowska, Pawe\u0142 Kalbarczyk, Marta Szymanik, Micha\u0142 Wojciechowski, Mateusz Borowy, Wojtek Piotrowski i Maciek Szymanik.<\/p>\n<p><strong>\u00a0<img loading=\"lazy\" decoding=\"async\" class=\"aligncenter size-full wp-image-16409\" src=\"http:\/\/info.sadowne.pl\/wp-content\/uploads\/2017\/08\/sad329.jpg\" alt=\"\" width=\"598\" height=\"398\" srcset=\"https:\/\/info.sadowne.pl\/wp-content\/uploads\/2017\/08\/sad329.jpg 598w, https:\/\/info.sadowne.pl\/wp-content\/uploads\/2017\/08\/sad329-300x200.jpg 300w\" sizes=\"auto, (max-width: 598px) 100vw, 598px\" \/><\/strong><\/p>\n<p>Ostatni\u0105 kol\u0119d\u0119 <strong>,,B\u00f3g si\u0119 rodzi\u201d<\/strong> dla podkre\u015blenia podnios\u0142o\u015bci chwili zesp\u00f3\u0142 i widzowie za\u015bpiewali stoj\u0105c.<\/p>\n<p><img loading=\"lazy\" decoding=\"async\" class=\"aligncenter size-full wp-image-16410\" src=\"http:\/\/info.sadowne.pl\/wp-content\/uploads\/2017\/08\/sad330.jpg\" alt=\"\" width=\"400\" height=\"400\" srcset=\"https:\/\/info.sadowne.pl\/wp-content\/uploads\/2017\/08\/sad330.jpg 400w, https:\/\/info.sadowne.pl\/wp-content\/uploads\/2017\/08\/sad330-300x300.jpg 300w\" sizes=\"auto, (max-width: 400px) 100vw, 400px\" \/><\/p>\n<p><strong>Tego samego dnia wieczorem na infosadowne przeczytali\u015bmy o naszym widowisku bardzo pochlebne s\u0142owa p. S\u0142awomira Chyli\u0144skiego:<\/strong> &#8211; <strong>,,Jak zawsze, \u201eSadowianki\u201d zachwyca\u0142y wykonaniem przygotowanego repertuaru, w kt\u00f3rym mia\u0142a te\u017c sw\u00f3j udzia\u0142 wt\u00f3ruj\u0105ca im cz\u0119\u015b\u0107 widowni, ale pochwa\u0142y nale\u017c\u0105 si\u0119 te\u017c innym artystom \u2013 dzieciom, kt\u00f3re odgrywa\u0142y role biblijnych os\u00f3b czuwaj\u0105cych przy Dzieci\u0105tku\u201d. Dzi\u0119kujemy!!!<\/strong><\/p>\n<p>Podsumowaniem tego spotkania by\u0142y \u017cyczenia od naszej ekipy skierowane do ca\u0142ej widowni a przekazane przez kierownik zespo\u0142u Krysi\u0119 Wetoszka.<\/p>\n<p><strong>Spotkanie przeplatane wierszami i znanymi kol\u0119dami toczy\u0142o si\u0119 w mi\u0142ej prawie rodzinnej atmosferze. <\/strong><\/p>\n<p><img loading=\"lazy\" decoding=\"async\" class=\"aligncenter size-medium wp-image-16411\" src=\"http:\/\/info.sadowne.pl\/wp-content\/uploads\/2017\/08\/sad331-300x165.jpg\" alt=\"\" width=\"300\" height=\"165\" srcset=\"https:\/\/info.sadowne.pl\/wp-content\/uploads\/2017\/08\/sad331-300x165.jpg 300w, https:\/\/info.sadowne.pl\/wp-content\/uploads\/2017\/08\/sad331.jpg 600w\" sizes=\"auto, (max-width: 300px) 100vw, 300px\" \/><strong>\u0141OCH\u00d3W &#8211;\u00a0<\/strong><strong>10 stycznia 2016 roku \u2013 WO\u015aP<\/strong><\/p>\n<p><strong>\u00a0<img loading=\"lazy\" decoding=\"async\" class=\"aligncenter size-full wp-image-16412\" src=\"http:\/\/info.sadowne.pl\/wp-content\/uploads\/2017\/08\/sad332.jpg\" alt=\"\" width=\"256\" height=\"241\" \/><\/strong>Ju\u017c po raz kolejny gra\u0142a Wielka Orkiestra \u015awi\u0105tecznej Pomocy. W tym roku WO\u015aP zbiera\u0142a pieni\u0105dze na pediatri\u0119 i dla senior\u00f3w. Na ulice Polski wysz\u0142o 120 tys. wolontariuszy z puszkami, ale tak\u017ce z terminalami do kart p\u0142atniczych. WO\u015aP mo\u017cna by\u0142o wspiera\u0107 m.in. za po\u015brednictwem Internetu (wirtualne serce, portale charytatywne), SMS-\u00f3w oraz przelew\u00f3w na konto.<\/p>\n<p>W ca\u0142ej Polsce rozb\u0142ys\u0142y \u015bwiate\u0142ka do nieba. Na koncie Orkiestry w tym roku jest ponad 44 mln z\u0142.<\/p>\n<p>Z tej to w\u0142a\u015bnie okazji <strong>SADOWIANKI<\/strong> \u015bpiewa\u0142y w s\u0105siaduj\u0105cej z nami gminie \u0141och\u00f3w a konkretnie w Miejskim Domu Kultury w \u0141ochowie .<\/p>\n<div id=\"attachment_16413\" style=\"width: 607px\" class=\"wp-caption aligncenter\"><img loading=\"lazy\" decoding=\"async\" aria-describedby=\"caption-attachment-16413\" class=\"wp-image-16413 size-full\" src=\"http:\/\/info.sadowne.pl\/wp-content\/uploads\/2017\/08\/sad333.jpg\" alt=\"\" width=\"597\" height=\"306\" srcset=\"https:\/\/info.sadowne.pl\/wp-content\/uploads\/2017\/08\/sad333.jpg 597w, https:\/\/info.sadowne.pl\/wp-content\/uploads\/2017\/08\/sad333-300x154.jpg 300w\" sizes=\"auto, (max-width: 597px) 100vw, 597px\" \/><p id=\"caption-attachment-16413\" class=\"wp-caption-text\">SADOWIANKI w \u0141ochowie<\/p><\/div>\n<div id=\"attachment_16414\" style=\"width: 602px\" class=\"wp-caption aligncenter\"><img loading=\"lazy\" decoding=\"async\" aria-describedby=\"caption-attachment-16414\" class=\"wp-image-16414 size-full\" src=\"http:\/\/info.sadowne.pl\/wp-content\/uploads\/2017\/08\/sad334.jpg\" alt=\"\" width=\"592\" height=\"316\" srcset=\"https:\/\/info.sadowne.pl\/wp-content\/uploads\/2017\/08\/sad334.jpg 592w, https:\/\/info.sadowne.pl\/wp-content\/uploads\/2017\/08\/sad334-300x160.jpg 300w\" sizes=\"auto, (max-width: 592px) 100vw, 592px\" \/><p id=\"caption-attachment-16414\" class=\"wp-caption-text\">SADOWIANKI w Ko\u0142odzi\u0105\u017cu<\/p><\/div>\n<p>&nbsp;<\/p>\n<p>Tego samego dnia <strong>SADOWIANKI<\/strong> \u015bpiewa\u0142y w <strong>Ko\u0142odzi\u0105\u017cu,<\/strong> gdzie po raz kolejny w naszej gminie zagra\u0142a WO\u015aP. Opr\u00f3cz bezpo\u015bredniej zbi\u00f3rki pieni\u0119dzy do puszek, odby\u0142a si\u0119 licytacja, kt\u00f3ra r\u00f3wnie\u017c da\u0142a pewn\u0105 kwot\u0119. Najwi\u0119kszym zainteresowaniem cieszy\u0142a si\u0119 licytacja o honorowy Urz\u0105d W\u00f3jta Gminy Sadowne.<\/p>\n<p>Wszystkim uczestnikom towarzyszy\u0142a dobra zabawa. Zwie\u0144czeniem fina\u0142u by\u0142o wys\u0142anie \u015bwiate\u0142ka do nieba.<\/p>\n<p><img loading=\"lazy\" decoding=\"async\" class=\"aligncenter size-medium wp-image-16415\" src=\"http:\/\/info.sadowne.pl\/wp-content\/uploads\/2017\/08\/sad335-300x275.jpg\" alt=\"\" width=\"300\" height=\"275\" srcset=\"https:\/\/info.sadowne.pl\/wp-content\/uploads\/2017\/08\/sad335-300x275.jpg 300w, https:\/\/info.sadowne.pl\/wp-content\/uploads\/2017\/08\/sad335.jpg 500w\" sizes=\"auto, (max-width: 300px) 100vw, 300px\" \/><\/p>\n<p><strong>SADOWNE<\/strong><\/p>\n<p><strong>SADOLE\u015a \u2013 ITAMED &#8211; 18 stycznia 2016 r.<\/strong><\/p>\n<p><em>W\u00a02014 roku, na malowniczej dwuh<\/em><em>ektarowej dzia\u0142ce, stworzony zosta\u0142<\/em><em> nowoczesny obiekt bez barier architektonicznych, kt\u00f3ry posiada wszelkie udogodnienia dla ludzi starszych, chorych i\u00a0niepe\u0142nosprawnych, wymagaj\u0105cych profesjonalnej ca\u0142odobowej opieki.<\/em><\/p>\n<p><em>ITAMED\u00a0to Centrum Opieku\u0144czo<\/em> <em>&#8211;<\/em> <em>Rehabilitacyjne, po\u0142o\u017cone w\u00a0otulinie Nadbu\u017ca\u0144skiego Parku Krajobrazowego, w\u00a0urokliwej wsi Sadole\u015b, jedynie 75 km od Warszawy.<\/em><\/p>\n<p><em>Pi\u0119kne otoczenie i\u00a0rozleg\u0142y park zach\u0119caj\u0105 i\u00a0motywuj\u0105 Pensjonariuszy do aktywnego sp\u0119dzania czasu na \u015bwie\u017cym powietrzu. Wysoki poziom, jako\u015bci \u017cycia zapewnia r\u00f3wnie\u017c profesjonalna rehabilitacja. <\/em><\/p>\n<div id=\"attachment_16416\" style=\"width: 438px\" class=\"wp-caption aligncenter\"><img loading=\"lazy\" decoding=\"async\" aria-describedby=\"caption-attachment-16416\" class=\"wp-image-16416 size-full\" src=\"http:\/\/info.sadowne.pl\/wp-content\/uploads\/2017\/08\/sad336.jpg\" alt=\"\" width=\"428\" height=\"530\" srcset=\"https:\/\/info.sadowne.pl\/wp-content\/uploads\/2017\/08\/sad336.jpg 428w, https:\/\/info.sadowne.pl\/wp-content\/uploads\/2017\/08\/sad336-242x300.jpg 242w\" sizes=\"auto, (max-width: 428px) 100vw, 428px\" \/><p id=\"caption-attachment-16416\" class=\"wp-caption-text\">SADOWIANKI \u015bpiewa\u0142y dla pensjonariuszy<\/p><\/div>\n<p>&nbsp;<\/p>\n<p><strong>\u0179r\u00f3d\u0142o:<\/strong>\u00a0SADOWIANKI, Barbara Wr\u00f3bel, Sadowne 2017 (kronika dost\u0119pna w zbiorach GOK Sadowne)<\/p>\n<p>&nbsp;<\/p>\n","protected":false},"excerpt":{"rendered":"<p>6 stycznia 2016 r.<\/p>\n","protected":false},"author":1,"featured_media":0,"comment_status":"closed","ping_status":"closed","sticky":false,"template":"","format":"standard","meta":{"footnotes":""},"categories":[5,31,1202],"tags":[101,1217,960],"class_list":["post-16393","post","type-post","status-publish","format-standard","hentry","category-newsy","category-historia-gminy","category-zespol-spiewaczy-sadowianki","tag-historia-gminy-sadowne","tag-sadowianki","tag-zespol-spiewaczy-sadowianki"],"views":3221,"_links":{"self":[{"href":"https:\/\/info.sadowne.pl\/index.php?rest_route=\/wp\/v2\/posts\/16393","targetHints":{"allow":["GET"]}}],"collection":[{"href":"https:\/\/info.sadowne.pl\/index.php?rest_route=\/wp\/v2\/posts"}],"about":[{"href":"https:\/\/info.sadowne.pl\/index.php?rest_route=\/wp\/v2\/types\/post"}],"author":[{"embeddable":true,"href":"https:\/\/info.sadowne.pl\/index.php?rest_route=\/wp\/v2\/users\/1"}],"replies":[{"embeddable":true,"href":"https:\/\/info.sadowne.pl\/index.php?rest_route=%2Fwp%2Fv2%2Fcomments&post=16393"}],"version-history":[{"count":2,"href":"https:\/\/info.sadowne.pl\/index.php?rest_route=\/wp\/v2\/posts\/16393\/revisions"}],"predecessor-version":[{"id":16418,"href":"https:\/\/info.sadowne.pl\/index.php?rest_route=\/wp\/v2\/posts\/16393\/revisions\/16418"}],"wp:attachment":[{"href":"https:\/\/info.sadowne.pl\/index.php?rest_route=%2Fwp%2Fv2%2Fmedia&parent=16393"}],"wp:term":[{"taxonomy":"category","embeddable":true,"href":"https:\/\/info.sadowne.pl\/index.php?rest_route=%2Fwp%2Fv2%2Fcategories&post=16393"},{"taxonomy":"post_tag","embeddable":true,"href":"https:\/\/info.sadowne.pl\/index.php?rest_route=%2Fwp%2Fv2%2Ftags&post=16393"}],"curies":[{"name":"wp","href":"https:\/\/api.w.org\/{rel}","templated":true}]}}