{"id":16420,"date":"2017-08-05T21:56:50","date_gmt":"2017-08-05T19:56:50","guid":{"rendered":"http:\/\/info.sadowne.pl\/?p=16420"},"modified":"2020-04-24T14:05:21","modified_gmt":"2020-04-24T12:05:21","slug":"sobota-w-zlotkach","status":"publish","type":"post","link":"https:\/\/info.sadowne.pl\/?p=16420","title":{"rendered":"Sobota w Z\u0142otkach"},"content":{"rendered":"<p><strong><img loading=\"lazy\" decoding=\"async\" class=\"alignleft size-thumbnail wp-image-16421\" src=\"http:\/\/info.sadowne.pl\/wp-content\/uploads\/2017\/08\/2017.08.05.1-180x130.jpg\" alt=\"\" width=\"180\" height=\"130\" \/>Po raz kolejny mieli\u015bmy okazj\u0119 \u015bwi\u0119towa\u0107 w Z\u0142otkach. Tym razem by\u0142 to Piknik Wakacyjny.<\/strong><!--more--><\/p>\n<p>W sobotnie popo\u0142udnie 5 sierpnia zape\u0142ni\u0142 si\u0119 plac przy posesji Pani So\u0142tys w Z\u0142otkach. Mieszka\u0144cy wsi i przybyli go\u015bcie rozpocz\u0119li tu spotkanie integracyjne w ramach Pikniku Wakacyjnego.<\/p>\n<p>Przy dobrej pogodzie i muzyce, kt\u00f3r\u0105 serwowa\u0142 DJ Matek, uczestnicy imprezy mogli skosztowa\u0107 s\u0142odkich specja\u0142\u00f3w i grillowanych kie\u0142basek, a najm\u0142odsi ch\u0119tnie korzystali z przygotowanego na t\u0119 okazj\u0119 weso\u0142ego miasteczka. By\u0142y te\u017c pokazy stra\u017cackie, tak\u017ce pierwsza pomoc prezentowana przez strzelc\u00f3w oraz r\u00f3\u017cnorodne gry i zabawy, a tak\u017ce malowanie twarzy dla wszystkich ch\u0119tnych i wiele innych atrakcji. Przed wieczorem zago\u015bci\u0142y te\u017c w Z\u0142otkach \u201eSadowianki\u201d.<\/p>\n<p>Jak zaplanowali Organizatorzy Pikniku &#8211; Rada So\u0142ecka z Pani\u0105 So\u0142tys Ma\u0142gorzat \u0105 Lipk\u0105-Bartosik oraz Stowarzyszenie Rozwoju Wsi Z\u0142otki \u2013 ca\u0142kowity doch\u00f3d z Pikniku przeznaczony b\u0119dzie na dodatkowe wyposa\u017cenie miejscowego placu zabaw. I to jest w\u0142a\u015bciwy cel, a dodatkowo\u2026 integracja lokalnej spo\u0142eczno\u015bci i odskocznia od problem\u00f3w \u017cycia codziennego.<\/p>\n<p>Brawa dla Organizator\u00f3w tej imprezy. By\u0142 to \u201estrza\u0142 w dziesi\u0105tk\u0119\u201d i nie pierwszy raz. O innych imprezach w Z\u0142otkach, kt\u00f3re jak zawsze s\u0105 dobrze przygotowane i trafiaj\u0105 w oczekiwania mieszka\u0144c\u00f3w, pisali\u015bmy wcze\u015bniej na naszych \u0142amach. Mamy nadziej\u0119, \u017ce ten zapa\u0142 do tego typu dzia\u0142a\u0144, kt\u00f3ry wyr\u00f3\u017cnia Z\u0142otki po\u015br\u00f3d miejscowo\u015bci Naszej Gminy, nigdy nie zejdzie do ni\u017cszego poziomu.<\/p>\n<p>Tym razem r\u00f3wnie\u017c by\u0142o \u015bwietnie i czekamy na wi\u0119cej, a Organizatorzy pragn\u0105 przy tej okazji podzi\u0119kowa\u0107 mieszka\u0144com wsi Z\u0142otki, a tak\u017ce zawsze uczynnym stra\u017cakom z Ochotniczej Stra\u017cy Po\u017carnej w Sok\u00f3\u0142ce, strzelcom z Jednostki Strzeleckiej 5001 im. Dywizjonu Huzar\u00f3w \u015amierci, Gminnemu O\u015brodkowi Kultury w Sadownem oraz Paniom: Ewie Nowak i Monice Karczmarczyk za bezcenne wsparcie.<\/p>\n<p><a href=\"https:\/\/photos.app.goo.gl\/qv8KFmej4AgJuWsa9\" target=\"_blank\" rel=\"noopener noreferrer\"><span style=\"color: #0000ff;\"><strong>Zdj\u0119cia w galerii Google&gt;&gt;&gt;<\/strong><\/span><\/a><\/p>\n<p><strong>Tekst\/foto:<\/strong> S\u0142awek Chyli\u0144ski<\/p>\n","protected":false},"excerpt":{"rendered":"<p>Po raz kolejny mieli\u015bmy okazj\u0119 \u015bwi\u0119towa\u0107 w Z\u0142otkach. Tym razem by\u0142 to Piknik Wakacyjny.<\/p>\n","protected":false},"author":1,"featured_media":0,"comment_status":"closed","ping_status":"closed","sticky":false,"template":"","format":"standard","meta":{"footnotes":""},"categories":[5,41],"tags":[2102,2508,1658,2095],"class_list":["post-16420","post","type-post","status-publish","format-standard","hentry","category-newsy","category-wiesci-gminne","tag-malgorzata-lipka-bartosik","tag-piknik-wakacyjny-2017-w-zlotkach","tag-rada-solecka-wsi-zlotki","tag-stowarzyszenie-rozwoju-wsi-zlotki"],"views":2832,"_links":{"self":[{"href":"https:\/\/info.sadowne.pl\/index.php?rest_route=\/wp\/v2\/posts\/16420","targetHints":{"allow":["GET"]}}],"collection":[{"href":"https:\/\/info.sadowne.pl\/index.php?rest_route=\/wp\/v2\/posts"}],"about":[{"href":"https:\/\/info.sadowne.pl\/index.php?rest_route=\/wp\/v2\/types\/post"}],"author":[{"embeddable":true,"href":"https:\/\/info.sadowne.pl\/index.php?rest_route=\/wp\/v2\/users\/1"}],"replies":[{"embeddable":true,"href":"https:\/\/info.sadowne.pl\/index.php?rest_route=%2Fwp%2Fv2%2Fcomments&post=16420"}],"version-history":[{"count":3,"href":"https:\/\/info.sadowne.pl\/index.php?rest_route=\/wp\/v2\/posts\/16420\/revisions"}],"predecessor-version":[{"id":23111,"href":"https:\/\/info.sadowne.pl\/index.php?rest_route=\/wp\/v2\/posts\/16420\/revisions\/23111"}],"wp:attachment":[{"href":"https:\/\/info.sadowne.pl\/index.php?rest_route=%2Fwp%2Fv2%2Fmedia&parent=16420"}],"wp:term":[{"taxonomy":"category","embeddable":true,"href":"https:\/\/info.sadowne.pl\/index.php?rest_route=%2Fwp%2Fv2%2Fcategories&post=16420"},{"taxonomy":"post_tag","embeddable":true,"href":"https:\/\/info.sadowne.pl\/index.php?rest_route=%2Fwp%2Fv2%2Ftags&post=16420"}],"curies":[{"name":"wp","href":"https:\/\/api.w.org\/{rel}","templated":true}]}}