{"id":16455,"date":"2017-08-06T16:21:17","date_gmt":"2017-08-06T14:21:17","guid":{"rendered":"http:\/\/info.sadowne.pl\/?p=16455"},"modified":"2020-04-24T14:03:30","modified_gmt":"2020-04-24T12:03:30","slug":"wicher-i-tak-gora","status":"publish","type":"post","link":"https:\/\/info.sadowne.pl\/?p=16455","title":{"rendered":"Wicher i tak g\u00f3r\u0105"},"content":{"rendered":"<p><strong><img loading=\"lazy\" decoding=\"async\" class=\"alignleft size-thumbnail wp-image-16456\" src=\"http:\/\/info.sadowne.pl\/wp-content\/uploads\/2017\/08\/2017.08.06.2-180x130.jpg\" alt=\"\" width=\"180\" height=\"130\" \/>Zwyci\u0119stwem zawodnik\u00f3w Wichra z dru\u017cyny REM-BUD zako\u0144czy\u0142 si\u0119 III Memoria\u0142 Szymka Oltona w Sadownem.<\/strong><!--more--><\/p>\n<p>By\u0142a to ju\u017c trzecia ods\u0142ona Memoria\u0142u Szymka Oltona, kt\u00f3rym zawodnicy Klubu Sportowego WICHER Sadowne czcz\u0105 pami\u0119\u0107 tragicznie zmar\u0142ego przed kilku laty kolegi ze swojego Klubu. Memoria\u0142 sta\u0142 si\u0119 cykliczn\u0105 imprez\u0105 w Sadownem i odbywa si\u0119 zawsze w sierpniu. Tym razem, 6 sierpnia wzi\u0119li w nim udzia\u0142 wy\u0142\u0105cznie zawodnicy KS \u201eWicher\u201d \u2013 tak si\u0119 z\u0142o\u017cy\u0142o.<\/p>\n<p>Na pocz\u0105tku otwarcie i ciep\u0142e s\u0142owa dla rodziny Szymka, minuta ciszy i zapalenie symbolicznego znicza. Potem\u2026 trzy dru\u017cyny pi\u0142ki no\u017cnej przyst\u0105pi\u0142y do bratob\u00f3jczej , \u201emi\u0119dzywichrowej\u201d walki. System ka\u017cdy z ka\u017cdym i p\u00f3\u0142godzinne mecze, efektem kt\u00f3rych by\u0142a poni\u017csza klasyfikacja:<\/p>\n<p>&#8211; I miejsce \u2013 REM-BUD<\/p>\n<p>&#8211; II miejsce \u2013 WICHER Juniorzy<\/p>\n<p>&#8211; III miejsce \u2013 WICHER Seniorzy.<\/p>\n<p>Najlepszym strzelcem Turnieju wybrano Piotra Sadowskiego, najlepszym bramkarzem \u2013 Micha\u0142a Podg\u00f3rskiego, a najlepszym zawodnikiem \u2013 Przemys\u0142awa Dzieci\u0105tko.<\/p>\n<p>Organizatorami Turnieju byli: Klub Sportowy WICHER Sadowne, Urz\u0105d Gminy Sadowne, Gminny O\u015brodek Kultury w Sadownem i Zarz\u0105d Wojew\u00f3dztwa Mazowieckiego, a w ich imieniu puchary i pami\u0105tkowe medale wr\u0119czyli: p. Jan Olton \u2013 ojciec Szymka, p. Ewa Pi\u00f3rkowska z GOK Sadowne oraz p. Emil Filipiak i p. Sebastian Kowalczyk z KS \u201eWicher\u201d Sadowne.<\/p>\n<p><strong>Organizatorzy dzi\u0119kuj\u0105 zawodnikom za udzia\u0142 w Memoriale, a kibicom za doping. Jednocze\u015bnie zapraszaj\u0105 na kolejny, czwarty ju\u017c Memoria\u0142, kt\u00f3ry odb\u0119dzie si\u0119 w przysz\u0142ym roku.<\/strong><\/p>\n<p><a href=\"https:\/\/photos.app.goo.gl\/JqKkiyhM1qStktSMA\" target=\"_blank\" rel=\"noopener noreferrer\"><span style=\"color: #0000ff;\"><strong>Zdj\u0119cia w galerii Google&gt;&gt;&gt;<\/strong><\/span><\/a><\/p>\n<p><strong>Tekst\/foto:<\/strong> S\u0142awek Chyli\u0144ski<\/p>\n","protected":false},"excerpt":{"rendered":"<p>Zwyci\u0119stwem zawodnik\u00f3w Wichra z dru\u017cyny REM-BUD zako\u0144czy\u0142 si\u0119 III Memoria\u0142 Szymka Oltona w Sadownem.<\/p>\n","protected":false},"author":1,"featured_media":0,"comment_status":"closed","ping_status":"closed","sticky":false,"template":"","format":"standard","meta":{"footnotes":""},"categories":[5,2136,7],"tags":[169,2510,1161,142],"class_list":["post-16455","post","type-post","status-publish","format-standard","hentry","category-newsy","category-pilka-nozna","category-sport","tag-gminny-osrodek-kultury-w-sadownem","tag-iii-memorial-szymka-oltona-w-sadownem","tag-klub-sportowy-wicher-sadowne","tag-urzad-gminy-sadowne"],"views":2896,"_links":{"self":[{"href":"https:\/\/info.sadowne.pl\/index.php?rest_route=\/wp\/v2\/posts\/16455","targetHints":{"allow":["GET"]}}],"collection":[{"href":"https:\/\/info.sadowne.pl\/index.php?rest_route=\/wp\/v2\/posts"}],"about":[{"href":"https:\/\/info.sadowne.pl\/index.php?rest_route=\/wp\/v2\/types\/post"}],"author":[{"embeddable":true,"href":"https:\/\/info.sadowne.pl\/index.php?rest_route=\/wp\/v2\/users\/1"}],"replies":[{"embeddable":true,"href":"https:\/\/info.sadowne.pl\/index.php?rest_route=%2Fwp%2Fv2%2Fcomments&post=16455"}],"version-history":[{"count":3,"href":"https:\/\/info.sadowne.pl\/index.php?rest_route=\/wp\/v2\/posts\/16455\/revisions"}],"predecessor-version":[{"id":23110,"href":"https:\/\/info.sadowne.pl\/index.php?rest_route=\/wp\/v2\/posts\/16455\/revisions\/23110"}],"wp:attachment":[{"href":"https:\/\/info.sadowne.pl\/index.php?rest_route=%2Fwp%2Fv2%2Fmedia&parent=16455"}],"wp:term":[{"taxonomy":"category","embeddable":true,"href":"https:\/\/info.sadowne.pl\/index.php?rest_route=%2Fwp%2Fv2%2Fcategories&post=16455"},{"taxonomy":"post_tag","embeddable":true,"href":"https:\/\/info.sadowne.pl\/index.php?rest_route=%2Fwp%2Fv2%2Ftags&post=16455"}],"curies":[{"name":"wp","href":"https:\/\/api.w.org\/{rel}","templated":true}]}}