{"id":16491,"date":"2017-08-13T18:26:53","date_gmt":"2017-08-13T16:26:53","guid":{"rendered":"http:\/\/info.sadowne.pl\/?p=16491"},"modified":"2020-04-24T13:17:56","modified_gmt":"2020-04-24T11:17:56","slug":"iii-retro-moto-show","status":"publish","type":"post","link":"https:\/\/info.sadowne.pl\/?p=16491","title":{"rendered":"III Retro Moto Show"},"content":{"rendered":"<p><strong><img loading=\"lazy\" decoding=\"async\" class=\"alignleft size-thumbnail wp-image-16492\" src=\"http:\/\/info.sadowne.pl\/wp-content\/uploads\/2017\/08\/2017.08.13.1-180x130.jpg\" alt=\"\" width=\"180\" height=\"130\" \/>Ju\u017c po raz trzeci Sadowne go\u015bci\u0142o u siebie mi\u0142o\u015bnik\u00f3w starych, ale jeszcze na chodzie, pojazd\u00f3w.<\/strong><!--more--><\/p>\n<p>13 sierpnia na skwerku przy Urz\u0119dzie Gminy w Sadownem odby\u0142o si\u0119 III Retro Moto Show. Impreza odbywa\u0142a si\u0119 z inicjatywy pp. Tomasza Ga\u0142\u0105zki i \u0141ukasza Kami\u0144skiego, a pod patronatem W\u00f3jta Gminy Sadowne p. Waldemara Cyrana.<\/p>\n<p>Na spotkanie stawi\u0142o si\u0119 kilkudziesi\u0119ciu mi\u0142o\u015bnik\u00f3w pojazd\u00f3w, kt\u00f3re prze\u017cy\u0142y ju\u017c swoj\u0105 m\u0142odo\u015b\u0107, ale nadal wykazuj\u0105 si\u0119 pe\u0142n\u0105 sprawno\u015bci\u0105. Po\u015br\u00f3d nich gro stanowi\u0142y motocykle, samochody osobowe, ale te\u017c po raz pierwszy na tym zlocie \u2013 traktory.<\/p>\n<p>Imprez\u0119 przed po\u0142udniem otworzyli Organizatorzy i powitali wszystkich przyby\u0142ych. Na scenie i po\u015br\u00f3d w\u0142a\u015bcicieli pojazd\u00f3w prym wodzi\u0142 p. Janusz Urbankowski, kt\u00f3ry przybli\u017ca\u0142 opis wybranych przez siebie pojazd\u00f3w. W po\u0142udnie, jak podczas dotychczasowych imprez, pojazdy ruszy\u0142y w korow\u00f3d przez teren gminy Sadowne, a po powrocie wr\u0119czono statuetki III-go Zlotu. Tym razem wyr\u00f3\u017cniono: Fiata 125 combi \u2013 jako Auto Zlotu, Junaka M10 \u2013 Motocykl Zlotu, Ursusa C-328 \u2013 Traktor Zlotu, motocykl WFM z 1956 r. \u2013 Najstarszy Pojazd Zlotu i p. Ryszarda Wieczorka ze Stanis\u0142awowa \u2013 jako Posta\u0107 Zlotu.<\/p>\n<p>Organizatorzy, dzi\u0119kuj\u0105c przyby\u0142ym, ju\u017c zapraszaj\u0105 na kolejny Zlot starych pojazd\u00f3w, kt\u00f3ry odb\u0119dzie si\u0119 za rok w Sadownem.<\/p>\n<p><a href=\"https:\/\/photos.app.goo.gl\/q3qzDMWfB6FFKeBN6\" target=\"_blank\" rel=\"noopener noreferrer\"><span style=\"color: #0000ff;\"><strong>Zdj\u0119cia w galerii Google&gt;&gt;&gt;<\/strong><\/span><\/a><\/p>\n<p><span style=\"color: #0000ff;\"><a style=\"color: #0000ff;\" href=\"https:\/\/youtu.be\/zA-nzJ3zRR0\" target=\"_blank\" rel=\"noopener noreferrer\"><strong>Zobacz te\u017c film&gt;&gt;&gt;<\/strong><\/a><\/span><\/p>\n<p><strong>Tekst\/foto:<\/strong> S\u0142awek Chyli\u0144ski<\/p>\n","protected":false},"excerpt":{"rendered":"<p>Ju\u017c po raz trzeci Sadowne go\u015bci\u0142o u siebie mi\u0142o\u015bnik\u00f3w starych, ale jeszcze na chodzie, pojazd\u00f3w.<\/p>\n","protected":false},"author":1,"featured_media":0,"comment_status":"closed","ping_status":"closed","sticky":false,"template":"","format":"standard","meta":{"footnotes":""},"categories":[5,41],"tags":[2525,142],"class_list":["post-16491","post","type-post","status-publish","format-standard","hentry","category-newsy","category-wiesci-gminne","tag-iii-retro-moto-show-w-sadownem","tag-urzad-gminy-sadowne"],"views":2984,"_links":{"self":[{"href":"https:\/\/info.sadowne.pl\/index.php?rest_route=\/wp\/v2\/posts\/16491","targetHints":{"allow":["GET"]}}],"collection":[{"href":"https:\/\/info.sadowne.pl\/index.php?rest_route=\/wp\/v2\/posts"}],"about":[{"href":"https:\/\/info.sadowne.pl\/index.php?rest_route=\/wp\/v2\/types\/post"}],"author":[{"embeddable":true,"href":"https:\/\/info.sadowne.pl\/index.php?rest_route=\/wp\/v2\/users\/1"}],"replies":[{"embeddable":true,"href":"https:\/\/info.sadowne.pl\/index.php?rest_route=%2Fwp%2Fv2%2Fcomments&post=16491"}],"version-history":[{"count":4,"href":"https:\/\/info.sadowne.pl\/index.php?rest_route=\/wp\/v2\/posts\/16491\/revisions"}],"predecessor-version":[{"id":23109,"href":"https:\/\/info.sadowne.pl\/index.php?rest_route=\/wp\/v2\/posts\/16491\/revisions\/23109"}],"wp:attachment":[{"href":"https:\/\/info.sadowne.pl\/index.php?rest_route=%2Fwp%2Fv2%2Fmedia&parent=16491"}],"wp:term":[{"taxonomy":"category","embeddable":true,"href":"https:\/\/info.sadowne.pl\/index.php?rest_route=%2Fwp%2Fv2%2Fcategories&post=16491"},{"taxonomy":"post_tag","embeddable":true,"href":"https:\/\/info.sadowne.pl\/index.php?rest_route=%2Fwp%2Fv2%2Ftags&post=16491"}],"curies":[{"name":"wp","href":"https:\/\/api.w.org\/{rel}","templated":true}]}}