{"id":16504,"date":"2017-08-15T23:58:13","date_gmt":"2017-08-15T21:58:13","guid":{"rendered":"http:\/\/info.sadowne.pl\/?p=16504"},"modified":"2020-04-24T13:15:31","modified_gmt":"2020-04-24T11:15:31","slug":"dozynki-2017","status":"publish","type":"post","link":"https:\/\/info.sadowne.pl\/?p=16504","title":{"rendered":"Do\u017cynki 2017"},"content":{"rendered":"<p><strong><img loading=\"lazy\" decoding=\"async\" class=\"alignleft size-thumbnail wp-image-16505\" src=\"http:\/\/info.sadowne.pl\/wp-content\/uploads\/2017\/08\/2017.08.15.11-180x130.jpg\" alt=\"\" width=\"180\" height=\"130\" \/>15 sierpnia w Sadownem odby\u0142y si\u0119 Do\u017cynki Gminno \u2013 Parafialne. Tym razem ich gospodarzem by\u0142o so\u0142ectwo Morzyczyn W\u0142\u00f3ki.<\/strong><!--more--><\/p>\n<p>Uroczysto\u015bci rozpocz\u0119\u0142y si\u0119 msz\u0105 \u015bw. w intencji rolnik\u00f3w w miejscowym ko\u015bciele parafialnym. W centrum \u015bwi\u0105tyni oczywi\u015bcie znalaz\u0142y si\u0119 wie\u0144ce do\u017cynkowe wykonane przez poszczeg\u00f3lne so\u0142ectwa, a ich asysty wprowadzili Starostowie Do\u017cynek \u2013 Pa\u0144stwo Anna i Piotr Ogonowscy z Morzyczyna W\u0142\u00f3ki.<\/p>\n<p>Po mszy korow\u00f3d uczestnik\u00f3w Do\u017cynek Gminno \u2013 Parafialnych przemaszerowa\u0142 na Plac Ko\u015bcielny, gdzie kontynuowano ju\u017c bardziej \u015bwieckie uroczysto\u015bci, kt\u00f3re poprowadzi\u0142 Sekretarz Gminy Sadowne p. Zbigniew Bocian.<\/p>\n<p>Po oficjalnym powitaniu publiczno\u015b\u0107 mia\u0142a okazj\u0119 podzieli\u0107 si\u0119 symbolicznie z W\u00f3jtem Gminy Sadowne p. Waldemarem Cyranem, jego ma\u0142\u017conk\u0105 oraz Starostami Do\u017cynek chlebem upieczonym z tegorocznych zbior\u00f3w zb\u00f3\u017c. Uroczysto\u015b\u0107 by\u0142a te\u017c okazj\u0105 do przekazania podzi\u0119kowa\u0144 i wyr\u00f3\u017cnie\u0144 \u2013 z racji tego, \u017ce has\u0142o tegorocznych Do\u017cynek brzmia\u0142o: \u201eMa\u0142a pszczo\u0142a \u2013 wielka praca\u201d, a wi\u0119c g\u0142\u00f3wnie zosta\u0142y one skierowane pod adresem lokalnej grupy pszczelarzy. Podzi\u0119kowania otrzyma\u0142y osoby reprezentuj\u0105ce poszczeg\u00f3lne miejscowo\u015bci:<\/p>\n<p><strong>Wilczog\u0119by<\/strong><\/p>\n<p>Zbigniew K\u0105dziela<\/p>\n<p><strong>Ko\u0142odzi\u0105\u017c <\/strong><\/p>\n<p>Tadeusz D\u0105browski<\/p>\n<p><strong>Ra\u017cny<\/strong><\/p>\n<p>Jadwiga Zas\u0142ona<\/p>\n<p><strong>Sadowne<\/strong><\/p>\n<p>Andrzej Szczechura<\/p>\n<p>Waldemar Ga\u0142\u0105zka<\/p>\n<p>S\u0142awomir Samsel<\/p>\n<p>Henryk Rolek<\/p>\n<p><strong>Sojk\u00f3wek<\/strong><\/p>\n<p>Janusz\u00a0 Ga\u0142\u0105zka<\/p>\n<p>Sylwester Osman<\/p>\n<p>J\u00f3zef Kowalczyk<\/p>\n<p>Janusz S\u0119dek<\/p>\n<p><strong>Ko\u0142odzi\u0105\u017c Rybie<\/strong><\/p>\n<p>Jan Marcjaniuk<\/p>\n<p>Jerzy Smolewski<\/p>\n<p><strong>Sok\u00f3\u0142ka<\/strong><\/p>\n<p>Krzysztof Berezowski<\/p>\n<p><strong>Zalesie<\/strong><\/p>\n<p>Krzysztof Koro\u015b<\/p>\n<p>Dominik D\u0105browski<\/p>\n<p>Andrzej Drozd<\/p>\n<p><strong>Sadole\u015b<\/strong><\/p>\n<p>Ryszard Kalbarczyk<\/p>\n<p>Daniel Wysocki<\/p>\n<p><strong>Zarzetka<\/strong><\/p>\n<p>Bogdan Pu\u015bcion<\/p>\n<p>Krzysztof Kalbarczyk<\/p>\n<p>El\u017cbieta Olton<\/p>\n<p><strong>Bojewo<\/strong><\/p>\n<p>Miros\u0142aw Stryjek<\/p>\n<p>Henryk Wycech<\/p>\n<p><strong>P\u0142atkownica<\/strong><\/p>\n<p>Damian D\u0105browski<\/p>\n<p><strong>Zieleniec<\/strong><\/p>\n<p>Artur Ma\u0142etka<\/p>\n<p><strong>Oci\u0119te<\/strong><\/p>\n<p>Rafa\u0142 Zawadzki<\/p>\n<p>Jerzy Skarpetowski<\/p>\n<p><strong>Kocielnik<\/strong><\/p>\n<p>Tadeusz Kalbarczyk<\/p>\n<p>Janina Rekuz<\/p>\n<p>Artur D\u0119bkowski<\/p>\n<p><strong>Grabiny<\/strong><\/p>\n<p>El\u017cbieta Kujawa<\/p>\n<p><strong>Morzyczyn W\u0142\u00f3ki<\/strong><\/p>\n<p>S\u0142awomir Decyk<\/p>\n<p><strong>Szynkarzyzna <\/strong><\/p>\n<p>Tadeusz Danaj<\/p>\n<p>Podzi\u0119kowania z r\u0105k W\u00f3jta Gminy p. Waldemara Cyrana otrzymali te\u017c Pa\u0144stwo Marianna i Tadeusz Kalbarczykowie za d\u0142ugoletni\u0105 i bezinteresown\u0105 opiek\u0119 nad miejscem upami\u0119tniaj\u0105cym b\u0142. Edwarda Grzyma\u0142\u0119. Podczas swojego koncertu takie podzi\u0119kowanie otrzyma\u0142 te\u017c Zesp\u00f3\u0142 \u201eSami Swoi\u201d za wsp\u00f3\u0142prac\u0119 z Gmin\u0105 Sadowne i wk\u0142ad w organizacj\u0119 lokalnych imprez kulturalnych.<\/p>\n<p>Uroczysto\u015b\u0107 u\u015bwietni\u0142y te\u017c wyst\u0119py zespo\u0142\u00f3w ludowych: \u201eSadowianki\u201d z Sadownego, \u201eMa\u0142kinianki\u201d z Ma\u0142kini G\u00f3rnej i \u201eZ\u0142ote Lata\u201d z Soko\u0142owa Podlaskiego, a powo\u0142ana Komisja Konkursowa w sk\u0142adzie pp.: Adam Kowalczyk, Anna Kunicka, Jerzy Kisiel, Ewa Pi\u00f3rkowska i Zbigniew Bocian, oceni\u0142a wie\u0144ce do\u017cynkowe. W tym roku za najpi\u0119kniejsze wie\u0144ce nagrodzono so\u0142ectwa: \u00a0I miejsce- Grabiny, II \u2013 P\u0142atkownica, III \u2013 Sojk\u00f3wek, wyr\u00f3\u017cnienia: Morzyczyn W\u0142\u00f3ki, Morzyczyn W\u0142o\u015bcia\u0144ski i Wilczog\u0119by. Nagrodzeni te\u017c zostali finali\u015bci Konkursu na najpi\u0119kniejszy ogr\u00f3d Gminy Sadowne.<\/p>\n<p><strong>Laureatami tegorocznej edycji tego Konkursu zostali:<\/strong> <strong>I miejsce<\/strong>\u00a0\u2013 Dorota i Tadeusz Wiska, zam. Sadole\u015b; <strong>II miejsce<\/strong>\u00a0\u2013 Marzena i Grzegorz Niegowscy, zam. Zalesie; <strong>III miejsce<\/strong>\u00a0\u2013 Iwona i Mariusz Doboszowie, zam. Sadowne. <strong>Wyr\u00f3\u017cnienia otrzymali:<\/strong> Dorota i Marek Szczechurowie, zam. Sadowne oraz Iwona i Piotr Olkowscy, zam. Oci\u0119te. Nagrody wr\u0119czy\u0142 laureatom p. Waldemar Cyran, sprawuj\u0105cy patronat nad Konkursem, p. Ewa Pi\u00f3rkowska \u2013 jego Organizator z ramienia GOK oraz ks. Stanis\u0142aw Wojciechowski \u2013 wsp\u00f3\u0142organizator Do\u017cynek, a tak\u017ce p. Tomasz Gajewski, PSB Mr\u00f3wka Sadowne \u2013 sponsor g\u0142\u00f3wnych nagr\u00f3d i p. Sylwia Filipiak \u2013 w\u0142a\u015bciciel Sklepu Ogrodniczego AGAWA w Sadownem, sponsoruj\u0105ca nagrody dla wyr\u00f3\u017cnionych. Przedstawiciele KRUS wr\u0119czyli te\u017c nagrody laureatom odbywaj\u0105cego si\u0119 podczas Do\u017cynek konkursu na temat bezpiecze\u0144stwa w gospodarstwie rolnym pt. \u201ePracuj bezpiecznie\u201d.<\/p>\n<p>By\u0142y te\u017c koncerty muzyczne \u2013 w programie \u201eCiao Amore\u201d wyst\u0105pi\u0142 w\u0142oski wokalista Andrea Lattari, muzyk\u0119 taneczn\u0105 i dyskotekow\u0105 zaprezentowali: Zesp\u00f3\u0142 \u201eSami Swoi\u201d oraz DJ Rawa \u2013 prowadz\u0105cy te\u017c cz\u0119\u015b\u0107 artystyczn\u0105 Do\u017cynek &#8211; i Zesp\u00f3\u0142 Violino.<\/p>\n<p>Wok\u00f3\u0142 odbywaj\u0105cej si\u0119 uroczysto\u015bci do\u017cynkowej go\u015bcie mogli zapozna\u0107 si\u0119 w przygotowanych do tego celu stoiskach z propozycjami firm i organizacji pracuj\u0105cych na rzecz rolnictwa, a tak\u017ce z prezentacjami tw\u00f3rczo\u015bci lokalnych artyst\u00f3w. Nie zabrak\u0142o te\u017c czasu i miejsca m.in. na dobr\u0105 zabaw\u0119 dla dzieci w weso\u0142ym miasteczku oraz dla doros\u0142ych \u2013 nie tylko przy dobrej muzyce. By\u0142y te\u017c \u00a0stoiska kulinarne, w tym np. z pokazem pieczenia s\u0119kacza przez p. Ew\u0119 Mitowsk\u0105 lub degustacj\u0105 dziczyzny przygotowanej przez my\u015bliwych Ko\u0142a \u0141owieckiego \u015aw. Huberta w Sadownem.<\/p>\n<p><a href=\"https:\/\/photos.app.goo.gl\/atpuTAym1PcXeMWE6\" target=\"_blank\" rel=\"noopener noreferrer\"><span style=\"color: #0000ff;\"><strong>Zdj\u0119cia w galerii Google&gt;&gt;&gt;<\/strong><\/span><\/a><\/p>\n<p><span style=\"color: #0000ff;\"><a style=\"color: #0000ff;\" href=\"https:\/\/youtu.be\/VwCO1NGR1S8\" target=\"_blank\" rel=\"noopener noreferrer\"><strong>Zobacz te\u017c film&gt;&gt;&gt;<\/strong><\/a><\/span><\/p>\n<p><strong>Tekst\/foto:\u00a0<\/strong>S\u0142awek Chyli\u0144ski<\/p>\n","protected":false},"excerpt":{"rendered":"<p>15 sierpnia w Sadownem odby\u0142y si\u0119 Do\u017cynki Gminno \u2013 Parafialne. Tym razem ich gospodarzem by\u0142o so\u0142ectwo Morzyczyn W\u0142\u00f3ki.<\/p>\n","protected":false},"author":1,"featured_media":0,"comment_status":"closed","ping_status":"closed","sticky":false,"template":"","format":"standard","meta":{"footnotes":""},"categories":[5,41],"tags":[2531,2100],"class_list":["post-16504","post","type-post","status-publish","format-standard","hentry","category-newsy","category-wiesci-gminne","tag-dozynki-2017","tag-dozynki-gminno-parafialne-w-sadownem"],"views":4787,"_links":{"self":[{"href":"https:\/\/info.sadowne.pl\/index.php?rest_route=\/wp\/v2\/posts\/16504","targetHints":{"allow":["GET"]}}],"collection":[{"href":"https:\/\/info.sadowne.pl\/index.php?rest_route=\/wp\/v2\/posts"}],"about":[{"href":"https:\/\/info.sadowne.pl\/index.php?rest_route=\/wp\/v2\/types\/post"}],"author":[{"embeddable":true,"href":"https:\/\/info.sadowne.pl\/index.php?rest_route=\/wp\/v2\/users\/1"}],"replies":[{"embeddable":true,"href":"https:\/\/info.sadowne.pl\/index.php?rest_route=%2Fwp%2Fv2%2Fcomments&post=16504"}],"version-history":[{"count":3,"href":"https:\/\/info.sadowne.pl\/index.php?rest_route=\/wp\/v2\/posts\/16504\/revisions"}],"predecessor-version":[{"id":23107,"href":"https:\/\/info.sadowne.pl\/index.php?rest_route=\/wp\/v2\/posts\/16504\/revisions\/23107"}],"wp:attachment":[{"href":"https:\/\/info.sadowne.pl\/index.php?rest_route=%2Fwp%2Fv2%2Fmedia&parent=16504"}],"wp:term":[{"taxonomy":"category","embeddable":true,"href":"https:\/\/info.sadowne.pl\/index.php?rest_route=%2Fwp%2Fv2%2Fcategories&post=16504"},{"taxonomy":"post_tag","embeddable":true,"href":"https:\/\/info.sadowne.pl\/index.php?rest_route=%2Fwp%2Fv2%2Ftags&post=16504"}],"curies":[{"name":"wp","href":"https:\/\/api.w.org\/{rel}","templated":true}]}}