{"id":16588,"date":"2017-08-30T18:34:39","date_gmt":"2017-08-30T16:34:39","guid":{"rendered":"http:\/\/info.sadowne.pl\/?p=16588"},"modified":"2017-08-30T18:34:39","modified_gmt":"2017-08-30T16:34:39","slug":"sadowianki-grygrow","status":"publish","type":"post","link":"https:\/\/info.sadowne.pl\/?p=16588","title":{"rendered":"Sadowianki &#8211; Grygr\u00f3w"},"content":{"rendered":"<p><strong><img loading=\"lazy\" decoding=\"async\" class=\"alignleft size-thumbnail wp-image-16416\" src=\"http:\/\/info.sadowne.pl\/wp-content\/uploads\/2017\/08\/sad336-180x130.jpg\" alt=\"\" width=\"180\" height=\"130\" \/>6 marca 2016 r. \u2013 Stra\u017cacy OSP w Grygrowie zorganizowali wspania\u0142\u0105 uroczysto\u015b\u0107 z okazji przypadaj\u0105cego 8 marca Mi\u0119dzynarodowego Dnia Kobiet.<\/strong><!--more--><\/p>\n<p>O godzinie 11<sup>10<\/sup> w miejscowej kaplicy ks. Marek Sidoruk proboszcz parafii w Starej Wsi odprawi\u0142 msz\u0119 \u015bwi\u0119t\u0105, podczas kt\u00f3rej modlono si\u0119 w intencji wszystkich kobiet.<\/p>\n<div id=\"attachment_16589\" style=\"width: 456px\" class=\"wp-caption aligncenter\"><img loading=\"lazy\" decoding=\"async\" aria-describedby=\"caption-attachment-16589\" class=\"wp-image-16589 size-full\" src=\"http:\/\/info.sadowne.pl\/wp-content\/uploads\/2017\/08\/sad337.jpg\" alt=\"\" width=\"446\" height=\"595\" srcset=\"https:\/\/info.sadowne.pl\/wp-content\/uploads\/2017\/08\/sad337.jpg 446w, https:\/\/info.sadowne.pl\/wp-content\/uploads\/2017\/08\/sad337-225x300.jpg 225w\" sizes=\"auto, (max-width: 446px) 100vw, 446px\" \/><p id=\"caption-attachment-16589\" class=\"wp-caption-text\">SADOWIANKI w Grygrowie<\/p><\/div>\n<p>Po mszy wszyscy udali si\u0119 do remizy OSP Grygr\u00f3w, gdzie stra\u017cacy z\u0142o\u017cyli \u017cyczenia zebranym paniom i wr\u0119czyli tulipany. Kiedy przyszed\u0142 czas na wyst\u0119py artystyczne m\u0142odzie\u017c z gimnazjum w Stoczku przedstawi\u0142a kabaret. Kolejnym punktem programu by\u0142 wyst\u0119p Magdy Piwko, kt\u00f3ra oczarowa\u0142a wszystkich swoim \u015bpiewem. R\u00f3wnie interesuj\u0105cy okaza\u0142 si\u0119 wyst\u0119p SADOWIANEK, kt\u00f3re bardzo ch\u0119tnie odwiedzi\u0142y s\u0105siedni\u0105 gmin\u0119, za co otrzyma\u0142y serdeczne podzi\u0119kowanie.<strong><br \/>\n<\/strong><\/p>\n<p><strong>ROSTKI k\/ Ma\u0142kini<\/strong><\/p>\n<p><span style=\"color: #ff0000;\"><strong><em><img loading=\"lazy\" decoding=\"async\" class=\"alignleft size-full wp-image-16590\" src=\"http:\/\/info.sadowne.pl\/wp-content\/uploads\/2017\/08\/sad338.jpg\" alt=\"\" width=\"209\" height=\"215\" \/>1 Maja w ROSTKACH k\/Ma<\/em><\/strong><strong><em>\u0142kini<\/em><\/strong><\/span><\/p>\n<p>1 maja 2016 roku w Parku w Rostkach Wielkich odby\u0142a si\u0119 <strong>I MAJ\u00d3WKA. <\/strong><\/p>\n<p>Park zosta\u0142 wybudowany w 2010 roku. Organizatorzy: W\u00f3jt Gminy Ma\u0142kinia G\u00f3rna, GOKiS oraz rada so\u0142ectwa Rostek Wielkich przygotowali dla mieszka\u0144c\u00f3w wiele atrakcji.<\/p>\n<p>Uroczyste otwarcie Pierwszej Maj\u00f3wki w Rostkach Wielkich nast\u0105pi\u0142o o godzinie 16:30. W\u00f3jt Gminy Ma\u0142kinia G\u00f3rna Pani Bo\u017cena Kordek serdecznie powita\u0142a wszystkich przyby\u0142ych mieszka\u0144c\u00f3w Rostek oraz go\u015bci. Podkre\u015bli\u0142a, \u017ce pi\u0119kno i walory krajobrazowe gminy Ma\u0142kinia G\u00f3rna warto pokazywa\u0107 i eksponowa\u0107, st\u0105d pomys\u0142 pleneru malarskiego i fotograficznego. Zapowiedzia\u0142a, \u017ce I Maj\u00f3wka w Parku w Rostkach Wielkich na trwa\u0142e powinna wej\u015b\u0107 do kalendarza cyklicznych imprez w naszej gminie. Wszystkim przyby\u0142ym \u017cyczy\u0142a udanej zabawy i mi\u0142o sp\u0119dzonego czasu.<\/p>\n<p><img loading=\"lazy\" decoding=\"async\" class=\"aligncenter size-full wp-image-16591\" src=\"http:\/\/info.sadowne.pl\/wp-content\/uploads\/2017\/08\/sad339.jpg\" alt=\"\" width=\"549\" height=\"250\" srcset=\"https:\/\/info.sadowne.pl\/wp-content\/uploads\/2017\/08\/sad339.jpg 549w, https:\/\/info.sadowne.pl\/wp-content\/uploads\/2017\/08\/sad339-300x137.jpg 300w\" sizes=\"auto, (max-width: 549px) 100vw, 549px\" \/><\/p>\n<p>Na Maj\u00f3wk\u0119 przyby\u0142a tak\u017ce najstarsza mieszkanka Rostek Wielkich Pani Anna Halina Zawistowska. Otrzyma\u0142a z r\u0105k Pani W\u00f3jt pami\u0105tk\u0119 z okazji I Maj\u00f3wki.<\/p>\n<p>Podczas I Maj\u00f3wki\u00a0 w Rostkach Wielkich na scenie wyst\u0105pi\u0142y zespo\u0142y: <strong>\u201eSadowianki<\/strong>\u201d, Zesp\u00f3\u0142 Ludowy \u201eMa\u0142kinianka\u201d oraz uczniowie z gminnych szk\u00f3\u0142.<\/p>\n<div id=\"attachment_16592\" style=\"width: 561px\" class=\"wp-caption aligncenter\"><img loading=\"lazy\" decoding=\"async\" aria-describedby=\"caption-attachment-16592\" class=\"wp-image-16592 size-full\" src=\"http:\/\/info.sadowne.pl\/wp-content\/uploads\/2017\/08\/sad340.jpg\" alt=\"\" width=\"551\" height=\"296\" srcset=\"https:\/\/info.sadowne.pl\/wp-content\/uploads\/2017\/08\/sad340.jpg 551w, https:\/\/info.sadowne.pl\/wp-content\/uploads\/2017\/08\/sad340-300x161.jpg 300w\" sizes=\"auto, (max-width: 551px) 100vw, 551px\" \/><p id=\"caption-attachment-16592\" class=\"wp-caption-text\">Zesp\u00f3\u0142 \u015apiewaczy SADOWIANKI<\/p><\/div>\n<p><strong>SADOWNE<\/strong> <strong>\u2013 \u00a0\u015awi\u0119to Konstytucji 3 Maja i Dzie\u0144\u00a0 Stra\u017caka<\/strong><strong>\u00a0<\/strong><\/p>\n<p>3 maja 2016, to kolejna ju\u017c 225 rocznica uchwalenia Konstytucji Rzeczypospolitej. Obchody tego \u015bwi\u0119ta rozpocz\u0119\u0142y si\u0119 o godz. 11<sup>00<\/sup> msz\u0105 \u015bwi\u0119t\u0105 celebrowan\u0105 przez proboszcza parafii Sadowne ks. Stanis\u0142awa Wojciechowskiego.<\/p>\n<p><img loading=\"lazy\" decoding=\"async\" class=\"aligncenter size-full wp-image-16593\" src=\"http:\/\/info.sadowne.pl\/wp-content\/uploads\/2017\/08\/sad341.jpg\" alt=\"\" width=\"547\" height=\"246\" srcset=\"https:\/\/info.sadowne.pl\/wp-content\/uploads\/2017\/08\/sad341.jpg 547w, https:\/\/info.sadowne.pl\/wp-content\/uploads\/2017\/08\/sad341-300x135.jpg 300w\" sizes=\"auto, (max-width: 547px) 100vw, 547px\" \/><\/p>\n<p>Dzie\u0144 4 maja jest \u015bwi\u0119tem stra\u017cak\u00f3w, kt\u00f3rych patronem jest \u015awi\u0119ty Florian. Obie uroczysto\u015bci zosta\u0142y upami\u0119tnione podczas niedzielnej mszy.<\/p>\n<p>W ko\u015bciele wsp\u00f3lnie z parafianami zgromadzili si\u0119 stra\u017cacy w galowych mundurach w asy\u015bcie poczt\u00f3w sztandarowych, gminne w\u0142adze i oczywi\u015bcie cz\u0142onkowie zespo\u0142u \u015apiewaczego SADOWIANKI. Nie zabrak\u0142o r\u00f3wnie\u017c strzelc\u00f3w z Jednostki Strzeleckiej im. Dywizjonu Huzar\u00f3w \u015amierci oraz harcerzy z Dru\u017cyny Harcerskiej dzia\u0142aj\u0105cej w Szkole Podstawowej w Sadownem.<\/p>\n<div id=\"attachment_16594\" style=\"width: 606px\" class=\"wp-caption aligncenter\"><img loading=\"lazy\" decoding=\"async\" aria-describedby=\"caption-attachment-16594\" class=\"wp-image-16594 size-full\" src=\"http:\/\/info.sadowne.pl\/wp-content\/uploads\/2017\/08\/sad342.jpg\" alt=\"\" width=\"596\" height=\"386\" srcset=\"https:\/\/info.sadowne.pl\/wp-content\/uploads\/2017\/08\/sad342.jpg 596w, https:\/\/info.sadowne.pl\/wp-content\/uploads\/2017\/08\/sad342-300x194.jpg 300w\" sizes=\"auto, (max-width: 596px) 100vw, 596px\" \/><p id=\"caption-attachment-16594\" class=\"wp-caption-text\">SADOWIANKI \u015bpiewaj\u0105 ,,Witaj Majowa Jutrzenko\u201d<\/p><\/div>\n<p>Po mszy wszyscy zgromadzili si\u0119 przy Kamieniu Pami\u0119ci, gdzie W\u00f3jt Gminy p. Waldemar Cyran przypomnia\u0142 histori\u0119 uchwalenia Konstytucji 3 Maja, podkre\u015bli\u0142 jej wag\u0119, a delegacje z\u0142o\u017cy\u0142y kwiaty.<\/p>\n<p><img loading=\"lazy\" decoding=\"async\" class=\"aligncenter size-full wp-image-16595\" src=\"http:\/\/info.sadowne.pl\/wp-content\/uploads\/2017\/08\/sad343.jpg\" alt=\"\" width=\"551\" height=\"260\" srcset=\"https:\/\/info.sadowne.pl\/wp-content\/uploads\/2017\/08\/sad343.jpg 551w, https:\/\/info.sadowne.pl\/wp-content\/uploads\/2017\/08\/sad343-300x142.jpg 300w\" sizes=\"auto, (max-width: 551px) 100vw, 551px\" \/><\/p>\n<p>Nast\u0119pnie wszyscy przy akompaniamencie Orkiestry D\u0119tej z Bra\u0144szczyka przeszli na plac przy Urz\u0119dzie Gminy.<\/p>\n<p>Na placu przy Urz\u0119dzie Gminy odby\u0142a si\u0119 uroczysta odprawa jednostek OSP, podzi\u0119kowania jednostkom za dzia\u0142alno\u015b\u0107 w 2015 roku, a wszystko to przeplatane by\u0142o piosenkami <strong>SADOWIANEK <\/strong>i ludowymi ta\u0144cami m\u0142odzie\u017cy z Zespo\u0142u Szk\u00f3\u0142 Ponadgimnazjalnych w Sadownem.<\/p>\n<p><img loading=\"lazy\" decoding=\"async\" class=\"aligncenter size-full wp-image-16596\" src=\"http:\/\/info.sadowne.pl\/wp-content\/uploads\/2017\/08\/sad344.jpg\" alt=\"\" width=\"551\" height=\"286\" srcset=\"https:\/\/info.sadowne.pl\/wp-content\/uploads\/2017\/08\/sad344.jpg 551w, https:\/\/info.sadowne.pl\/wp-content\/uploads\/2017\/08\/sad344-300x156.jpg 300w\" sizes=\"auto, (max-width: 551px) 100vw, 551px\" \/><\/p>\n<p><img loading=\"lazy\" decoding=\"async\" class=\"aligncenter size-full wp-image-16597\" src=\"http:\/\/info.sadowne.pl\/wp-content\/uploads\/2017\/08\/sad345.jpg\" alt=\"\" width=\"564\" height=\"353\" srcset=\"https:\/\/info.sadowne.pl\/wp-content\/uploads\/2017\/08\/sad345.jpg 564w, https:\/\/info.sadowne.pl\/wp-content\/uploads\/2017\/08\/sad345-300x188.jpg 300w\" sizes=\"auto, (max-width: 564px) 100vw, 564px\" \/><\/p>\n<p>SADOWIANKI r\u00f3wnie\u017c otrzyma\u0142y podzi\u0119kowanie od w\u00f3jta gminy p. Waldemara Cyrana, za udzia\u0142 i u\u015bwietnienie swym programem uroczysto\u015bci gminnych.<\/p>\n<p><img loading=\"lazy\" decoding=\"async\" class=\"aligncenter size-full wp-image-16598\" src=\"http:\/\/info.sadowne.pl\/wp-content\/uploads\/2017\/08\/sad346.jpg\" alt=\"\" width=\"513\" height=\"600\" srcset=\"https:\/\/info.sadowne.pl\/wp-content\/uploads\/2017\/08\/sad346.jpg 513w, https:\/\/info.sadowne.pl\/wp-content\/uploads\/2017\/08\/sad346-257x300.jpg 257w\" sizes=\"auto, (max-width: 513px) 100vw, 513px\" \/><\/p>\n<div id=\"attachment_16599\" style=\"width: 566px\" class=\"wp-caption aligncenter\"><img loading=\"lazy\" decoding=\"async\" aria-describedby=\"caption-attachment-16599\" class=\"wp-image-16599 size-full\" src=\"http:\/\/info.sadowne.pl\/wp-content\/uploads\/2017\/08\/sad347.jpg\" alt=\"\" width=\"556\" height=\"286\" srcset=\"https:\/\/info.sadowne.pl\/wp-content\/uploads\/2017\/08\/sad347.jpg 556w, https:\/\/info.sadowne.pl\/wp-content\/uploads\/2017\/08\/sad347-300x154.jpg 300w\" sizes=\"auto, (max-width: 556px) 100vw, 556px\" \/><p id=\"caption-attachment-16599\" class=\"wp-caption-text\">Zesp\u00f3\u0142 \u015apiewaczy SADOWIANKI<\/p><\/div>\n<p>&nbsp;<\/p>\n<div id=\"attachment_16600\" style=\"width: 564px\" class=\"wp-caption aligncenter\"><img loading=\"lazy\" decoding=\"async\" aria-describedby=\"caption-attachment-16600\" class=\"wp-image-16600 size-full\" src=\"http:\/\/info.sadowne.pl\/wp-content\/uploads\/2017\/08\/sad348.jpg\" alt=\"\" width=\"554\" height=\"238\" srcset=\"https:\/\/info.sadowne.pl\/wp-content\/uploads\/2017\/08\/sad348.jpg 554w, https:\/\/info.sadowne.pl\/wp-content\/uploads\/2017\/08\/sad348-300x129.jpg 300w\" sizes=\"auto, (max-width: 554px) 100vw, 554px\" \/><p id=\"caption-attachment-16600\" class=\"wp-caption-text\">Grupa Taneczna z Zespo\u0142u Szk\u00f3\u0142 Ponadgimnazjalnych w Sadownem<\/p><\/div>\n<p><strong>SADOWNE<\/strong><\/p>\n<p><img loading=\"lazy\" decoding=\"async\" class=\"alignleft size-full wp-image-16601\" src=\"http:\/\/info.sadowne.pl\/wp-content\/uploads\/2017\/08\/sad349.jpg\" alt=\"\" width=\"127\" height=\"198\" \/><strong>26 maja 2016 \u2013 Bo\u017ce Cia\u0142o<\/strong><\/p>\n<p>W tym roku podobnie, jak w ubieg\u0142ym przygotowano cztery o\u0142tarze, przy kt\u00f3rych zatrzyma\u0142a si\u0119 procesja. Starym zwyczajem SADOWIANKI uczestniczy\u0142y w tej uroczysto\u015bci w swoich ludowych, kolorowych i jak\u017ce pi\u0119knych strojach.<\/p>\n<p><strong>P\u0141ATKOWNICA \u2013 SADOWNE \u2013 BROK<\/strong><\/p>\n<p><span style=\"color: #ff0000;\"><strong>Z<\/strong><strong>\u0141<\/strong><strong>OTE \u00a0GODY\u2026..\u00a0\u00a0 <\/strong><\/span><\/p>\n<p><span style=\"color: #ff0000;\"><strong>\u00a0\u00a0\u00a0\u00a0\u00a0\u00a0\u00a0\u00a0\u00a0\u00a0\u00a0\u00a0\u00a0\u00a0\u00a0\u00a0\u00a0\u00a0\u00a0\u00a0\u00a0\u00a0\u00a0\u00a0\u00a0\u00a0\u00a0\u00a0\u00a0\u00a0\u00a0\u00a0\u00a0\u00a0\u00a0\u00a0\u00a0 \u00a0\u00a0\u00a0\u00a0 <em>11.06.2016<\/em><\/strong><\/span><\/p>\n<p>Celebrowanie z\u0142otych god\u00f3w, to \u015bwi\u0119to nie tylko zgodnych ma\u0142\u017conk\u00f3w, ale tak\u017ce ich rodziny i przyjaci\u00f3\u0142. Para, kt\u00f3ra wsp\u00f3lnie prze\u017cy\u0142a p\u00f3\u0142 wieku, niezmiennie od 50 lat dzieli si\u0119 rado\u015bciami i stawia czo\u0142a codziennym trudno\u015bciom. Przywitanie na \u015bwiecie dzieci, rado\u015b\u0107 z ich sukces\u00f3w i ocieranie \u0142ez szcz\u0119\u015bcia, kiedy po raz pierwszy zostali dziadkami, to jedne z tych wydarze\u0144, kt\u00f3re scementowa\u0142y wspania\u0142y zwi\u0105zek. P\u00f3\u0142 wieku wsp\u00f3lnego kroczenia przez \u017cycie zas\u0142uguje na prawdziwe fetowanie!<\/p>\n<p><strong><img loading=\"lazy\" decoding=\"async\" class=\"aligncenter size-full wp-image-16602\" src=\"http:\/\/info.sadowne.pl\/wp-content\/uploads\/2017\/08\/sad350.jpg\" alt=\"\" width=\"256\" height=\"339\" srcset=\"https:\/\/info.sadowne.pl\/wp-content\/uploads\/2017\/08\/sad350.jpg 256w, https:\/\/info.sadowne.pl\/wp-content\/uploads\/2017\/08\/sad350-227x300.jpg 227w\" sizes=\"auto, (max-width: 256px) 100vw, 256px\" \/><\/strong><\/p>\n<p><img loading=\"lazy\" decoding=\"async\" class=\"aligncenter size-full wp-image-16603\" src=\"http:\/\/info.sadowne.pl\/wp-content\/uploads\/2017\/08\/sad351.jpg\" alt=\"\" width=\"558\" height=\"407\" srcset=\"https:\/\/info.sadowne.pl\/wp-content\/uploads\/2017\/08\/sad351.jpg 558w, https:\/\/info.sadowne.pl\/wp-content\/uploads\/2017\/08\/sad351-180x130.jpg 180w, https:\/\/info.sadowne.pl\/wp-content\/uploads\/2017\/08\/sad351-300x219.jpg 300w\" sizes=\"auto, (max-width: 558px) 100vw, 558px\" \/><\/p>\n<p><img loading=\"lazy\" decoding=\"async\" class=\"aligncenter size-full wp-image-16604\" src=\"http:\/\/info.sadowne.pl\/wp-content\/uploads\/2017\/08\/sad352.jpg\" alt=\"\" width=\"453\" height=\"605\" srcset=\"https:\/\/info.sadowne.pl\/wp-content\/uploads\/2017\/08\/sad352.jpg 453w, https:\/\/info.sadowne.pl\/wp-content\/uploads\/2017\/08\/sad352-225x300.jpg 225w\" sizes=\"auto, (max-width: 453px) 100vw, 453px\" \/><\/p>\n<p><img loading=\"lazy\" decoding=\"async\" class=\"aligncenter size-full wp-image-16605\" src=\"http:\/\/info.sadowne.pl\/wp-content\/uploads\/2017\/08\/sad353.jpg\" alt=\"\" width=\"356\" height=\"51\" srcset=\"https:\/\/info.sadowne.pl\/wp-content\/uploads\/2017\/08\/sad353.jpg 356w, https:\/\/info.sadowne.pl\/wp-content\/uploads\/2017\/08\/sad353-300x43.jpg 300w\" sizes=\"auto, (max-width: 356px) 100vw, 356px\" \/><\/p>\n<p><img loading=\"lazy\" decoding=\"async\" class=\"aligncenter size-full wp-image-16606\" src=\"http:\/\/info.sadowne.pl\/wp-content\/uploads\/2017\/08\/sad354.jpg\" alt=\"\" width=\"560\" height=\"273\" srcset=\"https:\/\/info.sadowne.pl\/wp-content\/uploads\/2017\/08\/sad354.jpg 560w, https:\/\/info.sadowne.pl\/wp-content\/uploads\/2017\/08\/sad354-300x146.jpg 300w\" sizes=\"auto, (max-width: 560px) 100vw, 560px\" \/><\/p>\n<p>Niewiele jest rzeczy tak cennych jak z\u0142oto, nic zatem dziwnego, \u017ce \u015bwi\u0119to p\u00f3\u0142wiecza szcz\u0119\u015bliwego po\u017cycia nazwano w\u0142a\u015bnie z\u0142otymi godami.<\/p>\n<p>Ta podnios\u0142a okazja wymaga wyj\u0105tkowych zaprosze\u0144 i niepowtarzalnych \u017cycze\u0144&#8230;<\/p>\n<p>Zesp\u00f3\u0142 SADOWIANKI dla kole\u017canki Marysi i Jej m\u0119\u017ca przygotowa\u0142 program z tekstami piosenek uk\u0142adanych przez cz\u0142onk\u00f3w zespo\u0142u oraz\u00a0 wspania\u0142e \u017cyczenia, kt\u00f3re (tak s\u0105dzimy) pozostan\u0105 w pami\u0119ci Jubilat\u00f3w na d\u0142ugi czas.<\/p>\n<p><img loading=\"lazy\" decoding=\"async\" class=\"aligncenter size-full wp-image-16607\" src=\"http:\/\/info.sadowne.pl\/wp-content\/uploads\/2017\/08\/sad355.jpg\" alt=\"\" width=\"560\" height=\"284\" srcset=\"https:\/\/info.sadowne.pl\/wp-content\/uploads\/2017\/08\/sad355.jpg 560w, https:\/\/info.sadowne.pl\/wp-content\/uploads\/2017\/08\/sad355-300x152.jpg 300w\" sizes=\"auto, (max-width: 560px) 100vw, 560px\" \/><\/p>\n<p><img loading=\"lazy\" decoding=\"async\" class=\"aligncenter size-full wp-image-16608\" src=\"http:\/\/info.sadowne.pl\/wp-content\/uploads\/2017\/08\/sad356.jpg\" alt=\"\" width=\"561\" height=\"362\" srcset=\"https:\/\/info.sadowne.pl\/wp-content\/uploads\/2017\/08\/sad356.jpg 561w, https:\/\/info.sadowne.pl\/wp-content\/uploads\/2017\/08\/sad356-300x194.jpg 300w\" sizes=\"auto, (max-width: 561px) 100vw, 561px\" \/><\/p>\n<p>Nasi Jubilaci obchodz\u0105cy z\u0142ote gody oraz ich dzieci, wnucz\u0119ta, rodzina i przyjaciele odnajd\u0105 w programie przygotowanym, przez SADOWIANKI wzruszaj\u0105ce \u017cyczenia i prze\u017cyte wsp\u00f3lnie historie, przedstawione w humorystyczny spos\u00f3b.<\/p>\n<p>No, wi\u0119c zaczynamy!<\/p>\n<p>&nbsp;<\/p>\n<p><strong>Dla Marysi!\u00a0 11 czerwca 2016 r.<\/strong><strong>\u00a0<\/strong><\/p>\n<p><strong>1.Sto lat\u00a0 <\/strong><span style=\"color: #ff0000;\"><strong>C<\/strong><\/span><\/p>\n<p><strong>2.Kochani Jubilaci!<\/strong><\/p>\n<p><strong>Z okazji \u015bwi\u0119ta tak wielkiego, przyjmijcie od nas SADOWIANEK szczere i serdeczne \u017cyczenia wszystkiego najlepszego: niech ka\u017cdy dzie\u0144 dostarcza Wam wielu rado\u015bci, a u\u015bmiech zawsze w sercu Waszych go\u015bci. \u017byczymy Wam <\/strong><strong>kolejnych dni, miesi\u0119cy i lat pe\u0142nych mi\u0142o\u015bci i rado\u015bci, jak r\u00f3wnie\u017c tego, aby\u015bcie cieszyli si\u0119 \u017cyciem dnia ka\u017cdego. <\/strong><\/p>\n<p><span style=\"color: #008080;\"><strong>\u017byczymy Wam b\u0142ogos\u0142awie\u0144stwa Bo\u017cego, <\/strong><\/span><\/p>\n<p><span style=\"color: #008080;\"><strong>si\u0142 i zdrowia na dalsze lata oraz spe\u0142nienia marze\u0144, kt\u00f3re s\u0105 gdzie\u015b <\/strong><\/span><\/p>\n<p><span style=\"color: #008080;\"><strong>w Waszych sercach ukryte. <\/strong><\/span><\/p>\n<p><span style=\"color: #008080;\"><strong>Niechaj te Z\u0142ote Gody jeszcze wi\u0119kszego blasku Wam dodaj\u0105, a dalsze wsp\u00f3lne \u017cycie szcz\u0119\u015bciem obdarzaj\u0105. <\/strong><\/span><\/p>\n<p><span style=\"color: #008080;\"><strong>Niech w Waszych sercach nadal trwa ta s\u0142odka mi\u0142o\u015b\u0107 sprzed lat.<\/strong><\/span><\/p>\n<p><span style=\"color: #008080;\"><em>\u00a0\u00a0\u00a0\u00a0\u00a0\u00a0\u00a0\u00a0\u00a0\u00a0\u00a0\u00a0\u00a0\u00a0\u00a0\u00a0\u00a0\u00a0\u00a0\u00a0\u00a0\u00a0\u00a0\u00a0\u00a0\u00a0\u00a0\u00a0\u00a0\u00a0\u00a0\u00a0\u00a0\u00a0\u00a0\u00a0\u00a0\u00a0\u00a0\u00a0\u00a0\u00a0\u00a0 \/piosenka\/<\/em><\/span><\/p>\n<p><strong><span style=\"color: #ff0000;\">F<\/span>\u00a0\u00a0\u00a0\u00a0 <\/strong><strong>\/Zagrajcie\u017c mi, mo\u017ce cofnie si\u0119 \u015bwiat<\/strong><\/p>\n<p><strong>\u00a0\u00a0\u00a0 Do tych dni, do tych lat, do chwil <\/strong><\/p>\n<p><strong>\u00a0\u00a0\u00a0 minionych.\/bis<\/strong><\/p>\n<p><strong>Tyle s\u0142\u00f3w, tyle s\u0142\u00f3w wyszepta\u0142em<\/strong><\/p>\n<p><strong>Tyle nocy nie przespa\u0142em ja.<\/strong><\/p>\n<p><strong>Ka\u017cdy dzie\u0144, ka\u017cd\u0105 noc ci odda\u0142em,<\/strong><\/p>\n<p><strong>Przy mnie Ty, a przy Tobie Ja.<\/strong><\/p>\n<p><strong>\u00a0\u00a0\u00a0 \u00a0 \/Zagrajcie\u017c mi, mo\u017ce cofnie si\u0119 \u015bwiat<\/strong><\/p>\n<p><strong>\u00a0\u00a0 Do tych dni, do tych lat, do chwil <\/strong><\/p>\n<p><strong>\u00a0\u00a0 minionych.\/bis<\/strong><strong>\u00a0<\/strong><\/p>\n<p><strong>PRZY\u015aPIEWKI \u00a0DLA \u00a0MARYSI (50-lecie) 11.06. 2016<\/strong><strong>\u00a0\u00a0\u00a0\u00a0\u00a0\u00a0\u00a0\u00a0\u00a0\u00a0\u00a0 <\/strong><\/p>\n<p><strong>\u00a0\u00a0\u00a0\u00a0\u00a0\u00a0\u00a0\u00a0\u00a0\u00a0\u00a0\u00a0<span style=\"color: #ff0000;\"> <em>Mel: ,,Moja ty dziewczyno\u201d<\/em><\/span>\u00a0\u00a0\u00a0 <span style=\"color: #008080;\">G<\/span><\/strong><\/p>\n<p><strong>1.Moja ty Marysiu, moje spodobid\u0142o,<\/strong><\/p>\n<p><strong>\u00a0\u00a0\u00a0\u00a0\u00a0\u00a0 \u00a0\u00a0\u00a0\u00a0\u00a0\u00a0\u00a0\u00a0\u00a0\u00a0\u00a0\u00a0\u00a0\u00a0Spodoba\u0142a\u015b mi si\u0119, kiedy pas\u0142a\u015b byd\u0142o.<\/strong><\/p>\n<p><strong>2.Kocha\u0142em ci\u0119 Mary\u015b, kocha\u0142em ci\u0119 skrycie,<\/strong><\/p>\n<p><strong>\u00a0\u00a0\u00a0\u00a0\u00a0 \u00a0\u00a0\u00a0\u00a0\u00a0\u00a0\u00a0\u00a0\u00a0\u00a0 \u00a0\u00a0\u00a0\u00a0\u00a0P\u0142yn\u0105\u0142em do ciebie w pow\u00f3d\u017a na korycie<\/strong><\/p>\n<p><strong>3.P\u0142yn\u0105\u0142em do ciebie, skarbie m\u00f3j jedyny,<\/strong><\/p>\n<p><strong>\u00a0\u00a0\u00a0\u00a0\u00a0\u00a0\u00a0\u00a0\u00a0\u00a0\u00a0\u00a0\u00a0\u00a0\u00a0\u00a0 \u00a0\u00a0\u00a0\u00a0 Do panny Bork\u00f3wny od samej \u015bwierczyny.<\/strong><\/p>\n<p><strong>4.Mia\u0142em si\u0119 ju\u017c \u017ceni\u0107, uwierz mi cz\u0142owieku,<\/strong><\/p>\n<p><strong>\u00a0\u00a0\u00a0\u00a0\u00a0\u00a0\u00a0\u00a0\u00a0\u00a0\u00a0\u00a0\u00a0\u00a0\u00a0\u00a0 \u00a0\u00a0\u00a0\u00a0 Lecz by\u0142o przeszkod\u0105 podniesienie wieku.<\/strong><\/p>\n<p><strong>5.Ale pan Borowy mia\u0142 moc urz\u0119dow\u0105,<\/strong><\/p>\n<p><strong>\u00a0\u00a0\u00a0\u00a0\u00a0\u00a0\u00a0\u00a0\u00a0\u00a0\u00a0\u00a0\u00a0\u00a0\u00a0\u00a0 \u00a0\u00a0\u00a0\u00a0 Udzieli\u0142 nam \u015blubu w sobot\u0119 czerwcow\u0105.<\/strong><\/p>\n<p><strong>6.Cieszy si\u0119 Marysia, \u017ce Mietka dosta\u0142a,<\/strong><\/p>\n<p><strong>\u00a0\u00a0\u00a0\u00a0\u00a0\u00a0\u00a0\u00a0\u00a0\u00a0\u00a0\u00a0\u00a0\u00a0\u00a0\u00a0 \u00a0\u00a0\u00a0\u00a0 Ju\u017c nie b\u0119dzie sama pod pierzynk\u0105 spa\u0142a.<\/strong><\/p>\n<p><strong> a) Szed\u0142 Miecio przez wie\u015b\u2026 <span style=\"color: #008080;\">G<\/span><\/strong><\/p>\n<p><strong>b) Idzie m\u0142ody ch\u0142opak <span style=\"color: #008080;\">e \u2013 moll<\/span><\/strong><\/p>\n<p><strong> c) Dwana\u015bcie listeczk\u00f3w\u00a0 <span style=\"color: #008080;\">C<\/span><\/strong><\/p>\n<p><strong>7.Gdy wszystkie przeszkody razem pokonali,<\/strong><\/p>\n<p><strong>\u00a0\u00a0\u00a0\u00a0\u00a0\u00a0 \u00a0\u00a0\u00a0\u00a0\u00a0\u00a0\u00a0\u00a0\u00a0 \u00a0\u00a0\u00a0\u00a0\u00a0\u00a0Szcz\u0119\u015bliw\u0105 rodzin\u0119 wtedy zbudowali.<\/strong><\/p>\n<p><strong>8.Lecz, gdy tak szcz\u0119\u015bliwie \u017cycie up\u0142ywa\u0142o,<\/strong><\/p>\n<p><strong>\u00a0\u00a0\u00a0\u00a0\u00a0\u00a0 \u00a0\u00a0\u00a0\u00a0\u00a0\u00a0\u00a0\u00a0\u00a0 O Miecia si\u0119 wojsko szybko upomnia\u0142o.<\/strong><\/p>\n<p><strong>9.Tak Miecia n\u0119kali przez 7 d\u0142ugich lat, <\/strong><\/p>\n<p><strong>\u00a0\u00a0\u00a0\u00a0\u00a0\u00a0 \u00a0\u00a0\u00a0\u00a0\u00a0\u00a0\u00a0\u00a0\u00a0 Obron\u0105 wi\u0119c by\u0142y dzieci\u0105teczka na \u015bwiat.<\/strong><\/p>\n<p><strong>10.Tak jedno po drugim na \u015bwiat przychodzi\u0142o,<\/strong><\/p>\n<p><strong>\u00a0\u00a0\u00a0\u00a0\u00a0\u00a0\u00a0 \u00a0\u00a0\u00a0\u00a0\u00a0\u00a0\u00a0\u00a0 \u00a0By wreszcie przed wojskiem Miecia uchroni\u0142o.<\/strong><\/p>\n<p><strong>11.B\u0142oga wi\u0119c sielanka w progi powr\u00f3ci\u0142a,<\/strong><\/p>\n<p><strong>\u00a0\u00a0\u00a0\u00a0\u00a0 \u00a0\u00a0\u00a0\u00a0\u00a0\u00a0\u00a0\u00a0\u00a0\u00a0\u00a0\u00a0\u00a0\u00a0\u00a0\u00a0\u00a0\u00a0\u00a0 Pi\u0119\u0107dziesi\u0105tk\u0119 razem prze\u017cy\u0107 pozwoli\u0142a.<\/strong><\/p>\n<p><strong>12.Dzisiaj swe prze\u017cycia mile wspominaj\u0105,<\/strong><\/p>\n<p><strong>\u00a0\u00a0\u00a0\u00a0\u00a0\u00a0\u00a0 \u00a0\u00a0\u00a0\u00a0\u00a0\u00a0\u00a0\u00a0\u00a0\u00a0\u00a0\u00a0\u00a0\u00a0\u00a0\u00a0\u00a0 Nadal w tej rodzinie bardzo si\u0119 kochaj\u0105.<\/strong><\/p>\n<p><strong>13.Jakie\u017c wam \u017cyczenia mo\u017cna z\u0142o\u017cy\u0107 w darze,<\/strong><\/p>\n<p><strong>\u00a0\u00a0\u00a0\u00a0\u00a0\u00a0\u00a0 \u00a0\u00a0\u00a0\u00a0\u00a0\u00a0\u00a0\u00a0 W pi\u0119kny jubileusz naszej drogiej parze.<\/strong><\/p>\n<p><strong>14.Wiosennej rado\u015bci drodzy Jubilaci,<\/strong><\/p>\n<p><strong>\u00a0\u00a0\u00a0\u00a0\u00a0\u00a0\u00a0\u00a0 \u00a0\u00a0\u00a0\u00a0\u00a0\u00a0\u00a0\u00a0\u00a0\u00a0\u00a0\u00a0\u00a0\u00a0\u00a0\u00a0 Niech Wasza rodzina szcz\u0119\u015bciem si\u0119 bogaci.<\/strong><\/p>\n<p><strong>15.Niezm\u0105cony spok\u00f3j i zgoda panuje,<\/strong><\/p>\n<p><strong>\u00a0\u00a0\u00a0\u00a0\u00a0\u00a0\u00a0 \u00a0\u00a0\u00a0\u00a0\u00a0\u00a0\u00a0\u00a0\u00a0\u00a0\u00a0\u00a0\u00a0\u00a0\u00a0\u00a0\u00a0 A mi\u0142o\u015b\u0107 z dniem ka\u017cdym niechaj pot\u0119guje.<\/strong><\/p>\n<p><strong>16.Niech Pan, kt\u00f3ry z\u0142\u0105czy\u0142 <u>kiedy\u015b <\/u>Wasze d\u0142onie,<\/strong><\/p>\n<p><strong>\u00a0\u00a0\u00a0\u00a0\u00a0\u00a0\u00a0\u00a0 \u00a0\u00a0\u00a0\u00a0\u00a0\u00a0\u00a0\u00a0\u00a0\u00a0\u00a0\u00a0\u00a0\u00a0\u00a0\u00a0 Zawsze w ka\u017cdej chwili daje wam ochron\u0119.<\/strong><\/p>\n<p><strong>17.Niech\u017ce was kochani b\u0142ogos\u0142awi hojnie,<\/strong><\/p>\n<p><strong>\u00a0\u00a0\u00a0\u00a0\u00a0\u00a0 \u00a0\u00a0\u00a0\u00a0\u00a0\u00a0\u00a0\u00a0\u00a0 \u00a0By\u015bcie \u017cyli w szcz\u0119\u015bciu d\u0142ugo i spokojnie.<\/strong><\/p>\n<p><strong>18.My z waszego szcz\u0119\u015bcia bardzo si\u0119 cieszymy,<\/strong><\/p>\n<p><strong>\u00a0\u00a0\u00a0\u00a0\u00a0\u00a0\u00a0 \u00a0\u00a0\u00a0\u00a0\u00a0\u00a0\u00a0\u00a0\u00a0\u00a0\u00a0\u00a0\u00a0\u00a0\u00a0\u00a0\u00a0 Wszystkiego dobrego tutaj wam \u017cyczymy.<\/strong><\/p>\n<p><strong>a)Wszystkiego dobrego <span style=\"color: #ff0000;\">C<\/span><\/strong><\/p>\n<p><strong> b) Ta\u0144cowa\u0142 Kuba w sieni\u00a0 <span style=\"color: #ff0000;\">F<\/span><\/strong><\/p>\n<p><strong> c) Przy\u015bpiewki Zbyszka\u00a0 <span style=\"color: #ff0000;\">C<\/span><\/strong><\/p>\n<p><strong> d) Kukuryku, kukuryku\u00a0 <span style=\"color: #ff0000;\">A \u2013 dur<\/span><\/strong><\/p>\n<p><strong> e) Oj dobrze w domu u matuli \u00a0<span style=\"color: #ff0000;\">C<\/span><\/strong><\/p>\n<p><strong> f) Oj dobrze ojciec zrobi\u0142\u00a0 <span style=\"color: #ff0000;\">C<\/span><\/strong><\/p>\n<p><strong> g) Heca ko\u0142o pieca <span style=\"color: #ff0000;\">F<\/span><\/strong><\/p>\n<p><strong> h) Lata moje m\u0142ode <span style=\"color: #ff0000;\">d \u2013 moll<\/span><\/strong><\/p>\n<p><strong>\u00a0\u00a0\u00a0\u00a0\u00a0\u00a0\u00a0\u00a0\u00a0\u00a0\u00a0\u00a0\u00a0\u00a0\u00a0\u00a0\u00a0\u00a0 Up\u0142ywa szybko \u017cycie, jak potok p\u0142ynie czas,<\/strong><\/p>\n<p><strong>\u00a0\u00a0\u00a0\u00a0\u00a0\u00a0\u00a0\u00a0\u00a0\u00a0\u00a0\u00a0\u00a0\u00a0\u00a0\u00a0\u00a0\u00a0 \/Za rok, za dzie\u0144, za chwil\u0119 <\/strong><\/p>\n<p><strong>\u00a0\u00a0\u00a0\u00a0\u00a0\u00a0\u00a0\u00a0\u00a0\u00a0\u00a0\u00a0\u00a0\u00a0\u00a0\u00a0\u00a0\u00a0 razem nie b\u0119dzie nas.\/bis<\/strong><\/p>\n<p><strong>\u00a0\u00a0\u00a0\u00a0\u00a0\u00a0\u00a0\u00a0\u00a0\u00a0\u00a0\u00a0\u00a0\u00a0\u00a0\u00a0\u00a0\u00a0 Te nasze m\u0142ode lata odesz\u0142y szybko w dal,<\/strong><\/p>\n<p><strong>\u00a0\u00a0\u00a0\u00a0\u00a0\u00a0\u00a0\u00a0\u00a0\u00a0\u00a0\u00a0\u00a0\u00a0\u00a0\u00a0\u00a0\u00a0 \/A w sercu pozostaje <\/strong><\/p>\n<p><strong>\u00a0\u00a0\u00a0\u00a0\u00a0\u00a0\u00a0\u00a0\u00a0\u00a0\u00a0\u00a0\u00a0\u00a0\u00a0\u00a0\u00a0\u00a0 t\u0119sknota, smutek, \u017cal.\/bis<\/strong><\/p>\n<p><strong><em>\u00a0\u00a0\u00a0\u00a0\u00a0\u00a0\u00a0\u00a0 Przy\u015bpiewki Zbyszka.\u00a0\u00a0\u00a0\u00a0\u00a0\u00a0 \u00a0<\/em><\/strong><span style=\"color: #ff0000;\"><strong>C<\/strong><\/span><\/p>\n<p><strong>Dobrze jecha\u0107 wozem, jeszcze lepiej sann\u0105,<\/strong><\/p>\n<p><strong>\/Nie chcia\u0142a Marysia d\u0142ugo siedzie\u0107 pann\u0105. \/bis<\/strong><\/p>\n<p><strong>A kiedy do Mietka ochoty nabra\u0142a,<\/strong><\/p>\n<p><strong>\/To j\u0105 pod wianuszkiem g\u0142owisia sw\u0119dzia\u0142a.\/bis<\/strong><\/p>\n<p><strong>Chodzi\u0142 Mietek pieszo, a potem rowerem,<\/strong><\/p>\n<p><strong>\/Bo nie chcia\u0142 pozosta\u0107 d\u0142ugo kawalerem.\/bis<\/strong><\/p>\n<p><strong>A gdy w m\u0142odym wieku stan cywilny zmieni\u0142,<\/strong><\/p>\n<p><strong>\/Ledwie si\u0119 opierzy\u0142 i ju\u017c si\u0119 o\u017ceni\u0142.\/bis<\/strong><\/p>\n<p><strong>Huczne weselisko bardzo si\u0119 uda\u0142o,<\/strong><\/p>\n<p><strong>\/W pi\u0119knej porze roku, gdy siano pachnia\u0142o.\/bis<\/strong><\/p>\n<p><strong>Szcz\u0119\u015bliwie p\u00f3\u0142 wieku ze sob\u0105 prze\u017cyli,<\/strong><\/p>\n<p><strong>\/Wspania\u0142\u0105 rodzin\u0119 razem za\u0142o\u017cyli.\/bis<\/strong><\/p>\n<p><strong>Dzi\u015b obchodz\u0105 gody z dzie\u0107mi i wnukami,<\/strong><\/p>\n<p><strong>\/Z najbli\u017csz\u0105 rodzin\u0105 i ,,Sadowiankami\u201d.\/bis<\/strong><\/p>\n<p><strong>Za wasz\u0105 go\u015bcinno\u015b\u0107 bardzo dzi\u0119kujemy<\/strong><\/p>\n<p><strong>\/I po staropolsku B\u00f3g zap\u0142a\u0107 powiemy.\/bis<\/strong><\/p>\n<p><strong>Nasi mili go\u015bcie prosz\u0119 si\u0119 nie gniewa\u0107, <\/strong><\/p>\n<p><strong>\/Bo na takim \u015bwi\u0119cie wszystko mo\u017cna \u015bpiewa\u0107.\/bis<\/strong><strong>\u00a0<\/strong><\/p>\n<p style=\"text-align: center;\"><span style=\"color: #0000ff;\"><strong>Drodzy jubilaci!<\/strong><\/span><\/p>\n<p style=\"text-align: center;\"><span style=\"color: #0000ff;\"><strong>To ju\u017c pi\u0119\u0107dziesi\u0105t lat, od kiedy przyrzekli\u015bcie sobie wieczn\u0105 mi\u0142o\u015b\u0107 i wzajemn\u0105 opiek\u0119. <\/strong><\/span><\/p>\n<p style=\"text-align: center;\"><span style=\"color: #0000ff;\"><strong>Z okazji z\u0142otych God\u00f3w cz\u0142onkowie zespo\u0142u SADOWIANKI sk\u0142adaj\u0105 najszczersze \u017cyczenia kolejnych wsp\u00f3lnie sp\u0119dzonych lat, pe\u0142nych ciep\u0142a i serdeczno\u015bci.<\/strong><\/span><\/p>\n<p><strong>\u0179r\u00f3d\u0142o:<\/strong>\u00a0SADOWIANKI, Barbara Wr\u00f3bel, Sadowne 2017 (kronika dost\u0119pna w zbiorach GOK Sadowne)<\/p>\n","protected":false},"excerpt":{"rendered":"<p>6 marca 2016 r. \u2013 Stra\u017cacy OSP w Grygrowie zorganizowali wspania\u0142\u0105 uroczysto\u015b\u0107 z okazji przypadaj\u0105cego 8 marca Mi\u0119dzynarodowego Dnia Kobiet.<\/p>\n","protected":false},"author":1,"featured_media":0,"comment_status":"closed","ping_status":"closed","sticky":false,"template":"","format":"standard","meta":{"footnotes":""},"categories":[5,31,1202],"tags":[1218,101,1217,960],"class_list":["post-16588","post","type-post","status-publish","format-standard","hentry","category-newsy","category-historia-gminy","category-zespol-spiewaczy-sadowianki","tag-barbara-wrobel","tag-historia-gminy-sadowne","tag-sadowianki","tag-zespol-spiewaczy-sadowianki"],"views":3174,"_links":{"self":[{"href":"https:\/\/info.sadowne.pl\/index.php?rest_route=\/wp\/v2\/posts\/16588","targetHints":{"allow":["GET"]}}],"collection":[{"href":"https:\/\/info.sadowne.pl\/index.php?rest_route=\/wp\/v2\/posts"}],"about":[{"href":"https:\/\/info.sadowne.pl\/index.php?rest_route=\/wp\/v2\/types\/post"}],"author":[{"embeddable":true,"href":"https:\/\/info.sadowne.pl\/index.php?rest_route=\/wp\/v2\/users\/1"}],"replies":[{"embeddable":true,"href":"https:\/\/info.sadowne.pl\/index.php?rest_route=%2Fwp%2Fv2%2Fcomments&post=16588"}],"version-history":[{"count":1,"href":"https:\/\/info.sadowne.pl\/index.php?rest_route=\/wp\/v2\/posts\/16588\/revisions"}],"predecessor-version":[{"id":16609,"href":"https:\/\/info.sadowne.pl\/index.php?rest_route=\/wp\/v2\/posts\/16588\/revisions\/16609"}],"wp:attachment":[{"href":"https:\/\/info.sadowne.pl\/index.php?rest_route=%2Fwp%2Fv2%2Fmedia&parent=16588"}],"wp:term":[{"taxonomy":"category","embeddable":true,"href":"https:\/\/info.sadowne.pl\/index.php?rest_route=%2Fwp%2Fv2%2Fcategories&post=16588"},{"taxonomy":"post_tag","embeddable":true,"href":"https:\/\/info.sadowne.pl\/index.php?rest_route=%2Fwp%2Fv2%2Ftags&post=16588"}],"curies":[{"name":"wp","href":"https:\/\/api.w.org\/{rel}","templated":true}]}}