{"id":16629,"date":"2017-09-02T15:45:16","date_gmt":"2017-09-02T13:45:16","guid":{"rendered":"http:\/\/info.sadowne.pl\/?p=16629"},"modified":"2023-06-07T23:04:36","modified_gmt":"2023-06-07T21:04:36","slug":"zlote-gody-w-sadownem-2","status":"publish","type":"post","link":"https:\/\/info.sadowne.pl\/?p=16629","title":{"rendered":"Z\u0142ote Gody 2017 w Sadownem"},"content":{"rendered":"<p><strong><img loading=\"lazy\" decoding=\"async\" class=\"alignleft size-thumbnail wp-image-16630\" src=\"http:\/\/info.sadowne.pl\/wp-content\/uploads\/2017\/09\/2017.09.02.1-180x130.jpg\" alt=\"\" width=\"180\" height=\"130\" \/>W sobot\u0119 2 wrze\u015bnia w Gminie Sadowne odby\u0142a si\u0119 uroczysto\u015b\u0107 honoruj\u0105ca pary ma\u0142\u017ce\u0144skie, kt\u00f3re obchodzi\u0142y swoje Z\u0142ote Gody. Podczas spotkania wr\u0119czone zosta\u0142y medale &#8222;Za d\u0142ugoletnie po\u017cycie ma\u0142\u017ce\u0144skie\u201d.<\/strong><!--more--><\/p>\n<p>Obchodom 50. rocznicy zawarcia zwi\u0105zk\u00f3w ma\u0142\u017ce\u0144skich przez jedena\u015bcie par przewodniczy\u0142 W\u00f3jt Gminy Sadowne p. Waldemar Cyran w towarzystwie kierownik Urz\u0119du Stanu Cywilnego w Sadownem p. Renaty Urbankowskiej, a poprzedzi\u0142a je msza \u015bw. w miejscowym ko\u015bciele parafialnym odprawiona w intencji Jubilat\u00f3w.<\/p>\n<p>W nastrojowym otoczeniu \u2013 Sali Balowej Restauracji \u201eZa\u015bcianek Nowy Styl\u201d w Sadownem, gdzie odbywa\u0142a si\u0119 uroczysto\u015b\u0107, nie zapomniano te\u017c o toa\u015bcie ku czci z\u0142otych ma\u0142\u017conk\u00f3w i torcie z wykaligrafowanymi \u017cyczeniami. \u015awiadkami tego niezwyk\u0142ego wydarzenia byli najbli\u017csi Jubilat\u00f3w oraz zaproszeni go\u015bcie.<\/p>\n<p><strong>A swoje Z\u0142ote gody obchodzili Pa\u0144stwo:<\/strong><\/p>\n<p>&#8211; Sabina i Edward Czarneccy (51 rocznica)<\/p>\n<p>&#8211; El\u017cbieta i Witold Ga\u0142\u0105zka (51 rocznica)<\/p>\n<p>&#8211; Zofia i J\u00f3zef Kiko\u0142a (51 rocznica)<\/p>\n<p>&#8211; Regina i Antoni Ojdana (50 rocznica)<\/p>\n<p>&#8211; Janina i W\u0142adys\u0142aw Ojdana (50 rocznica)<\/p>\n<p>&#8211; Miros\u0142awa i Czes\u0142aw Olszak (51 rocznica)<\/p>\n<p>&#8211; Jadwiga i Jerzy Pi\u00f3rkowscy (51 rocznica)<\/p>\n<p>&#8211; Zofia i Jan Pu\u015bcion (51 rocznica)<\/p>\n<p>&#8211; Teresa i Bogus\u0142aw Pr\u00f3chno (50 rocznica)<\/p>\n<p>&#8211; Marianna i Mieczys\u0142aw Szymanik (51 rocznica)<\/p>\n<p>&#8211; Romana i Jerzy Wojciechowscy (50 rocznica)<br \/>\nW\u00f3jt Gminy Sadowne p. Waldemar Cyran podzi\u0119kowa\u0142 wszystkim ma\u0142\u017conkom za minione pi\u0119\u0107dziesi\u0105t lat, w czasie kt\u00f3rych wychowywali swoje dzieci, uczyli je \u017cy\u0107 i pracowa\u0107 oraz sami po\u015bwi\u0119cali tak\u017ce sw\u00f3j czas dla dobra Naszej Gminy. Podkre\u015bli\u0142, \u017ce pi\u0119\u0107 dekad wsp\u00f3lnego \u017cycia musi by\u0107 \u017cywym \u015bwiadectwem bezgranicznej mi\u0142o\u015bci, szacunku i zrozumienia.<\/p>\n<p>Dzi\u0119kuj\u0105c z\u0142otym parom za ich wsp\u00f3lne po\u017cycie ma\u0142\u017ce\u0144skie oraz pi\u0119kny przyk\u0142ad dla m\u0142odszych par, odznaczy\u0142 je w imieniu Prezydenta Rzeczypospolitej Polskiej Medalami za D\u0142ugoletnie Po\u017cycie Ma\u0142\u017ce\u0144skie. Asyst\u0119 przy tej czynno\u015bci sprawowali: p. Katarzyna Cyran, p. Renata Urbankowska i p. Piotr Olkowski.<\/p>\n<p>Jak wszystkie donios\u0142e uroczysto\u015bci w Gminie Sadowne, \u201eZ\u0142ote Gody\u201d u\u015bwietni\u0142 wyst\u0119p Zespo\u0142u \u015apiewaczego \u201eSadowianki\u201d.<\/p>\n<p>Jubilatom \u017cyczymy dalszych\u2026 pi\u0119\u0107dziesi\u0119ciu wsp\u00f3lnie prze\u017cytych w rado\u015bci i spokoju lat.<\/p>\n<p><a href=\"https:\/\/photos.app.goo.gl\/2Ww4P3qChyiq7TVG7\" target=\"_blank\" rel=\"noopener noreferrer\"><span style=\"color: #0000ff;\"><strong>Zdj\u0119cia w galerii Google&gt;&gt;&gt;<\/strong><\/span><\/a><\/p>\n<p><span style=\"color: #0000ff;\"><a style=\"color: #0000ff;\" href=\"https:\/\/youtu.be\/deNo5gzjMTQ\" target=\"_blank\" rel=\"noopener noreferrer\"><strong>Zobacz te\u017c film&gt;&gt;&gt;<\/strong><\/a><\/span><\/p>\n<p><strong>Tekst\/foto:<\/strong> S\u0142awek Chyli\u0144ski<\/p>\n","protected":false},"excerpt":{"rendered":"<p>W sobot\u0119 2 wrze\u015bnia w Gminie Sadowne odby\u0142a si\u0119 uroczysto\u015b\u0107 honoruj\u0105ca pary ma\u0142\u017ce\u0144skie, kt\u00f3re obchodzi\u0142y swoje Z\u0142ote Gody. Podczas spotkania wr\u0119czone zosta\u0142y medale &#8222;Za d\u0142ugoletnie po\u017cycie ma\u0142\u017ce\u0144skie\u201d.<\/p>\n","protected":false},"author":1,"featured_media":0,"comment_status":"closed","ping_status":"closed","sticky":false,"template":"","format":"standard","meta":{"footnotes":""},"categories":[5,41],"tags":[1015,25,2549],"class_list":["post-16629","post","type-post","status-publish","format-standard","hentry","category-newsy","category-wiesci-gminne","tag-zlote-gody-w-sadownem","tag-sadowne","tag-zlote-gody-2017"],"views":3763,"_links":{"self":[{"href":"https:\/\/info.sadowne.pl\/index.php?rest_route=\/wp\/v2\/posts\/16629","targetHints":{"allow":["GET"]}}],"collection":[{"href":"https:\/\/info.sadowne.pl\/index.php?rest_route=\/wp\/v2\/posts"}],"about":[{"href":"https:\/\/info.sadowne.pl\/index.php?rest_route=\/wp\/v2\/types\/post"}],"author":[{"embeddable":true,"href":"https:\/\/info.sadowne.pl\/index.php?rest_route=\/wp\/v2\/users\/1"}],"replies":[{"embeddable":true,"href":"https:\/\/info.sadowne.pl\/index.php?rest_route=%2Fwp%2Fv2%2Fcomments&post=16629"}],"version-history":[{"count":3,"href":"https:\/\/info.sadowne.pl\/index.php?rest_route=\/wp\/v2\/posts\/16629\/revisions"}],"predecessor-version":[{"id":27702,"href":"https:\/\/info.sadowne.pl\/index.php?rest_route=\/wp\/v2\/posts\/16629\/revisions\/27702"}],"wp:attachment":[{"href":"https:\/\/info.sadowne.pl\/index.php?rest_route=%2Fwp%2Fv2%2Fmedia&parent=16629"}],"wp:term":[{"taxonomy":"category","embeddable":true,"href":"https:\/\/info.sadowne.pl\/index.php?rest_route=%2Fwp%2Fv2%2Fcategories&post=16629"},{"taxonomy":"post_tag","embeddable":true,"href":"https:\/\/info.sadowne.pl\/index.php?rest_route=%2Fwp%2Fv2%2Ftags&post=16629"}],"curies":[{"name":"wp","href":"https:\/\/api.w.org\/{rel}","templated":true}]}}