{"id":16661,"date":"2017-09-03T13:51:30","date_gmt":"2017-09-03T11:51:30","guid":{"rendered":"http:\/\/info.sadowne.pl\/?p=16661"},"modified":"2020-04-24T13:05:38","modified_gmt":"2020-04-24T11:05:38","slug":"memorial-prof-chmielewskiego","status":"publish","type":"post","link":"https:\/\/info.sadowne.pl\/?p=16661","title":{"rendered":"Memoria\u0142 prof. Chmielewskiego"},"content":{"rendered":"<p><strong><img loading=\"lazy\" decoding=\"async\" class=\"alignleft size-thumbnail wp-image-16662\" src=\"http:\/\/info.sadowne.pl\/wp-content\/uploads\/2017\/09\/2017.09.03.11-180x130.jpg\" alt=\"\" width=\"180\" height=\"130\" \/>Ju\u017c po raz 22. sadowie\u0144skie Ko\u0142o nr 27 PZW zorganizowa\u0142o W\u0119dkarskie Zawody Rodzinne \u2013 Memoria\u0142 prof. Mieczys\u0142awa Chmielewskiego.<\/strong><!--more--><\/p>\n<p>3 wrze\u015bnia od godzin porannych mi\u0142o\u015bnicy w\u0119dkowania, cz\u0142onkowie Ko\u0142a nr 27 Polskiego Zwi\u0105zku W\u0119dkarskiego w Sadownem gromadzili nad Jeziorem Kot\u0142o w Wilczog\u0119bach. Od godz. 8.00 rozpocz\u0119\u0142y si\u0119 tu zawody rodzinne \u2013 Memoria\u0142 za\u0142o\u017cyciela i d\u0142ugoletniego Prezesa tego Ko\u0142a prof. Mieczys\u0142awa Chmielewskiego.<\/p>\n<p>Prof. Chmielewskiego zapewne znali wszyscy starsi mieszka\u0144cy Gminy Sadowne, a m\u0142odsi przynajmniej s\u0142yszeli o nim. Jego losy od 1951 roku ju\u017c na sta\u0142e zwi\u0105zane by\u0142y z tym terenem, szko\u0142\u0105, w kt\u00f3rej wraz z \u017con\u0105 Halin\u0105 pr\u0119\u017cnie dzia\u0142a\u0142 i osi\u0105ga\u0142 z m\u0142odzie\u017c\u0105 znakomite wyniki we wszelkich dyscyplinach sportu. Ale jego konikiem, dodatkowym hobby, by\u0142o te\u017c w\u0119dkowanie. Dzi\u0119ki niemu w Sadownem powsta\u0142o Ko\u0142o W\u0119dkarskie, a on sam kierowa\u0142 nim i ka\u017cdego roku organizowa\u0142 w\u0119dkarskie zawody rodzinne. Obecnie tradycj\u0119 t\u0119 kontynuuj\u0105 cz\u0142onkowie sadowie\u0144skiego Ko\u0142a nr 27 PZW, kt\u00f3rzy postanowili podnie\u015b\u0107 je do rangi Memoria\u0142u prof. M. Chmielewskiego \u2013 w tym roku odby\u0142 si\u0119 ju\u017c XXII Memoria\u0142. O prof. Chmielewskim mo\u017cna te\u017c poczyta\u0107 na naszym <span style=\"color: #0000ff;\"><a style=\"color: #0000ff;\" href=\"http:\/\/info.sadowne.pl\/?p=9868\" target=\"_blank\" rel=\"noopener noreferrer\"><strong>Portalu&gt;&gt;&gt;<\/strong><\/a><\/span><\/p>\n<p>W niedzielny poranek, 3 wrze\u015bnia wi\u0119kszo\u015b\u0107 zainteresowanych Memoria\u0142em w\u0119dkarzy wystraszy\u0142a niesprzyjaj\u0105ca pogoda, kt\u00f3ra mia\u0142a te\u017c wp\u0142yw na po\u0142owy. Ale c\u00f3\u017c ona znaczy dla wi\u0119kszo\u015bci mi\u0142o\u015bnik\u00f3w w\u0119dkowania, kt\u00f3rzy wykorzystaj\u0105 ka\u017cd\u0105 okazj\u0119 do kontaktu z wod\u0105 i po\u0142owami, a tak\u017ce odrobin\u0105 rywalizacji.<\/p>\n<p><strong>Ostatecznie, oko\u0142o po\u0142udnia komisyjnie przewa\u017cono dzisiejsze zdobycze w\u0119dkarzy i okaza\u0142o si\u0119, i\u017c w\u015br\u00f3d rodzinnych dru\u017cyn najlepszymi byli:<\/strong><\/p>\n<p>&#8211; I miejsce \u2013 dru\u017cyna O\u0142dak\u00f3w (Maja, Maciej, Dawid, Tomasz) \u2013 1250 pkt.<\/p>\n<p>&#8211; II miejsce \u2013 dru\u017cyna Bojar\u00f3w (Leszek, Dominik) \u2013 1090 pkt.<\/p>\n<p>&#8211; III miejsce \u2013 dru\u017cyna Pakie\u0142\u00f3w (Karol, Patryk, Kacper) \u2013 393 pkt.<\/p>\n<p>&#8211; IV miejsce \u2013 dru\u017cyna Wyszy\u0144skich (Gracjan, Aleksander) \u2013 346 pkt.<\/p>\n<p>Najlepsi otrzymali puchary, medale, dyplomy i drobne upominki ufundowane przez Zarz\u0105d Ko\u0142a PZW. Gratulujemy!<\/p>\n<p><strong>A w imieniu Ko\u0142a nr 27 ju\u017c teraz zapraszamy na przysz\u0142oroczny, rodzinny Memoria\u0142 prof. Chmielewskiego, a tak\u017ce na spinningowe zawody w\u0119dkarskie, kt\u00f3re planowane s\u0105 na pa\u017adziernik br.<\/strong><\/p>\n<p><a href=\"https:\/\/photos.app.goo.gl\/fyef66e75waGDpd68\" target=\"_blank\" rel=\"noopener noreferrer\"><span style=\"color: #0000ff;\"><strong>Zdj\u0119cia w galerii Google&gt;&gt;&gt;<\/strong><\/span><\/a><\/p>\n<p><strong>Tekst\/foto:<\/strong> S\u0142awek Chyli\u0144ski<\/p>\n","protected":false},"excerpt":{"rendered":"<p>Ju\u017c po raz 22. sadowie\u0144skie Ko\u0142o nr 27 PZW zorganizowa\u0142o W\u0119dkarskie Zawody Rodzinne \u2013 Memoria\u0142 prof. Mieczys\u0142awa Chmielewskiego.<\/p>\n","protected":false},"author":1,"featured_media":0,"comment_status":"closed","ping_status":"closed","sticky":false,"template":"","format":"standard","meta":{"footnotes":""},"categories":[5,1,689],"tags":[895,2543],"class_list":["post-16661","post","type-post","status-publish","format-standard","hentry","category-newsy","category-inne","category-wedkarstwo","tag-kolo-nr-27-pzw-sadowne","tag-memorial-prof-m-chmielewskiego"],"views":2684,"_links":{"self":[{"href":"https:\/\/info.sadowne.pl\/index.php?rest_route=\/wp\/v2\/posts\/16661","targetHints":{"allow":["GET"]}}],"collection":[{"href":"https:\/\/info.sadowne.pl\/index.php?rest_route=\/wp\/v2\/posts"}],"about":[{"href":"https:\/\/info.sadowne.pl\/index.php?rest_route=\/wp\/v2\/types\/post"}],"author":[{"embeddable":true,"href":"https:\/\/info.sadowne.pl\/index.php?rest_route=\/wp\/v2\/users\/1"}],"replies":[{"embeddable":true,"href":"https:\/\/info.sadowne.pl\/index.php?rest_route=%2Fwp%2Fv2%2Fcomments&post=16661"}],"version-history":[{"count":2,"href":"https:\/\/info.sadowne.pl\/index.php?rest_route=\/wp\/v2\/posts\/16661\/revisions"}],"predecessor-version":[{"id":23102,"href":"https:\/\/info.sadowne.pl\/index.php?rest_route=\/wp\/v2\/posts\/16661\/revisions\/23102"}],"wp:attachment":[{"href":"https:\/\/info.sadowne.pl\/index.php?rest_route=%2Fwp%2Fv2%2Fmedia&parent=16661"}],"wp:term":[{"taxonomy":"category","embeddable":true,"href":"https:\/\/info.sadowne.pl\/index.php?rest_route=%2Fwp%2Fv2%2Fcategories&post=16661"},{"taxonomy":"post_tag","embeddable":true,"href":"https:\/\/info.sadowne.pl\/index.php?rest_route=%2Fwp%2Fv2%2Ftags&post=16661"}],"curies":[{"name":"wp","href":"https:\/\/api.w.org\/{rel}","templated":true}]}}