{"id":16674,"date":"2017-09-04T13:32:23","date_gmt":"2017-09-04T11:32:23","guid":{"rendered":"http:\/\/info.sadowne.pl\/?p=16674"},"modified":"2020-04-24T13:04:03","modified_gmt":"2020-04-24T11:04:03","slug":"pierwszy-dzien-za-nami","status":"publish","type":"post","link":"https:\/\/info.sadowne.pl\/?p=16674","title":{"rendered":"Pierwszy dzie\u0144 za nami\u2026"},"content":{"rendered":"<p><strong><img loading=\"lazy\" decoding=\"async\" class=\"alignleft size-thumbnail wp-image-16675\" src=\"http:\/\/info.sadowne.pl\/wp-content\/uploads\/2017\/09\/2017.09.04.1-180x130.jpg\" alt=\"\" width=\"180\" height=\"130\" \/>Jak w ca\u0142ej Polsce, plac\u00f3wki o\u015bwiatowe Gminy Sadowne 4 wrze\u015bnia rozpocz\u0119\u0142y nowy rok szkolny 2017\/2018. Jak min\u0105\u0142 pierwszy dzie\u0144 nauki?<\/strong><!--more--><\/p>\n<p>Uczniowie wszystkich sadowie\u0144skich szk\u00f3\u0142 4 wrze\u015bnia rozpocz\u0119li tegoroczn\u0105 edukacj\u0119 msz\u0105 \u015bw. o godz. 8.00 w ko\u015bciele parafialnym p.w. \u015aw. Jana Chrzciciela, a ju\u017c o godz. 9.00 Szko\u0142a Podstawowa i Gimnazjum przywita\u0142y dzieci w swoich murach, gdzie nast\u0105pi\u0142a inauguracja nowego roku szkolnego.<\/p>\n<p>Pierwszy dzie\u0144 nauki, jak ka\u017cdego roku, oczywi\u015bcie polega na oficjalnych spotkaniach, ale te\u017c i tych mniej oficjalnych, w gronie koleg\u00f3w. Wszystko to odbywa si\u0119 na weso\u0142o, jeszcze wakacyjnie, ale od jutra, jak zapowiedziano, wszyscy przyst\u0105pi\u0105 do normalnej pracy \u2013 nauki, zgodnie z przygotowanymi planami lekcji.<\/p>\n<p>Do nauki przyst\u0119puje w bie\u017c\u0105cym roku szkolnym, jak podaje Pani Dyrektor Ma\u0142gorzata Koro\u015b, 343. uczni\u00f3w sadowie\u0144skiej podstaw\u00f3wki, w tym po raz pierwszy dwie klasy si\u00f3dme, kt\u00f3re znalaz\u0142y ju\u017c swoje lokum w budynku Gimnazjum.<\/p>\n<p>Gimnazjum \u201ekurczy si\u0119\u201d, a pierwszy dzie\u0144 nauki, to kontynuacja edukacji 127. uczni\u00f3w sze\u015bciu klas drugich i trzecich. Dzisiaj powita\u0142a ich p. Ma\u0142gorzata Zy\u015bk, kt\u00f3ra nie musia\u0142a ju\u017c szczeg\u00f3\u0142owo zapoznawa\u0107 swoich uczni\u00f3w z zasadami i warunkami nauki w tej plac\u00f3wce \u2013 oni je poznali wcze\u015bniej. Pierwsze w roku szkolnym spotkanie gimnazjalne po\u015bwi\u0119cone zosta\u0142o sprawom organizacyjnym, a tak\u017ce przedstawieniu nowych cz\u0142onk\u00f3w Samorz\u0105du Szkolnego i jego nowego opiekuna. Nie zapomniano te\u017c o rocznicy wybuchu II wojny \u015bwiatowej \u2013 poleg\u0142ych w jej wyniku mieszka\u0144c\u00f3w Naszej Gminy uczczono minut\u0105 ciszy.<\/p>\n<p>Jako ostatni tego dnia rozpoczynali nowy rok szkolny uczniowie Zespo\u0142u Szk\u00f3\u0142 Ponadgimnazjalnych. O godz. 10.00 w Sali Gimnastycznej powita\u0142 ich Dyrektor ZSP p. S\u0142awomir Ryszawa. Tradycyjnie zaprezentowa\u0142 sk\u0142ad Rady Pedagogicznej oraz wr\u0119czy\u0142 najlepszym uczniom stypendia Starosty Powiatowego. Grono pedagogiczne przygotowa\u0142o te\u017c wszystkim pewn\u0105 niespodziank\u0119 \u2013 nauczyciele w\u0142\u0105czyli si\u0119 w og\u00f3lnopolsk\u0105 akcj\u0119 pn. \u201eNarodowe Czytanie\u201d i cz\u0119\u015b\u0107 z nich, ku uciesze swoich podopiecznych, wcieli\u0142a si\u0119 w role bohater\u00f3w \u201eWesela\u201d Wyspia\u0144skiego (<span style=\"color: #0000ff;\"><a style=\"color: #0000ff;\" href=\"https:\/\/youtu.be\/m1OQ0s14ZSs\" target=\"_blank\" rel=\"noopener noreferrer\"><strong>zobaczmy kr\u00f3tki film&gt;&gt;&gt;<\/strong><\/a><\/span>).<\/p>\n<p>Wspomnijmy tylko, \u017ce kolejny rok edukacji w ZSP rozpoczyna: 66. uczni\u00f3w Liceum Og\u00f3lnokszta\u0142c\u0105cego, 105. uczni\u00f3w Technikum \u017bywienia i Us\u0142ug Gastronomicznych, 24. uczni\u00f3w Zasadniczej Szko\u0142y Zawodowej i 24. uczni\u00f3w Liceum dla Doros\u0142ych.<\/p>\n<p><strong>\u017byczymy wszystkim powodzenia w nowym roku szkolnym!<\/strong><\/p>\n<p><a href=\"https:\/\/photos.app.goo.gl\/P9qs2MyoX2caqzDY6\" target=\"_blank\" rel=\"noopener noreferrer\"><span style=\"color: #0000ff;\"><strong>Zdj\u0119cia w galerii Google&gt;&gt;&gt;<\/strong><\/span><\/a><\/p>\n<p><strong>Tekst\/foto:<\/strong> S\u0142awek Chyli\u0144ski<\/p>\n","protected":false},"excerpt":{"rendered":"<p>Jak w ca\u0142ej Polsce, plac\u00f3wki o\u015bwiatowe Gminy Sadowne 4 wrze\u015bnia rozpocz\u0119\u0142y nowy rok szkolny 2017\/2018. Jak min\u0105\u0142 pierwszy dzie\u0144 nauki?<\/p>\n","protected":false},"author":1,"featured_media":0,"comment_status":"closed","ping_status":"closed","sticky":false,"template":"","format":"standard","meta":{"footnotes":""},"categories":[5,83,1752,84,85],"tags":[71,2545,16,182],"class_list":["post-16674","post","type-post","status-publish","format-standard","hentry","category-newsy","category-gimnazjum","category-edukacja","category-szkola-podstawowa-im-cz-wycecha","category-zsp","tag-gimnazjum-sadowne","tag-rok-szkolny-20172018","tag-szkola-podstawowa-w-sadownem","tag-zespol-szkol-ponadgimnazjalnych-w-sadownem"],"views":3246,"_links":{"self":[{"href":"https:\/\/info.sadowne.pl\/index.php?rest_route=\/wp\/v2\/posts\/16674","targetHints":{"allow":["GET"]}}],"collection":[{"href":"https:\/\/info.sadowne.pl\/index.php?rest_route=\/wp\/v2\/posts"}],"about":[{"href":"https:\/\/info.sadowne.pl\/index.php?rest_route=\/wp\/v2\/types\/post"}],"author":[{"embeddable":true,"href":"https:\/\/info.sadowne.pl\/index.php?rest_route=\/wp\/v2\/users\/1"}],"replies":[{"embeddable":true,"href":"https:\/\/info.sadowne.pl\/index.php?rest_route=%2Fwp%2Fv2%2Fcomments&post=16674"}],"version-history":[{"count":2,"href":"https:\/\/info.sadowne.pl\/index.php?rest_route=\/wp\/v2\/posts\/16674\/revisions"}],"predecessor-version":[{"id":23101,"href":"https:\/\/info.sadowne.pl\/index.php?rest_route=\/wp\/v2\/posts\/16674\/revisions\/23101"}],"wp:attachment":[{"href":"https:\/\/info.sadowne.pl\/index.php?rest_route=%2Fwp%2Fv2%2Fmedia&parent=16674"}],"wp:term":[{"taxonomy":"category","embeddable":true,"href":"https:\/\/info.sadowne.pl\/index.php?rest_route=%2Fwp%2Fv2%2Fcategories&post=16674"},{"taxonomy":"post_tag","embeddable":true,"href":"https:\/\/info.sadowne.pl\/index.php?rest_route=%2Fwp%2Fv2%2Ftags&post=16674"}],"curies":[{"name":"wp","href":"https:\/\/api.w.org\/{rel}","templated":true}]}}