{"id":16743,"date":"2017-09-14T15:27:46","date_gmt":"2017-09-14T13:27:46","guid":{"rendered":"http:\/\/info.sadowne.pl\/?p=16743"},"modified":"2020-04-24T12:45:11","modified_gmt":"2020-04-24T10:45:11","slug":"bylismy-na-kongresie-turystycznym","status":"publish","type":"post","link":"https:\/\/info.sadowne.pl\/?p=16743","title":{"rendered":"Byli\u015bmy na Kongresie Turystycznym"},"content":{"rendered":"<p><strong><img loading=\"lazy\" decoding=\"async\" class=\"alignleft size-thumbnail wp-image-16744\" src=\"http:\/\/info.sadowne.pl\/wp-content\/uploads\/2017\/09\/2017.09.14.5-180x130.jpg\" alt=\"\" width=\"180\" height=\"130\" \/>14 wrze\u015bnia w W\u0119growie odby\u0142 si\u0119 II Kongres Turystyczny Powiatu W\u0119growskiego. Byli\u015bmy tam\u2026<\/strong><!--more--><\/p>\n<p>Powiat W\u0119growski posiada wiele miejsc o bogatej przesz\u0142o\u015bci i tradycji, miejsc z wyj\u0105tkowymi walorami przyrodniczymi i unikalnymi obiektami architektonicznymi. Rozpoczynaj\u0105c II Kongres Turystyczny Powiatu W\u0119growskiego, kt\u00f3ry odby\u0142 si\u0119 14 wrze\u015bnia w W\u0119growskim O\u015brodku Kultury, m\u00f3wi\u0142a o nich p. Halina Uli\u0144ska \u2013 Wicestarosta W\u0119growski i inicjator Kongresu.<\/p>\n<p>Podczas tego spotkania, na kt\u00f3re przybyli przedstawiciele Samorz\u0105du Wojew\u00f3dztwa Mazowieckiego oraz wszystkich gmin Powiatu i firm wspomagaj\u0105cych, wiele m\u00f3wiono w\u0142a\u015bnie o miejscach, kt\u00f3re mog\u0105 by\u0107 atrakcyjne i warte odwiedzenia, ale g\u0142\u00f3wnie skupiono si\u0119 na Dolinie Liwca. Jest ona ciekawym i bardzo malowniczym elementem naszego Powiatu \u2013 ukaza\u0142 to te\u017c film promuj\u0105cy Powiat, kt\u00f3ry obejrzeli na wst\u0119pie uczestnicy tego spotkania.<\/p>\n<p>By\u0142a to te\u017c okazja do nagrodzenia produkt\u00f3w regionalnych, kt\u00f3re uczestniczy\u0142y w Konkursie og\u0142oszonym przez Starostwo Powiatowe. W\u015br\u00f3d prezentowanych na w\u0119growskiej scenie produkt\u00f3w, w jednej z kategorii znalaz\u0142 si\u0119 Zesp\u00f3\u0142 \u015apiewaczy \u201eSadowianki\u201d, a tak\u017ce impreza &#8211; \u201eRetro Moto Show\u201d w Sadownem. No c\u00f3\u017c, ale to nie by\u0142 nasz dzie\u0144 i oby\u0142o si\u0119 bez nagr\u00f3d. Podzi\u0119kowanie za udzia\u0142 w Konkursie w imieniu Gminy Sadowne odebra\u0142 p. Zbigniew Bocian.<\/p>\n<p>M\u00f3wiono, proponowano i zach\u0119cano do lokalnej promocji turystycznej, ale je\u015bli si\u0119 czego\u015b nie zobaczy lub nie spr\u00f3buje, to trudno ocenia\u0107. I tu mieli\u015bmy okazj\u0119\u2026 zobaczy\u0107 wyst\u0119p, w\u015br\u00f3d innych, Zespo\u0142u Tanecznego Zespo\u0142u Szk\u00f3\u0142 Ponadgimnazjalnych w Sadownem, kt\u00f3ry zachwyci\u0142 publiczno\u015b\u0107 ta\u0144cami przygotowanymi wsp\u00f3lnie z uczniami przez pp. Miros\u0142aw\u0119 Renik i Marka Renika, do muzyki w aran\u017cacji Witolda Jarosi\u0144skiego, oraz \u015bpiewem wokalistki \u2013 Ingi Tarapata.<\/p>\n<p>W kuluarach WOK-u dominowa\u0142o natomiast nasze Technikum \u017bywienia i Us\u0142ug Gastronomicznych, kt\u00f3rego uczniowie, wraz z p. El\u0105 Rukat i p. Magd\u0105 Figo\u0144, przygotowali moc r\u00f3\u017cnych specja\u0142\u00f3w na miar\u0119 w\u0142a\u015bnie produktu regionalnego. Nie ujmuj\u0105c nic wyr\u00f3\u017cnionym pierogom czy w\u0119dlinom, kt\u00f3re nagrodzono w Konkursie, nale\u017cy przyzna\u0107, \u017ce w Sadownem te\u017c nie powstydzimy si\u0119 naszych, lokalnych \u201eprodukt\u00f3w regionalnych\u201d, co potwierdzali najznamienitsi smakosze w trakcie pokongresowych dyskusji.<\/p>\n<p>Mowa jednak o turystyce \u2013 Dolina Liwca jest troch\u0119 od nas oddalona, ale Sadowne te\u017c ma potencja\u0142 i stawia na turystyk\u0119. Mo\u017ce ju\u017c wkr\u00f3tce, mo\u017ce w przysz\u0142ym roku wsp\u00f3lnymi si\u0142ami doprowadzimy do tego, \u017ce b\u0119dzie o nas troch\u0119 g\u0142o\u015bniej\u2026<\/p>\n<p><a href=\"https:\/\/photos.app.goo.gl\/bskpbwH3RZUynWaz6\" target=\"_blank\" rel=\"noopener noreferrer\"><span style=\"color: #0000ff;\"><strong>Zdj\u0119cia w galerii Google&gt;&gt;&gt;<\/strong><\/span><\/a><\/p>\n<p><strong>Tekst\/foto:<\/strong> S\u0142awek Chyli\u0144ski<\/p>\n","protected":false},"excerpt":{"rendered":"<p>14 wrze\u015bnia w W\u0119growie odby\u0142 si\u0119 II Kongres Turystyczny Powiatu W\u0119growskiego. Byli\u015bmy tam\u2026<\/p>\n","protected":false},"author":1,"featured_media":0,"comment_status":"closed","ping_status":"closed","sticky":false,"template":"","format":"standard","meta":{"footnotes":""},"categories":[5,1,2495],"tags":[2561,254,68,182],"class_list":["post-16743","post","type-post","status-publish","format-standard","hentry","category-newsy","category-inne","category-nasi-sasiedzi","tag-ii-kongres-turystyczny-powiatu-wegrowskiego","tag-technikum-zywienia-i-uslug-gastronomicznych-w-sadownem","tag-wegrow","tag-zespol-szkol-ponadgimnazjalnych-w-sadownem"],"views":3945,"_links":{"self":[{"href":"https:\/\/info.sadowne.pl\/index.php?rest_route=\/wp\/v2\/posts\/16743","targetHints":{"allow":["GET"]}}],"collection":[{"href":"https:\/\/info.sadowne.pl\/index.php?rest_route=\/wp\/v2\/posts"}],"about":[{"href":"https:\/\/info.sadowne.pl\/index.php?rest_route=\/wp\/v2\/types\/post"}],"author":[{"embeddable":true,"href":"https:\/\/info.sadowne.pl\/index.php?rest_route=\/wp\/v2\/users\/1"}],"replies":[{"embeddable":true,"href":"https:\/\/info.sadowne.pl\/index.php?rest_route=%2Fwp%2Fv2%2Fcomments&post=16743"}],"version-history":[{"count":4,"href":"https:\/\/info.sadowne.pl\/index.php?rest_route=\/wp\/v2\/posts\/16743\/revisions"}],"predecessor-version":[{"id":23097,"href":"https:\/\/info.sadowne.pl\/index.php?rest_route=\/wp\/v2\/posts\/16743\/revisions\/23097"}],"wp:attachment":[{"href":"https:\/\/info.sadowne.pl\/index.php?rest_route=%2Fwp%2Fv2%2Fmedia&parent=16743"}],"wp:term":[{"taxonomy":"category","embeddable":true,"href":"https:\/\/info.sadowne.pl\/index.php?rest_route=%2Fwp%2Fv2%2Fcategories&post=16743"},{"taxonomy":"post_tag","embeddable":true,"href":"https:\/\/info.sadowne.pl\/index.php?rest_route=%2Fwp%2Fv2%2Ftags&post=16743"}],"curies":[{"name":"wp","href":"https:\/\/api.w.org\/{rel}","templated":true}]}}