{"id":16775,"date":"2017-09-20T22:11:06","date_gmt":"2017-09-20T20:11:06","guid":{"rendered":"http:\/\/info.sadowne.pl\/?p=16775"},"modified":"2020-04-24T12:34:25","modified_gmt":"2020-04-24T10:34:25","slug":"trasa-rowerowa-nr-6-zarzetka-grabiny-krupinskie","status":"publish","type":"post","link":"https:\/\/info.sadowne.pl\/?p=16775","title":{"rendered":"Trasa rowerowa nr 6: Zarzetka, Grabiny, Krupi\u0144skie"},"content":{"rendered":"<p><a href=\"http:\/\/info.sadowne.pl\/wp-content\/uploads\/2017\/07\/2017.07.24.2.jpg\" target=\"_blank\" rel=\"noopener noreferrer\"><img loading=\"lazy\" decoding=\"async\" class=\"alignleft wp-image-16320 size-thumbnail\" src=\"http:\/\/info.sadowne.pl\/wp-content\/uploads\/2017\/07\/2017.07.24.2-180x130.jpg\" alt=\"\" width=\"180\" height=\"130\" \/><\/a><\/p>\n<p><strong>D\u0142ugo\u015b\u0107: ok. 15 km, w tym ok. 3 km drogi gruntowe, utwardzone \u017cwirem; pozosta\u0142e prawie 12 km to drogi asfaltowe.<\/strong><!--more--><\/p>\n<p><strong>Odcinki dr\u00f3g gruntowych: 8,69 \u2013 10,78, 13,05 \u2013 13,45 oraz 13,87 \u2013 14,35 km &#8211; (ok. 3 km). <\/strong><\/p>\n<p><strong>Rozpoczynamy i ko\u0144czymy przed Gminnym O\u015brodkiem Kultury w Sadownem. <\/strong><\/p>\n<p><strong>Oznaczenia:<\/strong><\/p>\n<p>\u2013 kolor czarny \u2013 droga asfaltowa<\/p>\n<p>\u2013 kolor \u017c\u00f3\u0142ty \u2013 droga gruntowa, miejscami utwardzona \u017cwirem<\/p>\n<p><strong>Ciekawe miejsca:<\/strong><\/p>\n<p>I \u2013 kapliczka z rze\u017ab\u0105 \u015bw. Jana Nepomucena w Zalesiu \u2013 4,2 km,<\/p>\n<p>II \u2013 pomnik przyrody \u2013 d\u0105b w Oci\u0119tem \u2013 4,25 km,<\/p>\n<p>III \u2013 szko\u0142a i krzy\u017c \u201eKu czci i pami\u0119ci mieszk. Gr. Zarzetka poleg\u0142ych i zaginionych w latach 1939 \u2013 1945\u201d w Grabinach \u2013 5,2 km,<\/p>\n<p>IV \u2013 kaplica i pomnik \u201eW ho\u0142dzie mieszka\u0144com wsi: Zarzetka, Zalesie, Grabiny i Ra\u017cny poleg\u0142ym i pomordowanym przez niemieckich i sowieckich naje\u017ad\u017ac\u00f3w w latach 1939 \u2013 1945\u201d w Zarzetce \u2013 5,5\u00a0km,<\/p>\n<p>V \u2013 pomnik przyrody \u2013 sosna w Grabinach \u2013 7,25 km,<\/p>\n<p>VI \u2013 ku\u017ania w Krupi\u0144skiem \u2013 10,64 km,<\/p>\n<p>VII \u2013 jaz i m\u0142yn na Ugoszczy w Krupi\u0144skiem \u2013 10,78 km,<\/p>\n<p>VIII \u2013 pomnik przyrody &#8211; d\u0105b \u201eWolno\u015bci\u201d w Krupi\u0144skiem \u2013 11,14 km,<\/p>\n<p>IX \u2013 Muzeum Ziemi Sadowie\u0144skiej w Sadownem, ul. Ko\u015bciuszki \u2013 14,65 km.<br \/>\n<iframe loading=\"lazy\" style=\"margin: 0; padding: 0; border: 0; overflow: hidden;\" src=\"https:\/\/www.MapFab.com\/html\/embedded\/k4w?height=440&amp;width=560&amp;renderInfo=true\" width=\"560\" height=\"440\"><\/iframe><br \/>\n<strong>Zobacz map\u0119 na stronie\u00a0<span style=\"color: #0000ff;\"><a style=\"color: #0000ff;\" href=\"https:\/\/www.MapFab.com\/map\/k4w\/Trasa-rowerowa-nr-6-Sadowne\" target=\"_blank\" rel=\"noopener noreferrer\">https:\/\/www.MapFab.com\/map\/k4w\/Trasa-rowerowa-nr-6-Sadowne<\/a><\/span><\/strong><\/p>\n<p><span style=\"color: #ff0000;\"><strong>Opis trasy:<\/strong><\/span><\/p>\n<p><a href=\"http:\/\/info.sadowne.pl\/wp-content\/uploads\/2017\/09\/2017.09.20.1.jpg\" target=\"_blank\" rel=\"noopener noreferrer\"><img loading=\"lazy\" decoding=\"async\" class=\"alignright wp-image-16766 size-thumbnail\" src=\"http:\/\/info.sadowne.pl\/wp-content\/uploads\/2017\/09\/2017.09.20.1-180x130.jpg\" alt=\"\" width=\"180\" height=\"130\" \/><\/a>Ruszamy sprzed Gminnego O\u015brodka Kultury w Sadownem ulic\u0105 Ko\u015bciuszki na p\u00f3\u0142noc i, mijaj\u0105c po 400 m z lewej restauracj\u0119 Za\u015bcianek Nowy Styl i sklep Topaz, \u201ewyrzu\u0107my\u201d lew\u0105 r\u0119k\u0119, gdy\u017c ust\u0105piwszy pierwsze\u0144stwa pojazdom poruszaj\u0105cym si\u0119 ul. Wiejsk\u0105, skr\u0119cimy w\u0142a\u015bnie ostro w lewo i pod g\u00f3rk\u0119.<\/p>\n<p><a href=\"http:\/\/info.sadowne.pl\/wp-content\/uploads\/2017\/08\/2017.08.17.7.jpg\" target=\"_blank\" rel=\"noopener noreferrer\"><img loading=\"lazy\" decoding=\"async\" class=\"alignleft wp-image-16522 size-thumbnail\" src=\"http:\/\/info.sadowne.pl\/wp-content\/uploads\/2017\/08\/2017.08.17.7-180x130.jpg\" alt=\"\" width=\"180\" height=\"130\" \/><\/a>Zapami\u0119tajmy ten moment, bo jest to miejsce, sk\u0105d co najmniej dwukrotnie \u015bw. Jan \u201eodsuwa\u0142 si\u0119&#8221; od Sadownego. A gdzie\u017c si\u0119 odsuwa\u0142, wkr\u00f3tce ujrzymy.<\/p>\n<p><a href=\"http:\/\/info.sadowne.pl\/wp-content\/uploads\/2017\/08\/2017.08.17.8.jpg\" target=\"_blank\" rel=\"noopener noreferrer\"><img loading=\"lazy\" decoding=\"async\" class=\"alignright wp-image-16523 size-thumbnail\" src=\"http:\/\/info.sadowne.pl\/wp-content\/uploads\/2017\/08\/2017.08.17.8-180x130.jpg\" alt=\"\" width=\"180\" height=\"130\" \/><\/a>Ledwie podjedziemy po 80 m na nasyp drogi krajowej nr 50, zatrzymajmy si\u0119 i przejed\u017amy t\u0119 drog\u0119 dopiero, gdy b\u0119dzie pusta. To droga o du\u017cym nasileniu ruchu, a w miejscu, w kt\u00f3rym j\u0105 przeje\u017cd\u017camy, cz\u0119sto dochodzi do tragicznych wypadk\u00f3w. Ostro\u017cnie jed\u017amy te\u017c nast\u0119pne kilka kilometr\u00f3w, a\u017c miniemy Grabiny, bo ul. Wiejska i dalsza trasa te\u017c cechuj\u0105 si\u0119 sporym ruchem pojazd\u00f3w i brawur\u0105 kierowc\u00f3w na prostych odcinkach.<\/p>\n<p>Z g\u00f3rki zjedziemy w zabudowania ulicy Wiejskiej \u2013 tej centralnej. Po obydw\u00f3ch jej stronach sporo zadbanych posesji i tylko gdzieniegdzie zza nowych murowanych dom\u00f3w skromnie wygl\u0105daj\u0105 stare drewniane chaty, a w podw\u00f3rkach stodo\u0142y. Przejedziemy ponad kilometr, a innych \u015blad\u00f3w wsi nie zauwa\u017cymy. Na posesjach nie ma zwierz\u0105t gospodarskich, nie wida\u0107 charakterystycznych nowoczesnych ob\u00f3r dla kr\u00f3w czy silos\u00f3w i bel z kiszonk\u0105. Jedynie dwie \u201eparowy\u201d mijane z prawej, poro\u015bni\u0119te olsem, podkre\u015blaj\u0105 wiejski charakter okolicy. A\u017c k\u0142uje w oczy brak chodnika, cho\u0107by tylko z lewej strony jezdni, gdzie jest wi\u0119cej zabudowa\u0144, no i brak rowerowej \u015bcie\u017cki.<\/p>\n<p>Przed znakami informuj\u0105cymi o ko\u0144cu zabudowa\u0144 Sadownego, pocz\u0105tku S\u00f3jk\u00f3wka<em> (powstanie tej wsi w 1830 roku \u015bci\u015ble zwi\u0105zane jest z przybyciem na te tereny kolonist\u00f3w niemieckich, a jej nazwa pochodzi od nazwiska jednego z nich: Soyke)<\/em> z prawej i Oci\u0119tego <em>(pierwsze wzmianki o powstaniu tej wsi datuje si\u0119 na rok 1743) <\/em>z lewej sp\u00f3jrzmy na drewniany krzy\u017c, niedawno wzniesiony na miejscu starego i charakterystyczn\u0105 stop\u0119 wyrze\u017abion\u0105 na jego trzonie. Dalej zabudowania stan\u0105 si\u0119 rzadkie. I te z lewej w Oci\u0119tem i te z prawej w Sojk\u00f3wku stoj\u0105 cz\u0119sto w oddali, w\u015br\u00f3d p\u00f3l i \u0142\u0105k, a dalej te z prawej jakby przyklejone do \u015bciany borku. Od niego, ku szosie p\u0142ynie Bojewka i na 3,8 km trasy przejedziemy nad ni\u0105 mostkiem.\u00a0 Z prawej widoczne b\u0119d\u0105 posesje Podborza.<\/p>\n<p>Zwolnijmy, czeka nas prawdziwa pere\u0142ka, gdy\u017c na 4,2 km trasy, na prawo tu\u017c przy drodze w Zalesiu (<em>jest to najm\u0142odsza wie\u015b w gminie. Wcze\u015bniej osada ta stanowi\u0142a cz\u0119\u015b\u0107 Ra\u017cen jako Ra\u017cny-Zalesie. Wschodnia cz\u0119\u015b\u0107 wsi nazywana jest przez mieszka\u0144c\u00f3w Podborzem. W p\u00f3\u0142nocnej cz\u0119\u015bci tzw. Su\u0107, dawniej nazywana Budami Ra\u017cnie\u0144skimi. Znajduje si\u0119 ona zaledwie 100 m od Bugu. W zapiskach ko\u015bcielnych najpierw pojawi\u0142a si\u0119 nazwa Podborze (1836), a dopiero p\u00f3\u017aniej &#8211; Zalesie. Za wsi\u0105 znajduje si\u0119 rozleg\u0142e starorzecze Bugu. Dalej, na zbiorniku wodnym zwanym jeziorem \u0141awki, \u017cyj\u0105 \u0142ab\u0119dzie i dzikie kaczki. Teren ten od dawna zalewany przez powodzie. Po wielkiej powodzi w 1979 wzd\u0142u\u017c Bugu usypano wysokie wa\u0142y),<\/em> \u015bw. Jan upodoba\u0142 sobie miejsce dla siebie, \u201eodsuwaj\u0105c si\u0119\u201d od Sadownego (<a href=\"https:\/\/photos.app.goo.gl\/BugNQW7gybc7b7Dy5\" target=\"_blank\" rel=\"noopener noreferrer\"><span style=\"color: #0000ff;\"><strong>zobacz wi\u0119cej&gt;&gt;&gt;<\/strong><\/span><\/a>).<\/p>\n<p>Bez kozery wr\u0119cz musimy zej\u015b\u0107 z roweru i dok\u0142adnie obejrze\u0107 sam\u0105 kapliczk\u0119 i \u015bw. Jana w niej usadowionego. Nie szcz\u0119d\u017amy czasu, tylko zwr\u00f3\u0107my uwag\u0119 na starannie wykonane detale rze\u017aby. Rozejrzyjmy si\u0119 te\u017c wok\u00f3\u0142, pr\u00f3buj\u0105c dociec, czemu tu dwukrotnie wielkie powodzie przynosi\u0142y j\u0105 spod ko\u015bcio\u0142a w Sadownem; a sk\u0105d do ko\u015bcio\u0142a przyp\u0142yn\u0119\u0142a, nikt nie wie (historycy milcz\u0105, wi\u0119c agencjom detektywistycznym proponujemy wykrycie tego i wykorzystanie jako reklamy firmy). Mo\u017ce \u015bw. Jan przewidzia\u0142, \u017ce za szos\u0105 po stu lub wi\u0119cej latach narodzi si\u0119 ksi\u0105dz, co wi\u0119kszo\u015b\u0107 pos\u0142ugi z w\u0142asnej woli sp\u0119dzi\u0142 na Syberii, a mo\u017ce to ma\u0142y Kazio, widz\u0105c codziennie stare\u0144k\u0105 kapliczk\u0119 z przepi\u0119kn\u0105, naturalnej wielko\u015bci figur\u0105 \u015bwi\u0119tego, postanowi\u0142 i\u015b\u0107 jego drog\u0105? Trudno dociec, a my teraz pomy\u015blmy i przypomnijmy sobie, ile ju\u017c, po niespe\u0142na 5 km trasy min\u0119li\u015bmy kapliczek i krzy\u017cy; jak nie zwr\u00f3cili\u015bmy na to uwagi, zwr\u00f3\u0107my j\u0105, przeje\u017cd\u017caj\u0105c kiedy\u015b t\u0119 tras\u0119 ponownie. A t\u0119 kapliczk\u0119 z Nepomukiem zapami\u0119tajmy szczeg\u00f3lnie, pochodzi ona bowiem prawdopodobnie z XVIII wieku, cho\u0107 s\u0105 \u017ar\u00f3d\u0142a co m\u00f3wi\u0105 o wieku XVII. Ju\u017c sama kapliczka stanowi wyr\u00f3\u017cniaj\u0105ce si\u0119 dzie\u0142o kunsztu ciesielskiego. To stylowo wykonana zr\u0119bowa kapliczka brogowa, z drzwiczkami i oknami, kt\u00f3rej wn\u0119trze pomie\u015bci kilka os\u00f3b i ongi\u015b dawa\u0142o schronienie w\u0119drowcom podczas ulew i \u015bnie\u017cyc. W \u015brodku mie\u015bci ona prawdziwe arcydzie\u0142o, drewniana posta\u0107 \u015bwi\u0119tego jest bowiem idealna. W\u015br\u00f3d tysi\u0119cy figur Jana Nepomucena, jakie w Europie mo\u017cna napotka\u0107, t\u0119 \u015bmia\u0142o mo\u017cna uzna\u0107 za wyj\u0105tkow\u0105. Wg nas ust\u0119puje ona jedynie pierwowzorowi z praskiego mostu Karola.<\/p>\n<p>Jad\u0105c dalej, podziwia\u0107 mo\u017cemy kolejne du\u017ce d\u0119by, wynios\u0142e olchy czy masowo obsadzane przed laty na poboczach topole. Ju\u017c w odleg\u0142o\u015bci 50 m od kapliczki \u015bw. Jana, po lewej stronie drogi i zaraz za przystankiem autobusowym w Oci\u0119tem, mo\u017cemy zobaczy\u0107 okaza\u0142y d\u0105b, kt\u00f3ry dumnie \u201epr\u0119\u017cy pier\u015b\u201d ukazuj\u0105c nam tabliczk\u0119 \u201ePomnik przyrody\u201d (<a href=\"https:\/\/photos.app.goo.gl\/D4vB8vJcE7CfaEXDA\" target=\"_blank\" rel=\"noopener noreferrer\"><span style=\"color: #0000ff;\"><strong>zobacz wi\u0119cej&gt;&gt;&gt;<\/strong><\/span><\/a>).<\/p>\n<p>Na ok. 5 km trasy dojedziemy do skrzy\u017cowania dr\u00f3g i utrzymuj\u0105c si\u0119 na g\u0142\u00f3wnej drodze skr\u0119\u0107my, jad\u0105c ni\u0105 w lewo do Grabin <em>(wie\u015b powsta\u0142a w 1570 r. i zwano j\u0105 pocz\u0105tkowo od jej za\u0142o\u017cyciela w\u00f3jta Dobrosza, gda\u0144szczanina, Dobroszewem, a potem tak\u017ce Niemcow\u0105 Wol\u0105)<\/em>.<\/p>\n<p><a href=\"http:\/\/info.sadowne.pl\/wp-content\/uploads\/2017\/09\/2017.09.20.2.jpg\" target=\"_blank\" rel=\"noopener noreferrer\"><img loading=\"lazy\" decoding=\"async\" class=\"alignleft wp-image-16767 size-thumbnail\" src=\"http:\/\/info.sadowne.pl\/wp-content\/uploads\/2017\/09\/2017.09.20.2-180x130.jpg\" alt=\"\" width=\"180\" height=\"130\" \/><\/a>Miniemy sklep, boisko i po 200 m dojedziemy do Szko\u0142y Podstawowej w Grabinach, w kt\u00f3rej mie\u015bci si\u0119 te\u017c Filia Gminnej Biblioteki Publicznej w Sadownem. Przed szko\u0142\u0105, tu\u017c za bram\u0105, przy szosie, kolejne pe\u0142ne refleksji miejsce. Grabiny i Zarzetka s\u0105 wsiami, kt\u00f3re szczeg\u00f3lnie ucierpia\u0142y w czasie II wojny \u015bwiatowej. Dwukrotnie (ju\u017c 9 wrze\u015bnia 1939 r. i w marcu 1943 r.) hitlerowcy dokonywali w nich okrutnych mord\u00f3w ludno\u015bci cywilnej. Niewielki krzy\u017c \u201eKu czci i pami\u0119ci mieszk. Gr. Zarzetka poleg\u0142ych i zaginionych w latach 1939 \u2013 1945\u201d przed szko\u0142\u0105 upami\u0119tnia te wydarzenia (<a href=\"https:\/\/photos.app.goo.gl\/RjguTEH4SzUF6mBZ6\" target=\"_blank\" rel=\"noopener noreferrer\"><span style=\"color: #0000ff;\"><strong>zobacz wi\u0119cej&gt;&gt;&gt;<\/strong><\/span><\/a>).<\/p>\n<p>Min\u0105wszy szko\u0142\u0119, po ok. 150 m dostrze\u017cemy z prawej, nieco dalej od szosy, du\u017c\u0105 kaplic\u0119. By do niej dojecha\u0107, musimy skr\u0119ci\u0107 w prawo, w szos\u0119 biegn\u0105c\u0105 przez Zarzetk\u0119 (<em>w<\/em><em>ie\u015b po\u0142o\u017cona jest w zachodniej cz\u0119\u015bci gminy Sadowne. Rozci\u0105ga si\u0119 wzd\u0142u\u017c rzeki\u00a0<\/em><em>Bojewki\u00a0na d\u0142ugo\u015bci 2,5 km. Nazwa wsi pojawi\u0142a si\u0119 po raz pierwszy w\u00a01836. Wcze\u015bniej osada ta stanowi\u0142a cz\u0119\u015b\u0107\u00a0Ra\u017cen\u00a0jako Ra\u017cny-Zarzetka<\/em>) ku Lipie\u0144cowi i zjecha\u0107 z niej ku wej\u015bciu do kaplicy. Tu z lewej dostrze\u017cemy krzy\u017c i kamienny obelisk \u201eW ho\u0142dzie mieszka\u0144com wsi: Zarzetka, Zalesie, Grabiny i Ra\u017cny poleg\u0142ym i pomordowanym przez niemieckich i sowieckich naje\u017ad\u017ac\u00f3w w latach 1939 \u2013 1945\u201d. Na nim widniej\u0105 r\u00f3wnie\u017c imiona i nazwiska rozstrzelanych przez nazist\u00f3w. Ale mieszka\u0144cy tych wsi byli nie tylko ofiarami II wojny \u015bwiatowej. Wielu z nich w tym czasie s\u0142u\u017cy\u0142o w Armii Krajowej, dokonuj\u0105c bohaterskich czyn\u00f3w. Mo\u017cemy o nich poczyta\u0107 cho\u0107by w ksi\u0105\u017cce A. Firewicza \u201eSadowne i okolice wczoraj i dzi\u015b\u201d, kt\u00f3rej dwa wydania czekaj\u0105 na was w Gminnej Bibliotece Publicznej (<a href=\"https:\/\/photos.app.goo.gl\/ejQNKWXaETXMHdcMA\" target=\"_blank\" rel=\"noopener noreferrer\"><span style=\"color: #0000ff;\"><strong>zobacz wi\u0119cej&gt;&gt;&gt;<\/strong><\/span><\/a>).<\/p>\n<p>Spod kaplicy wracamy na szos\u0119 i ju\u017c na pocz\u0105tku dalszej jazdy (5,76 km) kolejna atrakcja: wynios\u0142y, szeroki mostek na Bojewce. A\u017c trudno oprze\u0107 si\u0119 ch\u0119ci ponownego opuszczenia rowerowego siode\u0142ka i przyjrzenia si\u0119 otaczaj\u0105cej przestrzeni. Z prawej wi\u0119ksze rozlewisko wodne i drewniany mostek na \u201euciekaj\u0105cej\u201d do Buga rzeczce, a z lewej rozszerzaj\u0105ce si\u0119 korytko wp\u0142ywaj\u0105cej strugi i widok na po\u0142o\u017cone bli\u017cej i dalej siedliska. Z obu stron wiejskie pejza\u017ce godne nie tyle fotki, co malarskiego p\u0119dzla (<a href=\"https:\/\/photos.app.goo.gl\/NRGwTtAQ5rrYUsUQA\" target=\"_blank\" rel=\"noopener noreferrer\"><span style=\"color: #0000ff;\"><strong>zobacz wi\u0119cej&gt;&gt;&gt;<\/strong><\/span><\/a>).<\/p>\n<p>Ale musimy pomyka\u0107 dalej, co u\u0142atwi rozp\u0119dzenie zje\u017cd\u017caj\u0105cego z podwy\u017cszonego mostku rumaka. Mkn\u0105c mo\u017ce us\u0142yszymy latem g\u0142osy kryj\u0105cego si\u0119 w\u015br\u00f3d podmok\u0142ych \u0142\u0105k ptactwa i nawet nie zauwa\u017cymy, \u017ce przejechali\u015bmy mostek na kolejnej rzeczce (6,30 km) \u2013 Ugoszczy, ale j\u0105 poznamy dok\u0142adniej ju\u017c nied\u0142ugo.<\/p>\n<p>Tymczasem zauwa\u017cmy odchodz\u0105c\u0105 w lewo, oczywi\u015bcie przy kolejnej kapliczce z krzy\u017cem i napisem \u201eBo\u017ce b\u0142ogos\u0142aw mieszka\u0144com Grabin\u201d z 1883 r. (<a href=\"https:\/\/photos.app.goo.gl\/KrW3dbo32QRzr8Nh6\" target=\"_blank\" rel=\"noopener noreferrer\"><span style=\"color: #0000ff;\"><strong>zobacz wi\u0119cej&gt;&gt;&gt;<\/strong><\/span><\/a>), drog\u0119 asfaltow\u0105 (ok. 6,7 km) biegn\u0105c\u0105 do Oci\u0119tego. Nie skr\u0119camy w ni\u0105, a mkniemy dalej \u0142ukiem w prawo w kierunku Szynkarzyzny.<\/p>\n<p>Na Granicy Grabin i Szynkarzyzny (7,25 km) mamy jeszcze okazj\u0119 obejrze\u0107 kolejny florystyczny fenomen. Tu\u017c przy jezdni, po jej prawej stronie swoje konary roz\u0142o\u017cy\u0142a nad traktem pot\u0119\u017cna sona \u2013 r\u00f3wnie\u017c pomnik przyrody (<a href=\"https:\/\/photos.app.goo.gl\/UWDSWbuHuHBgv3sF6\" target=\"_blank\" rel=\"noopener noreferrer\"><span style=\"color: #0000ff;\"><strong>zobacz wi\u0119cej&gt;&gt;&gt;<\/strong><\/span><\/a>). Mijamy j\u0105 i po stu metrach jeste\u015bmy ju\u017c w Szynkarzy\u017anie, gdzie zaraz skr\u0119camy w lewo w nowiutk\u0105 drog\u0119 asfaltow\u0105.<\/p>\n<p><a href=\"http:\/\/info.sadowne.pl\/wp-content\/uploads\/2017\/09\/2017.09.20.3.jpg\" target=\"_blank\" rel=\"noopener noreferrer\"><img loading=\"lazy\" decoding=\"async\" class=\"alignright wp-image-16768 size-thumbnail\" src=\"http:\/\/info.sadowne.pl\/wp-content\/uploads\/2017\/09\/2017.09.20.3-180x130.jpg\" alt=\"\" width=\"180\" height=\"130\" \/><\/a>Czeka nas jazda na wprost, a po 1,1 km wje\u017cd\u017camy do Oci\u0119tego. Po prawej widoczny jest du\u017cy tartak, a po lewej (8,56 km) skrzy\u017cowanie z drog\u0105 od Grabin, za kt\u00f3rym \u2013 po lewej \u2013 znajduje si\u0119 kolejny krzy\u017c z 1943 r. na betonowym cokole.<\/p>\n<p><a href=\"http:\/\/info.sadowne.pl\/wp-content\/uploads\/2017\/09\/2017.09.20.4.jpg\" target=\"_blank\" rel=\"noopener noreferrer\"><img loading=\"lazy\" decoding=\"async\" class=\"alignleft wp-image-16769 size-thumbnail\" src=\"http:\/\/info.sadowne.pl\/wp-content\/uploads\/2017\/09\/2017.09.20.4-180x130.jpg\" alt=\"\" width=\"180\" height=\"130\" \/><\/a>Po dalszych 130 m, za tablic\u0105 z napisem \u201eOci\u0119te\u201d skr\u0119camy w prawo, w drog\u0119 \u017cwirow\u0105 ku miejscowo\u015bci Krupi\u0144skie<em> (pierwsz\u0105 wzmiank\u0119 o wsi datuje si\u0119 na rok 1684).<\/em><\/p>\n<p>Droga ta nie pozwala na szybk\u0105 jazd\u0119, za to zauwa\u017cymy, jak pola i \u0142\u0105ki, pocz\u0105tkowo z lewej, a potem obustronnie, ust\u0119puj\u0105 miejsca lasom. Po lewej, g\u0142\u00f3wnie w\u015br\u00f3d sosen, skrywaj\u0105 si\u0119 z rzadka posesje oci\u0119towskiego \u201eZastru\u017ca\u201d. Zauwa\u017cymy te\u017c jak las osiad\u0142 na coraz wy\u017cszej, r\u00f3wnolegle do drogi usypanej przez ust\u0119puj\u0105cy lodowiec, g\u00f3rce. Z prawej powitaj\u0105 nas domki Krupi\u0144skiego. W nim dojedziemy do drogi prowadz\u0105cej z Sadownego ku Czaplowi\u017anie.<\/p>\n<p>Przed krzy\u017c\u00f3wk\u0105, z lewej, ujrzymy wspania\u0142\u0105 panoram\u0119 kwarcowej g\u00f3rki i stoj\u0105cy przydro\u017cny krzy\u017c. Czysty, bia\u0142o\u017c\u00f3\u0142ty piasek z g\u00f3rki zosta\u0142 ju\u017c w znacznej cz\u0119\u015bci wybrany na nowobudowane we wsi obiekty i obecnie przed ni\u0105 jakby piaszczysta pla\u017ca; niedawno jeszcze g\u00f3rka si\u0119ga\u0142a drogi, teraz wznosi si\u0119 dobre kilkadziesi\u0105t metr\u00f3w od niej.<\/p>\n<p>Za drog\u0105 za\u015b (10,64 km) bia\u0142y murek skrywa nieco siedlisko z ku\u017ani\u0105. Krupi\u0144skie znane by\u0142o z ku\u017ani i m\u0142yna, kt\u00f3rych historia ma dwa wieki lub wi\u0119cej. Obiekty te zobaczymy i dzi\u015b, cho\u0107 m\u0142yn ju\u017c nieczynny, za to ku\u017ania zaprasza. O ile dopisze nam szcz\u0119\u015bcie i dysponujemy czasem, to p. Edward Danaj \u2013 kowal, prowadz\u0105cy tu Pracowni\u0119 Rzemios\u0142a Artystycznego, \u00a0poka\u017ce nam swoje \u201ekr\u00f3lestwo\u201d. A naprawd\u0119 jest co ogl\u0105da\u0107, bo urz\u0105dze\u0144 i eksponat\u00f3w w nim jest co niemiara i troch\u0119 czasu to wymaga (<a href=\"https:\/\/photos.app.goo.gl\/8pzRYF6rEW9Z8odx7\" target=\"_blank\" rel=\"noopener noreferrer\"><span style=\"color: #0000ff;\"><strong>zobacz wi\u0119cej&gt;&gt;&gt;<\/strong><\/span><\/a>).<\/p>\n<p>Zejd\u017amy wi\u0119c z rumak\u00f3w i nie wsiadajmy na nie, gdy\u017c nast\u0119pne niespodzianki s\u0105 \u201ena wyci\u0105gni\u0119cie r\u0119ki\u201d. Udaj\u0105c si\u0119 na wsch\u00f3d, ku Sadownemu, ju\u017c po 140 metrach ujrzymy mostek i us\u0142yszymy szum wody. Tu te\u017c ko\u0144czy si\u0119 nam piaszczysta nawierzchnia drogi gruntowej i przechodzi p\u0142ynnie w asfalt. Przed mostkiem z prawej s\u0105 betonowe, zaniedbane schodki, kt\u00f3re pozwol\u0105 bezpiecznie podej\u015b\u0107 do brzegu rzeczki Ugoszczy. Zobaczymy przegradzaj\u0105cy kilkumetrowe koryto strugi jaz spi\u0119trzaj\u0105cy wartko sp\u0142ywaj\u0105c\u0105 za nim wod\u0119, kt\u00f3rej szumu nie powinno nam nic, pr\u00f3cz piania kogut\u00f3w, zak\u0142\u00f3ci\u0107, bo ruch pojazd\u00f3w w tym miejscu znikomy. Kiedy\u015b woda Ugoszczy nap\u0119dza\u0142a ko\u0142a m\u0142yna i ku\u017ani, daj\u0105ce energi\u0119 urz\u0105dzeniom wytapiaj\u0105cym stal z darniowej rudy i miel\u0105cym zbo\u017ca na krupy (st\u0105d nazwa wsi). Jak\u017ce przyjemnie by\u0142oby tu si\u0105\u015b\u0107 na \u0142awce, pod wiat\u0105, odpocz\u0105\u0107 i poci\u0105gn\u0105\u0107 kilka \u0142yk\u00f3w napoju uzupe\u0142niaj\u0105cego p\u0142yny, kt\u00f3re organizm przez ponad 10 km wydali\u0142; a mo\u017ce latem boso wej\u015b\u0107 do si\u0119gaj\u0105cej za kolana wody, by zn\u00f3w nabra\u0107 rze\u015bko\u015bci (<a href=\"https:\/\/photos.app.goo.gl\/rms7UyyNs937hzSG7\" target=\"_blank\" rel=\"noopener noreferrer\"><span style=\"color: #0000ff;\"><strong>zobacz wi\u0119cej&gt;&gt;&gt;<\/strong><\/span><\/a>).<\/p>\n<p>Za mostkiem z lewej stoi budynek starego m\u0142yna. Warto przej\u015b\u0107 ku niemu, dostrzec z bliska stare elementy budowli i kolejne \u201edobud\u00f3wki\u201d. Szkoda, \u017ce w\u0142a\u015bciciel mieszka w Sadownem, gdy\u017c \u017carna m\u0142yna jeszcze niedawno pracowa\u0142y i podobnie jak urz\u0105dzenia ku\u017ani powinny m\u00f3c zaprezentowa\u0107 sw\u0105 si\u0142\u0119 odwiedzaj\u0105cym.<\/p>\n<p><a href=\"http:\/\/info.sadowne.pl\/wp-content\/uploads\/2017\/09\/2017.09.20.5.jpg\" target=\"_blank\" rel=\"noopener noreferrer\"><img loading=\"lazy\" decoding=\"async\" class=\"alignright wp-image-16770 size-thumbnail\" src=\"http:\/\/info.sadowne.pl\/wp-content\/uploads\/2017\/09\/2017.09.20.5-180x130.jpg\" alt=\"\" width=\"180\" height=\"130\" \/><\/a>Je\u015bli my\u015blicie, \u017ce w Krupi\u0144skiem ju\u017c nic nas nie zaskoczy, to jad\u0105c dalej, po 350 m sp\u00f3jrzcie, jak na rozwidleniu dr\u00f3g ku Sadownemu i w prawo ku Ziele\u0144cowi rozr\u00f3s\u0142 si\u0119 pomnikowy, ogromny d\u0105b \u201eWolno\u015bci\u201d \u2013 pomnik przyrody (<a href=\"https:\/\/photos.app.goo.gl\/yWXPfCPqGFZvaxEi6\" target=\"_blank\" rel=\"noopener noreferrer\"><span style=\"color: #0000ff;\"><strong>zobacz wi\u0119cej&gt;&gt;&gt;<\/strong><\/span><\/a>).\u00a0 Za nim wiejska \u015bwietlica i ostatnie zabudowania sio\u0142a.<\/p>\n<p>Przed nami prosty odcinek biegn\u0105cej przez lasy drogi. A w lasach rozci\u0105gni\u0119tych po Oci\u0119te, Sadowne i Zieleniec w sezonie mn\u00f3stwo grzyb\u00f3w, bor\u00f3wek i jag\u00f3d, w tym \u0142ochyni. Pewnie to ich amatorzy pozostawiaj\u0105 przy drodze g\u0142\u00f3wnie szklane i plastikowe \u201epami\u0105tki\u201d. Nie pos\u0105dzamy o to mieszka\u0144c\u00f3w Krupi\u0144skiego, bo przecie\u017c z konieczno\u015bci kr\u00f3tkie opisy atrakcji, jakie wie\u015b ta oferuje, wskazuj\u0105 na jej ogromny i w znikomym tylko stopniu wykorzystywany turystyczny i kulturowy potencja\u0142.<\/p>\n<p>Niestety, gdy ju\u017c przed sob\u0105 dobrze widzie\u0107 b\u0119dziemy znaki informuj\u0105ce, \u017ce ponownie doje\u017cd\u017camy do krajowej 50-tki (13,05 km), musimy zwolni\u0107, gdy\u017c asfalt towarzysz\u0105cy nam od g\u00f3rki w Krupi\u0144skiem przejdzie zaskakuj\u0105co w drog\u0119 \u017cwirow\u0105, kt\u00f3rej stan nie pozwala na szybk\u0105 jazd\u0119. Mo\u017ce to i dobrze, bo tym \u0142atwiej przyjdzie nam wyhamowa\u0107 niemal do zera na asfalcie, przed przekroczeniem na wprost szosy z Mi\u0144ska Maz. do \u0141om\u017cy na \u201ekrzy\u017c\u00f3wkach\u201d (13,46 km) i ust\u0105pieniem po ok. 50 m pierwsze\u0144stwa tym, co poruszaj\u0105 si\u0119 drog\u0105 z Sadownego do Stoczka .<\/p>\n<p>A za \u201ekrzy\u017c\u00f3wkami\u201d ju\u017c Sadowne i znana nam ul. Grunwaldzka. Z niej zjed\u017amy po ok. 300 m w prawo w ulic\u0119 Ku\u017anica. Jad\u0105c \u017cwir\u00f3wk\u0105 lekko pod g\u00f3rk\u0119, zobaczymy, jak las s\u0105siaduje z posesjami, a zje\u017cd\u017caj\u0105c &#8211; dostrze\u017cemy z prawej znaczne obni\u017cenie terenu nad Bojewk\u0105. Tu\u017c przed mostkiem wynios\u0142o\u015b\u0107 terenu (<a href=\"https:\/\/photos.app.goo.gl\/Y9oDN51p6RbKRRdEA\" target=\"_blank\" rel=\"noopener noreferrer\"><span style=\"color: #0000ff;\"><strong>zobacz wi\u0119cej&gt;&gt;&gt;<\/strong><\/span><\/a>). <em>To miejsce po sadowie\u0144skich m\u0142ynie i ku\u017ani. Woda spi\u0119trzona na Bojewce tworzy\u0142a rozlewisko si\u0119gaj\u0105ce ul. S\u0142onecznej i kraw\u0119dzi lasu. Tu, podobnie jak w Krupi\u0144skiem, wytapiano przed Zamojskimi i za nich darniow\u0105 rud\u0119 i mielono zbo\u017ca. Topniej\u0105cy lodowiec wyrze\u017abi\u0142 pradolinki Ugoszczy i Bojewki, pozostawiaj\u0105c w nich ma\u0142o warto\u015bciow\u0105, ale przed wiekami cenn\u0105 darniow\u0105 rud\u0119 \u017celaza. Dzi\u015b po ku\u017ani i m\u0142ynie w Sadownem pozosta\u0142a tylko nazwa ulicy. A \u201eKu\u017anica\u201d, jako odr\u0119bna wie\u015b, wymieniona jest po raz pierwszy w 1758 r. w parafialnej ksi\u0119dze chrzt\u00f3w. Wcze\u015bniej male\u0144kie osiedle tu powsta\u0142e zwano \u201eKowalewskim\u201d.<\/em><\/p>\n<p><a href=\"http:\/\/info.sadowne.pl\/wp-content\/uploads\/2017\/09\/2017.09.20.6.jpg\" target=\"_blank\" rel=\"noopener noreferrer\"><img loading=\"lazy\" decoding=\"async\" class=\"alignleft wp-image-16771 size-thumbnail\" src=\"http:\/\/info.sadowne.pl\/wp-content\/uploads\/2017\/09\/2017.09.20.6-180x130.jpg\" alt=\"\" width=\"180\" height=\"130\" \/><\/a>Wje\u017cd\u017camy na asfalt, mijamy mostek (14,35 km) i po\u0142o\u017cone tu\u017c za nim budynki starego (z prawej, obecnie ZGK, GOPS i Lecznica Weterynaryjna) i nowego (z lewej) O\u015brodk\u00f3w Zdrowia.<\/p>\n<p><a href=\"http:\/\/info.sadowne.pl\/wp-content\/uploads\/2017\/07\/2017.07.25.11-1.jpg\" target=\"_blank\" rel=\"noopener noreferrer\"><img loading=\"lazy\" decoding=\"async\" class=\"alignright wp-image-16336 size-thumbnail\" src=\"http:\/\/info.sadowne.pl\/wp-content\/uploads\/2017\/07\/2017.07.25.11-1-180x130.jpg\" alt=\"\" width=\"180\" height=\"130\" \/><\/a><\/p>\n<p>A przed nami posesja z du\u017cym, starym, drewnianym domem, gdzie kiedy\u015b by\u0142 urz\u0105d i ul. S\u0142oneczna, w kt\u00f3r\u0105 ostro\u017cnie (znak: ust\u0105p pierwsze\u0144stwa) skr\u0119camy w lewo. Kiedy\u015b tu w\u0142a\u015bnie by\u0142o administracyjne centrum gminy Sadowne, z du\u017cym, przeniesionym z P\u0142atkownicy budynkiem.<\/p>\n<p><a href=\"http:\/\/info.sadowne.pl\/wp-content\/uploads\/2017\/09\/2017.09.20.7.jpg\" target=\"_blank\" rel=\"noopener noreferrer\"><img loading=\"lazy\" decoding=\"async\" class=\"alignleft wp-image-16772 size-thumbnail\" src=\"http:\/\/info.sadowne.pl\/wp-content\/uploads\/2017\/09\/2017.09.20.7-180x130.jpg\" alt=\"\" width=\"180\" height=\"130\" \/><\/a>My przeje\u017cd\u017camy po kolejnym mostku na Bojewce (14,46 km), mijamy wynios\u0142y krzy\u017c przy odchodz\u0105cej w lewo ul. Grunwaldzkiej (14,57), a po kolejnych 100 m, po lewej zaprasza nas otwarta brama na teren sadowie\u0144skich obiekt\u00f3w szkolnych, gdzie mie\u015bci si\u0119 r\u00f3wnie\u017c warte odwiedzenia Muzeum Ziemi Sadowie\u0144skiej <em>(czynne we wtorki i czwartki w godz. 8.00-16.00 oraz pi\u0105tki \u2013 8.00-12.00 lub w innym terminie po uzgodnieniu telefonicznym &#8211; <\/em><a href=\"https:\/\/photos.app.goo.gl\/7Zi4i46yoWteGBYZA\" target=\"_blank\" rel=\"noopener noreferrer\"><span style=\"color: #0000ff;\"><strong>zobacz wi\u0119cej&gt;&gt;&gt;<\/strong><\/span><\/a><em>). \u00a0<\/em><\/p>\n<p><a href=\"http:\/\/info.sadowne.pl\/wp-content\/uploads\/2017\/09\/2017.09.20.8.jpg\" target=\"_blank\" rel=\"noopener noreferrer\"><img loading=\"lazy\" decoding=\"async\" class=\"alignright wp-image-16773 size-thumbnail\" src=\"http:\/\/info.sadowne.pl\/wp-content\/uploads\/2017\/09\/2017.09.20.8-180x130.jpg\" alt=\"\" width=\"180\" height=\"130\" \/><\/a>Je\u015bli jednak zdecydujemy si\u0119 na dalsz\u0105 jazd\u0119 ul. Ko\u015bciuszki, to tu\u017c za szko\u0142\u0105, po prawej mo\u017cemy zatrzyma\u0107 si\u0119 na \u0142yk czego\u015b orze\u017awiaj\u0105cego w Caffe Marica, sk\u0105d tylko 200 m i doje\u017cd\u017camy do przyjaznego turystom GOK-u.<\/p>\n<p>Przejechali\u015bmy ok. 14,95 km.<\/p>\n<p><img loading=\"lazy\" decoding=\"async\" class=\"aligncenter wp-image-16778 size-full\" src=\"http:\/\/info.sadowne.pl\/wp-content\/uploads\/2017\/09\/2017.09.20.10.jpg\" alt=\"\" width=\"250\" height=\"250\" \/><\/p>\n","protected":false},"excerpt":{"rendered":"<p>D\u0142ugo\u015b\u0107: ok. 15 km, w tym ok. 3 km drogi gruntowe, utwardzone \u017cwirem; pozosta\u0142e prawie 12 km to drogi asfaltowe.<\/p>\n","protected":false},"author":1,"featured_media":0,"comment_status":"closed","ping_status":"closed","sticky":false,"template":"","format":"standard","meta":{"footnotes":""},"categories":[5,906,7,2502],"tags":[907,25,2563,2535],"class_list":["post-16775","post","type-post","status-publish","format-standard","hentry","category-newsy","category-rekreacja","category-sport","category-trasy-rowerowe","tag-rekreacja-2","tag-sadowne","tag-trasa-rowerowa-nr-6-sadowne","tag-trasy-rowerowe"],"views":3982,"_links":{"self":[{"href":"https:\/\/info.sadowne.pl\/index.php?rest_route=\/wp\/v2\/posts\/16775","targetHints":{"allow":["GET"]}}],"collection":[{"href":"https:\/\/info.sadowne.pl\/index.php?rest_route=\/wp\/v2\/posts"}],"about":[{"href":"https:\/\/info.sadowne.pl\/index.php?rest_route=\/wp\/v2\/types\/post"}],"author":[{"embeddable":true,"href":"https:\/\/info.sadowne.pl\/index.php?rest_route=\/wp\/v2\/users\/1"}],"replies":[{"embeddable":true,"href":"https:\/\/info.sadowne.pl\/index.php?rest_route=%2Fwp%2Fv2%2Fcomments&post=16775"}],"version-history":[{"count":8,"href":"https:\/\/info.sadowne.pl\/index.php?rest_route=\/wp\/v2\/posts\/16775\/revisions"}],"predecessor-version":[{"id":23093,"href":"https:\/\/info.sadowne.pl\/index.php?rest_route=\/wp\/v2\/posts\/16775\/revisions\/23093"}],"wp:attachment":[{"href":"https:\/\/info.sadowne.pl\/index.php?rest_route=%2Fwp%2Fv2%2Fmedia&parent=16775"}],"wp:term":[{"taxonomy":"category","embeddable":true,"href":"https:\/\/info.sadowne.pl\/index.php?rest_route=%2Fwp%2Fv2%2Fcategories&post=16775"},{"taxonomy":"post_tag","embeddable":true,"href":"https:\/\/info.sadowne.pl\/index.php?rest_route=%2Fwp%2Fv2%2Ftags&post=16775"}],"curies":[{"name":"wp","href":"https:\/\/api.w.org\/{rel}","templated":true}]}}