{"id":16789,"date":"2017-09-27T15:46:16","date_gmt":"2017-09-27T13:46:16","guid":{"rendered":"http:\/\/info.sadowne.pl\/?p=16789"},"modified":"2017-09-27T15:46:16","modified_gmt":"2017-09-27T13:46:16","slug":"5-minut-o-5","status":"publish","type":"post","link":"https:\/\/info.sadowne.pl\/?p=16789","title":{"rendered":"5 minut o\u2026"},"content":{"rendered":"<p><strong><img loading=\"lazy\" decoding=\"async\" class=\"alignleft size-thumbnail wp-image-7835\" src=\"http:\/\/info.sadowne.pl\/wp-content\/uploads\/2015\/02\/wojtcyran-180x130.jpg\" alt=\"\" width=\"180\" height=\"130\" srcset=\"https:\/\/info.sadowne.pl\/wp-content\/uploads\/2015\/02\/wojtcyran-180x130.jpg 180w, https:\/\/info.sadowne.pl\/wp-content\/uploads\/2015\/02\/wojtcyran-300x215.jpg 300w, https:\/\/info.sadowne.pl\/wp-content\/uploads\/2015\/02\/wojtcyran.jpg 784w\" sizes=\"auto, (max-width: 180px) 100vw, 180px\" \/>\u2026Pomniku Tadeusza Ko\u015bciuszki. <\/strong><!--more--><\/p>\n<p><strong>\u00a0Witam Pa\u0144stwa !<\/strong><\/p>\n<p>Jak wiemy rok 2017 zosta\u0142 ustanowiony przez Sejm i Senat Rokiem Tadeusza Ko\u015bciuszki, w zwi\u0105zku z przypadaj\u0105c\u0105 200. rocznic\u0105 jego \u015bmierci. Patronat nad obchodami obj\u0119\u0142a Organizacja Narod\u00f3w Zjednoczonych do spraw O\u015bwiaty, Nauki i Kultury UNESCO. Rok Ko\u015bciuszkowski ustanowiono tak\u017ce w Stanach Zjednoczonych.<\/p>\n<p><a href=\"http:\/\/info.sadowne.pl\/wp-content\/uploads\/2017\/09\/2017.09.27.1.jpg\" target=\"_blank\" rel=\"noopener noreferrer\"><img loading=\"lazy\" decoding=\"async\" class=\"alignright wp-image-16790 size-medium\" src=\"http:\/\/info.sadowne.pl\/wp-content\/uploads\/2017\/09\/2017.09.27.1-300x237.jpg\" alt=\"\" width=\"300\" height=\"237\" srcset=\"https:\/\/info.sadowne.pl\/wp-content\/uploads\/2017\/09\/2017.09.27.1-300x237.jpg 300w, https:\/\/info.sadowne.pl\/wp-content\/uploads\/2017\/09\/2017.09.27.1-768x607.jpg 768w, https:\/\/info.sadowne.pl\/wp-content\/uploads\/2017\/09\/2017.09.27.1.jpg 796w\" sizes=\"auto, (max-width: 300px) 100vw, 300px\" \/><\/a>Gmina Sadowne r\u00f3wnie\u017c przygotowuje si\u0119 do tych wydarze\u0144. Postanowili\u015bmy wyremontowa\u0107 pomnik Tadeusza Ko\u015bciuszki, kt\u00f3ry znajduje si\u0119 na skwerze w Sadowem. Pomnik z d\u0142ugoletni\u0105 histori\u0105, kt\u00f3ry powsta\u0142 w czasach zabor\u00f3w w podzi\u0119ce za uw\u0142aszczenie ch\u0142op\u00f3w, carowi Aleksandrowi II w 1867 r. Jak opisuj\u0105 \u017ar\u00f3d\u0142a: <em>&#8222;Na pami\u0105tk\u0119 uw\u0142aszczenia w\u0142o\u015bcian dnia 14 lutego\/2 marca 1864 r. w\u0142o\u015bcianie gminy P\u0142atkownica Bogu na chwa\u0142\u0119 Monarsze Aleksandrowi II na szczer\u0105 pami\u0105tk\u0119 ten pomnik wynie\u015bli dnia 19 lutego\/2 marca 1867 r.&#8221;. <\/em>Pod koniec I wojny \u015bwiatowej mieszka\u0144cy postanowili przebudowa\u0107 pomnik i po\u015bwi\u0119ci\u0107 go Tadeuszowi Ko\u015bciuszce: <em>&#8222;Tadeuszowi Ko\u015bciuszce w setn\u0105 rocznic\u0119 1817 &#8211; 1917 Rodacy&#8221;.<\/em><\/p>\n<p><a href=\"http:\/\/info.sadowne.pl\/wp-content\/uploads\/2017\/09\/2017.09.27.2.jpg\" target=\"_blank\" rel=\"noopener noreferrer\"><img loading=\"lazy\" decoding=\"async\" class=\"alignleft wp-image-16791 size-medium\" src=\"http:\/\/info.sadowne.pl\/wp-content\/uploads\/2017\/09\/2017.09.27.2-300x212.jpg\" alt=\"\" width=\"300\" height=\"212\" srcset=\"https:\/\/info.sadowne.pl\/wp-content\/uploads\/2017\/09\/2017.09.27.2-300x212.jpg 300w, https:\/\/info.sadowne.pl\/wp-content\/uploads\/2017\/09\/2017.09.27.2-768x543.jpg 768w, https:\/\/info.sadowne.pl\/wp-content\/uploads\/2017\/09\/2017.09.27.2.jpg 789w\" sizes=\"auto, (max-width: 300px) 100vw, 300px\" \/><\/a>200. rocznica \u015bmierci i obchody z tym zwi\u0105zane dodatkowo zmobilizowa\u0142y nas, aby w roku ko\u015bciuszkowskim dokona\u0107 remontu pomnika. Chcemy przywr\u00f3ci\u0107 blask tego wyj\u0105tkowego obelisku. Jak pami\u0119tacie, w czerwcu na \u0142amach <em>infosadowne <\/em>oraz facebooka pokazali\u015bmy Wam dwie propozycje nowego pomnika. Aprobat\u0105 mieszka\u0144c\u00f3w by\u0142o, aby pomnik zosta\u0142 odbudowany w niezmienionej formule. Nast\u0119pnie zwr\u00f3cili\u015bmy si\u0119 do Instytutu Pami\u0119ci Narodowej o wsparcie tej inwestycji. Pomys\u0142 remontu pomnika spodoba\u0142 si\u0119 tak bardzo, \u017ce IPN postanowi\u0142 sfinalizowa\u0107 ca\u0142o\u015b\u0107 inwestycji. Na pocz\u0105tku wrze\u015bnia wys\u0142ali\u015bmy zapytania ofertowe do firm, kt\u00f3re podj\u0119\u0142yby si\u0119 wykonaniu remontu. Otrzymali\u015bmy 3 oferty, a najlepsz\u0105 okaza\u0142a si\u0119 oferta firmy GRANITY SKWARA GROUP S.C. Warto\u015b\u0107 inwestycji to 60 tys. z\u0142.<\/p>\n<p><a href=\"http:\/\/info.sadowne.pl\/wp-content\/uploads\/2017\/09\/2017.09.27.3.jpg\" target=\"_blank\" rel=\"noopener noreferrer\"><img loading=\"lazy\" decoding=\"async\" class=\"alignright wp-image-16792 size-medium\" src=\"http:\/\/info.sadowne.pl\/wp-content\/uploads\/2017\/09\/2017.09.27.3-200x300.jpg\" alt=\"\" width=\"200\" height=\"300\" srcset=\"https:\/\/info.sadowne.pl\/wp-content\/uploads\/2017\/09\/2017.09.27.3-200x300.jpg 200w, https:\/\/info.sadowne.pl\/wp-content\/uploads\/2017\/09\/2017.09.27.3.jpg 510w\" sizes=\"auto, (max-width: 200px) 100vw, 200px\" \/><\/a>Od wczoraj mogli\u015bcie zobaczy\u0107, \u017ce wykonawca pracuje ju\u017c w terenie. Pomnik zosta\u0142 rozebrany, gdy\u017c po ods\u0142oni\u0119ciu konstrukcji g\u0142\u00f3wnej stwierdzono, \u017ce r\u00f3wnie\u017c nadaje si\u0119 do wymiany. Czekamy na efekty pracy wykonawcy, ale mo\u017cemy ju\u017c zdradzi\u0107, \u017ce do po\u0142owy pa\u017adziernika nowy pomnik Tadeusza Ko\u015bciuszki b\u0119dzie gotowy. A dla os\u00f3b, kt\u00f3re nie mog\u0105 doczeka\u0107 si\u0119, aby go zobaczy\u0107: na za\u0142\u0105czonym zdj\u0119ciu mo\u017cecie zobaczy\u0107 wizualizacje naszej inwestycji.\u00a0 Mamy nadziej\u0119, \u017ce dzi\u0119ki remontowi pomnik b\u0119dzie sta\u0142 d\u0142ugie lata, a dzi\u0119ki temu pami\u0119\u0107 naszego rodaka i patrona g\u0142\u00f3wnej ul. Sadownego w naszych sercach nie zginie.<\/p>\n<p><a href=\"http:\/\/info.sadowne.pl\/wp-content\/uploads\/2017\/09\/2017.09.27.4.jpg\" target=\"_blank\" rel=\"noopener noreferrer\"><img loading=\"lazy\" decoding=\"async\" class=\"aligncenter wp-image-16793 size-medium\" src=\"http:\/\/info.sadowne.pl\/wp-content\/uploads\/2017\/09\/2017.09.27.4-200x300.jpg\" alt=\"\" width=\"200\" height=\"300\" srcset=\"https:\/\/info.sadowne.pl\/wp-content\/uploads\/2017\/09\/2017.09.27.4-200x300.jpg 200w, https:\/\/info.sadowne.pl\/wp-content\/uploads\/2017\/09\/2017.09.27.4.jpg 510w\" sizes=\"auto, (max-width: 200px) 100vw, 200px\" \/><\/a><\/p>\n<p><strong>A teraz troch\u0119 historii o naszym Wielkim Rodaku\u2026.<\/strong><\/p>\n<p><em>Tadeusz Ko\u015bciuszko \u2013 Najwy\u017cszy Naczelnik Si\u0142y Zbrojnej i przyw\u00f3dca og\u00f3lnonarodowego powstania \u2013 insurekcji ko\u015bciuszkowskiej.\u00a0 Polski i ameryka\u0144ski genera\u0142, niez\u0142omny bojownik w walkach o niepodleg\u0142o\u015b\u0107. Pochodzi\u0142 ze \u015bredniej szlachty. Po uko\u0144czeniu szko\u0142y \u015bredniej kszta\u0142ci\u0142 si\u0119 w Szkole Rycerskiej, a nast\u0119pnie jako stypendysta wyjecha\u0142 do Pary\u017ca. W 1774 roku w stopniu kapitana artylerii powr\u00f3ci\u0142 do kraju. Rok p\u00f3\u017aniej wyjecha\u0142 do Ameryki, by wzi\u0105\u0107 udzia\u0142 w walce o niepodleg\u0142o\u015b\u0107 Stan\u00f3w Zjednoczonych. Jako in\u017cynier wojskowy fortyfikowa\u0142 Filadelfi\u0119 i obozy ameryka\u0144skiej armii p\u00f3\u0142nocnej. Jest te\u017c tw\u00f3rc\u0105 budynk\u00f3w szko\u0142y wojskowej West Point. W pa\u017adzierniku 1775 roku zosta\u0142 mianowany przez Kongres pu\u0142kownikiem, a w 1783 r. mianowany zosta\u0142 genera\u0142em brygady. W 1784 r. roku wr\u00f3ci\u0142 do Polski i osiad\u0142 w Siechnowicach. W 1789 r. powo\u0142any zosta\u0142 do wojska polskiego w stopniu genera\u0142a \u2013 majora. W 1792 roku w czasie wojny polsko\u2013rosyjskiej walcz\u0105c w armii koronnej odznacza\u0142 si\u0119 w bitwach pod Zielenicami, a zw\u0142aszcza pod Dubienk\u0105. Po przyst\u0105pieniu Stanis\u0142awa Augusta do Targowicy poda\u0142 si\u0119 do dymisji i wyjecha\u0142 do Lipska.\u00a0 W 1793 r., z ramienia emigracji polskiej, uda\u0142 si\u0119 do Pary\u017ca, by uzyska\u0107 pomoc dla Polski od francuskiego rz\u0105du rewolucyjnego. Jego misja nie powiod\u0142a si\u0119. Przewidziany na przysz\u0142ego wodza powstania w Polsce, bra\u0142 udzia\u0142 w pracach zaprzysi\u0119\u017cenia powsta\u0144czego w latach 1793-1794. We wrze\u015bniu 1793 r., uznaj\u0105c brak mo\u017cliwo\u015bci zorganizowania skutecznego powstania narodowego, wyjecha\u0142 do W\u0142och. Powr\u00f3ci\u0142 do Polski w marcu 1794 roku. Po og\u0142oszeniu insurekcji w Krakowie (24.III.1794 roku) Ko\u015bciuszko obj\u0105\u0142 w\u0142adz\u0119 dyktatorsk\u0105 jako Najwy\u017cszy Naczelnik Si\u0142y Zbrojnej Narodowej. W czasie trwania walk stosowa\u0142 now\u0105 taktyk\u0119 w zakresie wsp\u00f3\u0142dzia\u0142ania broni, staraj\u0105c si\u0119 rekompensowa\u0107 niedostateczne uzbrojenie i wyszkolenie armii powsta\u0144czej. Wykaza\u0142 du\u017ce umiej\u0119tno\u015bci w zakresie fortyfikacji polowych. Rozbicie wojsk rosyjskich w bitwie pod Rac\u0142awicami (4.IV.1794 r.) umo\u017cliwi\u0142o spokojniejsze organizowanie armii polskiej i pozyskanie ch\u0142op\u00f3w. Dla zjednania wsi og\u0142osi\u0142 dwa uniwersa\u0142y (pod Winiarami 2.V 1794 i Po\u0142a\u0144cem 5.V 1794 roku) znosz\u0105ce podda\u0144stwo osobiste i ograniczaj\u0105ce pa\u0144szczyzn\u0119. Po kl\u0119sce pod Maciejowicami (10.X.1794 r.) wi\u0119ziony w twierdzy pietropaw\u0142owskiej w Petersburgu. Zwolniony przez cara Paw\u0142a I w 1796 roku, po z\u0142o\u017ceniu przysi\u0119gi wierno\u015bci carowi, w 1797 roku wyjecha\u0142 do Stan\u00f3w Zjednoczonych. W lipcu 1798 roku przyby\u0142 do Pary\u017ca, gdzie wsp\u00f3\u0142dzia\u0142a\u0142 przy tworzeniu Legion\u00f3w polskich. Sprzeciwia\u0142 si\u0119 jednak wi\u0105zaniu sprawy polskiej z Napoleonem, kt\u00f3remu nie ufa\u0142. W 1799 roku bra\u0142 udzia\u0142 w zak\u0142adaniu w kraju Towarzystwa Republikan\u00f3w Polskich. Zmar\u0142 w Szwajcarii (w Solurze), gdzie sp\u0119dzi\u0142 ostatnie lata swego \u017cycia. Cia\u0142o Ko\u015bciuszki\u00a0 przewieziono w 1818 roku do Krakowa, gdzie spoczywa w kryptach kr\u00f3lewskich obok ks. J\u00f3zefa Poniatowskiego.\u00a0<\/em><\/p>\n<p><em>\u00a0\u0179r\u00f3d\u0142o: <\/em><\/p>\n<p><em>1.\u00a0 http:\/\/www.kopieckosciuszki.pl\/pl\/tadeusz-kosciuszko,<\/em><\/p>\n<p><em>2. https:\/\/pl.wikipedia.org\/wiki\/Tadeusz_Ko%C5%9Bciuszko<\/em><\/p>\n<p><strong>15 pa\u017adziernika w Gminie Sadowne odb\u0119dzie si\u0119 ods\u0142oni\u0119cie i po\u015bwi\u0119cenie pomnika Tadeusza Ko\u015bciuszki. Uroczyst\u0105 Msz\u0105 \u015aw. o godz. 11.00 rozpoczniemy obchody, na kt\u00f3re zaprosili\u015bmy wielu znakomitych go\u015bci.<\/strong><\/p>\n<p><strong>R\u00f3wnie\u017c Was drodzy mieszka\u0144cy zapraszamy do uczestnictwa w uroczysto\u015bciach. <\/strong><\/p>\n<p><strong>\u00a0<\/strong><\/p>\n<p><strong>pozdrawiam<\/strong><\/p>\n<p><strong>W\u00f3jt Gminy Sadowne<\/strong><\/p>\n<p><strong>Waldemar Cyran<\/strong><\/p>\n","protected":false},"excerpt":{"rendered":"<p>\u2026Pomniku Tadeusza Ko\u015bciuszki.<\/p>\n","protected":false},"author":1,"featured_media":0,"comment_status":"closed","ping_status":"closed","sticky":false,"template":"","format":"standard","meta":{"footnotes":""},"categories":[1204,5,41],"tags":[2566,1033,614],"class_list":["post-16789","post","type-post","status-publish","format-standard","hentry","category-5-minut-o","category-newsy","category-wiesci-gminne","tag-5-minut-o-pomniku-tadeusza-kosciuszki","tag-waldemar-cyran","tag-wojt-gminy-sadowne"],"views":3865,"_links":{"self":[{"href":"https:\/\/info.sadowne.pl\/index.php?rest_route=\/wp\/v2\/posts\/16789","targetHints":{"allow":["GET"]}}],"collection":[{"href":"https:\/\/info.sadowne.pl\/index.php?rest_route=\/wp\/v2\/posts"}],"about":[{"href":"https:\/\/info.sadowne.pl\/index.php?rest_route=\/wp\/v2\/types\/post"}],"author":[{"embeddable":true,"href":"https:\/\/info.sadowne.pl\/index.php?rest_route=\/wp\/v2\/users\/1"}],"replies":[{"embeddable":true,"href":"https:\/\/info.sadowne.pl\/index.php?rest_route=%2Fwp%2Fv2%2Fcomments&post=16789"}],"version-history":[{"count":1,"href":"https:\/\/info.sadowne.pl\/index.php?rest_route=\/wp\/v2\/posts\/16789\/revisions"}],"predecessor-version":[{"id":16794,"href":"https:\/\/info.sadowne.pl\/index.php?rest_route=\/wp\/v2\/posts\/16789\/revisions\/16794"}],"wp:attachment":[{"href":"https:\/\/info.sadowne.pl\/index.php?rest_route=%2Fwp%2Fv2%2Fmedia&parent=16789"}],"wp:term":[{"taxonomy":"category","embeddable":true,"href":"https:\/\/info.sadowne.pl\/index.php?rest_route=%2Fwp%2Fv2%2Fcategories&post=16789"},{"taxonomy":"post_tag","embeddable":true,"href":"https:\/\/info.sadowne.pl\/index.php?rest_route=%2Fwp%2Fv2%2Ftags&post=16789"}],"curies":[{"name":"wp","href":"https:\/\/api.w.org\/{rel}","templated":true}]}}