{"id":16880,"date":"2017-10-05T12:57:06","date_gmt":"2017-10-05T10:57:06","guid":{"rendered":"http:\/\/info.sadowne.pl\/?p=16880"},"modified":"2017-10-05T12:57:06","modified_gmt":"2017-10-05T10:57:06","slug":"co-w-pazdzierniku","status":"publish","type":"post","link":"https:\/\/info.sadowne.pl\/?p=16880","title":{"rendered":"Co w pa\u017adzierniku?"},"content":{"rendered":"<p><strong><a href=\"http:\/\/info.sadowne.pl\/wp-content\/uploads\/2017\/10\/2013.10.29.2.jpg\" target=\"_blank\" rel=\"noopener noreferrer\"><img loading=\"lazy\" decoding=\"async\" class=\"alignleft wp-image-16881 size-thumbnail\" src=\"http:\/\/info.sadowne.pl\/wp-content\/uploads\/2017\/10\/2013.10.29.2-180x130.jpg\" alt=\"\" width=\"180\" height=\"130\" \/><\/a>Czas ogrodowych prac ko\u0144czy si\u0119, ale w pa\u017adzierniku musimy ju\u017c przygotowywa\u0107 si\u0119 do zimy.<\/strong><!--more--><\/p>\n<p><a href=\"http:\/\/info.sadowne.pl\/wp-content\/uploads\/2013\/10\/2013.10.13.4.jpg\" target=\"_blank\" rel=\"noopener noreferrer\"><img loading=\"lazy\" decoding=\"async\" class=\"alignright wp-image-3361 size-medium\" src=\"http:\/\/info.sadowne.pl\/wp-content\/uploads\/2013\/10\/2013.10.13.4-300x200.jpg\" alt=\"\" width=\"300\" height=\"200\" srcset=\"https:\/\/info.sadowne.pl\/wp-content\/uploads\/2013\/10\/2013.10.13.4-300x200.jpg 300w, https:\/\/info.sadowne.pl\/wp-content\/uploads\/2013\/10\/2013.10.13.4.jpg 806w\" sizes=\"auto, (max-width: 300px) 100vw, 300px\" \/><\/a>Przed przymrozkami mo\u017cemy sadzi\u0107 jeszcze cebule narcyz\u00f3w, tulipan\u00f3w, hiacynt\u00f3w i krokus\u00f3w, a tak\u017ce drobne cebulki p\u0119dowe lilii. Jest to te\u017c ostatnia chwila na posadzenie drzew i krzew\u00f3w np. r\u00f3\u017cy, drzewek owocowych czy iglak\u00f3w, ale z tzw. go\u0142ym korzeniem (rozejrzyjmy si\u0119 w okolicy za punktami sprzeda\u017cy, kt\u00f3re b\u0119d\u0105 gwarantowa\u0107 nam dobr\u0105 jako\u015b\u0107 sadzonek). Nie zapomnijmy r\u00f3wnie\u017c roz\u0142o\u017cy\u0107 pod drzewami i krzewami obornika lub kompostu.<\/p>\n<p>Obcinamy p\u0119dy\u00a0ro\u015blin jednorocznych i bylin, ale niekt\u00f3re zostawmy by mog\u0142y \u017cywi\u0107 si\u0119 nimi ptaki. Zdrowe p\u0119dy kompostujemy, a pora\u017cone i chore palimy.<\/p>\n<p><a href=\"http:\/\/info.sadowne.pl\/wp-content\/uploads\/2013\/10\/2013.10.13.1.jpg\" target=\"_blank\" rel=\"noopener noreferrer\"><img loading=\"lazy\" decoding=\"async\" class=\"alignleft wp-image-3358 size-medium\" src=\"http:\/\/info.sadowne.pl\/wp-content\/uploads\/2013\/10\/2013.10.13.1-300x200.jpg\" alt=\"\" width=\"300\" height=\"200\" srcset=\"https:\/\/info.sadowne.pl\/wp-content\/uploads\/2013\/10\/2013.10.13.1-300x200.jpg 300w, https:\/\/info.sadowne.pl\/wp-content\/uploads\/2013\/10\/2013.10.13.1.jpg 806w\" sizes=\"auto, (max-width: 300px) 100vw, 300px\" \/><\/a>Mo\u017cna te\u017c jeszcze wysia\u0107 nasiona niekt\u00f3rych gatunk\u00f3w jednorocznych, np. nagietek, chaber czy ostr\u00f3\u017cka pospolita, dwuletnim natomiast (malwy, dzwonki, bratki) po pierwszych przymrozkach okrywamy rozety li\u015bciowe ga\u0142\u0105zkami iglak\u00f3w, li\u015b\u0107mi lub agrow\u0142\u00f3knin\u0105.<\/p>\n<p><a href=\"http:\/\/info.sadowne.pl\/wp-content\/uploads\/2013\/10\/2013.10.13.3.jpg\" target=\"_blank\" rel=\"noopener noreferrer\"><img loading=\"lazy\" decoding=\"async\" class=\"alignright wp-image-3360 size-medium\" src=\"http:\/\/info.sadowne.pl\/wp-content\/uploads\/2013\/10\/2013.10.13.3-300x200.jpg\" alt=\"\" width=\"300\" height=\"200\" srcset=\"https:\/\/info.sadowne.pl\/wp-content\/uploads\/2013\/10\/2013.10.13.3-300x200.jpg 300w, https:\/\/info.sadowne.pl\/wp-content\/uploads\/2013\/10\/2013.10.13.3.jpg 806w\" sizes=\"auto, (max-width: 300px) 100vw, 300px\" \/><\/a>Przed nadej\u015bciem pierwszych mroz\u00f3w musimy podla\u0107 mocno ro\u015bliny zimozielone w rodzaju rododendron\u00f3w czy iglak\u00f3w.<\/p>\n<p>Zadbajmy te\u017c o trawniki \u2013 w pa\u017adzierniku prawdopodobnie wykonamy ju\u017c ostatnie koszenie, kt\u00f3re umo\u017cliwi nam swobodne wygrabienie opad\u0142ych z drzew li\u015bci.<\/p>\n<p><a href=\"http:\/\/info.sadowne.pl\/wp-content\/uploads\/2013\/10\/2013.10.22.1.jpg\" target=\"_blank\" rel=\"noopener noreferrer\"><img loading=\"lazy\" decoding=\"async\" class=\"alignright wp-image-3430 size-medium\" src=\"http:\/\/info.sadowne.pl\/wp-content\/uploads\/2013\/10\/2013.10.22.1-300x224.jpg\" alt=\"\" width=\"300\" height=\"224\" srcset=\"https:\/\/info.sadowne.pl\/wp-content\/uploads\/2013\/10\/2013.10.22.1-300x224.jpg 300w, https:\/\/info.sadowne.pl\/wp-content\/uploads\/2013\/10\/2013.10.22.1.jpg 799w\" sizes=\"auto, (max-width: 300px) 100vw, 300px\" \/><\/a>Oczywi\u015bcie nie zapominajmy te\u017c o sprz\u0105tni\u0119ciu z ogrodu u\u017cytkowanych dotychczas urz\u0105dze\u0144 elektrycznych i w\u0119\u017cy nawadniaj\u0105cych, kt\u00f3re mo\u017ce uszkodzi\u0107 nadchodz\u0105ce och\u0142odzenie, a tak\u017ce przygotowaniu do zimy np. naszego oczka wodnego.<\/p>\n<p><strong>A wi\u0119c, jednak czeka nas troch\u0119 pracy!<\/strong><\/p>\n<p><strong>Tekst\/foto:<\/strong> S\u0142awek Chyli\u0144ski<\/p>\n","protected":false},"excerpt":{"rendered":"<p>Czas ogrodowych prac ko\u0144czy si\u0119, ale w pa\u017adzierniku musimy ju\u017c przygotowywa\u0107 si\u0119 do zimy.<\/p>\n","protected":false},"author":1,"featured_media":0,"comment_status":"closed","ping_status":"closed","sticky":false,"template":"","format":"standard","meta":{"footnotes":""},"categories":[5,1407,414],"tags":[430,424],"class_list":["post-16880","post","type-post","status-publish","format-standard","hentry","category-newsy","category-w-domu-i-ogrodzie","category-w-ogrodzie","tag-jesienne-porzadki-w-ogrodzie","tag-pazdziernik-w-ogrodzie"],"views":2849,"_links":{"self":[{"href":"https:\/\/info.sadowne.pl\/index.php?rest_route=\/wp\/v2\/posts\/16880","targetHints":{"allow":["GET"]}}],"collection":[{"href":"https:\/\/info.sadowne.pl\/index.php?rest_route=\/wp\/v2\/posts"}],"about":[{"href":"https:\/\/info.sadowne.pl\/index.php?rest_route=\/wp\/v2\/types\/post"}],"author":[{"embeddable":true,"href":"https:\/\/info.sadowne.pl\/index.php?rest_route=\/wp\/v2\/users\/1"}],"replies":[{"embeddable":true,"href":"https:\/\/info.sadowne.pl\/index.php?rest_route=%2Fwp%2Fv2%2Fcomments&post=16880"}],"version-history":[{"count":1,"href":"https:\/\/info.sadowne.pl\/index.php?rest_route=\/wp\/v2\/posts\/16880\/revisions"}],"predecessor-version":[{"id":16882,"href":"https:\/\/info.sadowne.pl\/index.php?rest_route=\/wp\/v2\/posts\/16880\/revisions\/16882"}],"wp:attachment":[{"href":"https:\/\/info.sadowne.pl\/index.php?rest_route=%2Fwp%2Fv2%2Fmedia&parent=16880"}],"wp:term":[{"taxonomy":"category","embeddable":true,"href":"https:\/\/info.sadowne.pl\/index.php?rest_route=%2Fwp%2Fv2%2Fcategories&post=16880"},{"taxonomy":"post_tag","embeddable":true,"href":"https:\/\/info.sadowne.pl\/index.php?rest_route=%2Fwp%2Fv2%2Ftags&post=16880"}],"curies":[{"name":"wp","href":"https:\/\/api.w.org\/{rel}","templated":true}]}}