{"id":16911,"date":"2017-10-12T17:00:11","date_gmt":"2017-10-12T15:00:11","guid":{"rendered":"http:\/\/info.sadowne.pl\/?p=16911"},"modified":"2017-10-12T17:00:11","modified_gmt":"2017-10-12T15:00:11","slug":"dzien-nauczyciela-w-podstawowce","status":"publish","type":"post","link":"https:\/\/info.sadowne.pl\/?p=16911","title":{"rendered":"Dzie\u0144 Nauczyciela w podstaw\u00f3wce\u2026"},"content":{"rendered":"<p><strong><img loading=\"lazy\" decoding=\"async\" class=\"alignleft size-thumbnail wp-image-16912\" src=\"http:\/\/info.sadowne.pl\/wp-content\/uploads\/2017\/10\/2017.10.12.1-180x130.jpg\" alt=\"\" width=\"180\" height=\"130\" \/>Szko\u0142a \u2013 uczy, a nauczyciel? Wychowuje!<\/strong><!--more--><\/p>\n<p>12 pa\u017adziernika w sadowie\u0144skiej Szkole Podstawowej im. Czes\u0142awa Wycecha odby\u0142a si\u0119 uroczysto\u015b\u0107 z okazji Dnia Komisji Edukacji Narodowej \u2013 zwanego Dniem Nauczyciela. Rozpocz\u0119\u0142a j\u0105 p. Ma\u0142gorzata Koro\u015b \u2013 Dyrektor Szko\u0142y, kt\u00f3ra w swoim imieniu i W\u00f3jta Gminy Sadowne przekaza\u0142a wszystkim pracownikom szko\u0142y najserdeczniejsze \u017cyczenia.<\/p>\n<p>Dzie\u0144 Nauczyciela jest te\u017c okazj\u0105 do uhonorowania kilku swoich podw\u0142adnych nagrodami pieni\u0119\u017cnymi. Nagrody Dyrektora otrzyma\u0142o kilkoro pedagog\u00f3w, a nagrody W\u00f3jta Gminy: p. Ma\u0142gorzata Koro\u015b i p. Halina \u017bach \u2013 wr\u0119czy\u0142a je w imieniu organu prowadz\u0105cego szko\u0142\u0119 obecna na uroczysto\u015bci p. Skarbnik Gminy Anna Rukat.<\/p>\n<p>Opr\u00f3cz oficjalnych przem\u00f3wie\u0144 zaproszonych go\u015bci, odby\u0142a si\u0119 te\u017c cz\u0119\u015b\u0107 artystyczna, kt\u00f3r\u0105 przygotowali uczniowie pod kierunkiem p. Marty Kotowskiej. Mali arty\u015bci pi\u0119knie za\u015bpiewali swoim pedagogom, ale r\u00f3wnie\u017c poprowadzili sami w ciekawy spos\u00f3b r\u00f3\u017cnorodne zaj\u0119cia lekcyjne, kt\u00f3rych przebieg rozbawi\u0142 obserwator\u00f3w \u2013 uczni\u00f3w sadowie\u0144skiej podstaw\u00f3wki.<\/p>\n<p><strong>A przy okazji, wszystkiego najlepszego \u017cyczymy nauczycielom \u2013 wychowawcom z tej Szko\u0142y!<\/strong><\/p>\n<p><span style=\"color: #0000ff;\"><a style=\"color: #0000ff;\" href=\"https:\/\/photos.app.goo.gl\/E9EMfKyhgKhchBhl2\" target=\"_blank\" rel=\"noopener noreferrer\"><strong>Zdj\u0119cia w galerii Google&gt;&gt;&gt;<\/strong><\/a><\/span><\/p>\n<p><strong>Tekst\/foto:<\/strong> S\u0142awek Chyli\u0144ski<\/p>\n","protected":false},"excerpt":{"rendered":"<p>Szko\u0142a \u2013 uczy, a nauczyciel? Wychowuje!<\/p>\n","protected":false},"author":1,"featured_media":0,"comment_status":"closed","ping_status":"closed","sticky":false,"template":"","format":"standard","meta":{"footnotes":""},"categories":[5,1752,84],"tags":[2588,16],"class_list":["post-16911","post","type-post","status-publish","format-standard","hentry","category-newsy","category-edukacja","category-szkola-podstawowa-im-cz-wycecha","tag-dzien-nauczyciela-w-sadowienskiej-podstawowce","tag-szkola-podstawowa-w-sadownem"],"views":3040,"_links":{"self":[{"href":"https:\/\/info.sadowne.pl\/index.php?rest_route=\/wp\/v2\/posts\/16911","targetHints":{"allow":["GET"]}}],"collection":[{"href":"https:\/\/info.sadowne.pl\/index.php?rest_route=\/wp\/v2\/posts"}],"about":[{"href":"https:\/\/info.sadowne.pl\/index.php?rest_route=\/wp\/v2\/types\/post"}],"author":[{"embeddable":true,"href":"https:\/\/info.sadowne.pl\/index.php?rest_route=\/wp\/v2\/users\/1"}],"replies":[{"embeddable":true,"href":"https:\/\/info.sadowne.pl\/index.php?rest_route=%2Fwp%2Fv2%2Fcomments&post=16911"}],"version-history":[{"count":1,"href":"https:\/\/info.sadowne.pl\/index.php?rest_route=\/wp\/v2\/posts\/16911\/revisions"}],"predecessor-version":[{"id":16913,"href":"https:\/\/info.sadowne.pl\/index.php?rest_route=\/wp\/v2\/posts\/16911\/revisions\/16913"}],"wp:attachment":[{"href":"https:\/\/info.sadowne.pl\/index.php?rest_route=%2Fwp%2Fv2%2Fmedia&parent=16911"}],"wp:term":[{"taxonomy":"category","embeddable":true,"href":"https:\/\/info.sadowne.pl\/index.php?rest_route=%2Fwp%2Fv2%2Fcategories&post=16911"},{"taxonomy":"post_tag","embeddable":true,"href":"https:\/\/info.sadowne.pl\/index.php?rest_route=%2Fwp%2Fv2%2Ftags&post=16911"}],"curies":[{"name":"wp","href":"https:\/\/api.w.org\/{rel}","templated":true}]}}