{"id":16920,"date":"2017-10-13T17:14:51","date_gmt":"2017-10-13T15:14:51","guid":{"rendered":"http:\/\/info.sadowne.pl\/?p=16920"},"modified":"2017-10-13T17:14:51","modified_gmt":"2017-10-13T15:14:51","slug":"to-juz-tradycja","status":"publish","type":"post","link":"https:\/\/info.sadowne.pl\/?p=16920","title":{"rendered":"To ju\u017c tradycja\u2026"},"content":{"rendered":"<p><strong><img loading=\"lazy\" decoding=\"async\" class=\"alignleft size-thumbnail wp-image-16921\" src=\"http:\/\/info.sadowne.pl\/wp-content\/uploads\/2017\/10\/2017.10.13.2-180x130.jpg\" alt=\"\" width=\"180\" height=\"130\" \/>13 pa\u017adziernika, ju\u017c tradycyjnie, w sadowie\u0144skim Gimnazjum obchodzono Dzie\u0144 Patrona \u2013 B\u0142ogos\u0142awionego Ks. Edwarda Grzyma\u0142y.<\/strong><!--more--><\/p>\n<p>W pi\u0105tek 13 pa\u017adziernika, w rocznic\u0119 nadania szkole imienia B\u0142ogos\u0142awionego Edwarda Grzyma\u0142y, sadowie\u0144skie Gimnazjum uroczy\u015bcie obchodzi\u0142o Dzie\u0144 Patrona.<\/p>\n<p>Uroczysto\u015bci poprzedzone zosta\u0142y msz\u0105 \u015bw. w miejscowym ko\u015bciele parafialnym w intencji Patrona, po czym obchody tego \u015bwi\u0119ta przeniesiono do Gminnej Hali Sportowej w Sadownem. Rozpocz\u0119\u0142a je p. Ma\u0142gorzata Zy\u015bk \u2013 Dyrektor Gimnazjum, a dalsz\u0105 cz\u0119\u015b\u0107 poprowadzi\u0142 p. S\u0142awomir Akonom \u2013 nauczyciel historii i znawca dziej\u00f3w gminy Sadowne. Zebrani na uroczysto\u015bci mieli okazj\u0119 zobaczy\u0107 i us\u0142ysze\u0107 prezentacj\u0119 s\u0142owno \u2013 wokaln\u0105 uczennic, kibicowa\u0107 uczestnikom quizu podobnego do \u201eWielkiej gry\u201d na temat b\u0142. Edwarda Grzyma\u0142y oraz obejrze\u0107 kolejn\u0105 edycj\u0119 tematycznej prezentacji multimedialnej p. Akonoma pt. \u201eZ Ko\u0142odzi\u0105\u017ca do nieba\u201d.<\/p>\n<p>Przypomnijmy Patrona w \u015blad za prowadz\u0105cym uroczysto\u015b\u0107:<\/p>\n<p><em>Ksi\u0105dz Edward Grzyma\u0142a urodzi\u0142 si\u0119 29 wrze\u015bnia 1906 roku w Ko\u0142odzi\u0105\u017cu (gm. Sadowne), w\u00a0rodzinie Heleny i\u00a0Zdzis\u0142awa. Dzie\u0144 p\u00f3\u017aniej zosta\u0142 ochrzczony\u00a0w naszym ko\u015bciele parafialnym pod\u00a0wezwaniem \u015bw. Jana Chrzciciela.<strong><br \/>\n<\/strong>Pocz\u0105tkowo uczy\u0142 si\u0119 w domu, a w roku 1921 zapisa\u0142 si\u0119 do\u00a0Szko\u0142y G\u0142\u00f3wnej Handlowej Z.\u00a0Maciejewskiego w\u00a0Warszawie. W\u00a01922 roku przeni\u00f3s\u0142 si\u0119 do W\u0142oc\u0142awka i tam w 1926 roku uzyska\u0142 \u015bwiadectwo dojrza\u0142o\u015bci w Gimnazjum Ziemi Kujawskiej. W tym samym roku, realizuj\u0105c swe dawne pragnienia, wst\u0105pi\u0142 do Seminarium Duchownego we W\u0142oc\u0142awku. By\u0142 gorliwym alumnem, odznacza\u0142 si\u0119 wyrobieniem wewn\u0119trznym,\u00a0a\u00a0tak\u017ce prawym charakterem, zdolno\u015bciami oraz pilno\u015bci\u0105 w\u00a0nauce.<\/em><br \/>\n<em>\u015awi\u0119cenia kap\u0142a\u0144skie przyj\u0105\u0142 14 czerwca 1931 roku. Jesieni\u0105 wyjecha\u0142 na studia do Rzymu, gdzie\u00a0w\u00a01935\u00a0r. uzyska\u0142 doktorat z prawa kanonicznego. Po powrocie do\u00a0kraju, by\u0142 wikariuszem w\u00a0Lipnie, w Koninie i w Kaliszu. W 1938 roku wr\u00f3ci\u0142 do\u00a0W\u0142oc\u0142awka. Zosta\u0142 mianowany prefektem gimnazjum. Pe\u0142ni\u0142 tak\u017ce funkcj\u0119 obro\u0144cy w\u0119z\u0142a ma\u0142\u017ce\u0144skiego oraz drugiego sekretarza kurii diecezjalnej.<\/em><br \/>\n<em>Na pocz\u0105tku okupacji, jesieni\u0105 1939 roku, ks. Grzyma\u0142a na polecenie biskupa Karola Mieczys\u0142awa Rado\u0144skiego, przeni\u00f3s\u0142 si\u0119 do Aleksandrowa Kujawskiego, by\u00a0pe\u0142ni\u0107 obowi\u0105zki wikariusza generalnego p\u00f3\u0142nocnych rejon\u00f3w diecezji. Po\u015bwi\u0119ca\u0142 si\u0119 pracy duszpasterskiej w parafii oraz w okolicy. Wspomaga\u0142 uwi\u0119zionych kap\u0142an\u00f3w, m.in. biskupa Micha\u0142a Kozala (w L\u0105dzie). Ci\u0105gle pragn\u0105\u0142 dzieli\u0107 ich los, jakby przeczuwaj\u0105c, \u017ce\u00a0tam jest jego miejsce.<\/em><br \/>\n<em>26 sierpnia 1940 roku spe\u0142ni\u0142o si\u0119 to ciche pragnienie. Gestapo aresztowa\u0142o ks.\u00a0Grzyma\u0142\u0119 w domu Si\u00f3str S\u0142u\u017cebniczek NMP, gdzie mieszka\u0142. Zosta\u0142 uwi\u0119ziony pocz\u0105tkowo w\u00a0Sachsenhausen, a\u00a0nast\u0119pnie wywieziony do obozu w Dachau. Udr\u0119ki obozowe znosi\u0142 cierpliwie, przyjmuj\u0105c je jako wol\u0119 Bo\u017c\u0105. Sam s\u0142aby i\u00a0wyniszczony, pomaga\u0142 innym i cieszy\u0142 si\u0119, gdy m\u00f3g\u0142 cierpie\u0107 dla Imienia Jezus. W\u00a0obozie aposto\u0142owa\u0142, g\u0142osz\u0105c pe\u0142ne teologicznej g\u0142\u0119bi konferencje. Nie umia\u0142 i nie\u00a0chcia\u0142 si\u0119 oszcz\u0119dza\u0107. Bardzo szybko opad\u0142 z si\u0142 i zosta\u0142 zapisany do\u00a0transportu inwalid\u00f3w.<\/em><\/p>\n<p><em>10 sierpnia 1942 roku wywieziony z obozu, poni\u00f3s\u0142 \u015bmier\u0107 przez zagazowanie.<\/em><\/p>\n<p><em>Zosta\u0142 zaliczony do grona\u00a0108 M\u0119czennik\u00f3w II wojny \u015bwiatowej\u00a0i beatyfikowany\u00a0wraz z nimi 13\u00a0czerwca 1999 roku w Warszawie przez Ojca \u015awi\u0119tego Jana Paw\u0142a II.<\/em><\/p>\n<p><em>13 pa\u017adziernika 2010 roku Gimnazjum w Sadownem\u00a0otrzyma\u0142o imi\u0119 B\u0142ogos\u0142awionego Edwarda Grzyma\u0142y oraz prawo posiadania sztandaru.<\/em><\/p>\n<p>Uroczysto\u015b\u0107 sta\u0142a si\u0119 te\u017c okazj\u0105 do podzi\u0119kowania osobom wsp\u00f3\u0142pracuj\u0105cym lub wspomagaj\u0105cym organizator\u00f3w Dnia Patrona sadowie\u0144skiego Gimnazjum. Do ich r\u0105k trafi\u0142y drobne upominki.<\/p>\n<p>A na koniec? Ks. Proboszcz po\u015bwi\u0119ci\u0142 posadzone pod koniec wrze\u015bnia br. przy budynku Gimnazjum drzewko. \u015awierk, kt\u00f3ry nazwano imieniem \u201eEdward\u201d, znalaz\u0142 dla siebie honorowe miejsce przy wykonanych w\u0142a\u015bnie w tym miejscu kwietnikach.<\/p>\n<p><span style=\"color: #0000ff;\"><a style=\"color: #0000ff;\" href=\"https:\/\/photos.google.com\/share\/AF1QipPDKC8KdWpLqzADgySj5GOnrhSl0yo25opdxc3ywzqJbF61szxRcqfLKChmrHMbDA?key=MUFBY1Zic1J0MEhocUxXbXpxOUlHTjZHX1B4VW9n\" target=\"_blank\" rel=\"noopener noreferrer\"><strong>Zdj\u0119cia w galerii Google&gt;&gt;&gt;<\/strong><\/a><\/span><\/p>\n<p><strong>Tekst\/foto: <\/strong>S\u0142awek Chyli\u0144ski<\/p>\n","protected":false},"excerpt":{"rendered":"<p>13 pa\u017adziernika, ju\u017c tradycyjnie, w sadowie\u0144skim Gimnazjum obchodzono Dzie\u0144 Patrona \u2013 B\u0142ogos\u0142awionego Ks. Edwarda Grzyma\u0142y.<\/p>\n","protected":false},"author":1,"featured_media":0,"comment_status":"closed","ping_status":"closed","sticky":false,"template":"","format":"standard","meta":{"footnotes":""},"categories":[5,83,1752],"tags":[1598,71],"class_list":["post-16920","post","type-post","status-publish","format-standard","hentry","category-newsy","category-gimnazjum","category-edukacja","tag-dzien-patrona-gimnazjum-w-sadownem","tag-gimnazjum-sadowne"],"views":2918,"_links":{"self":[{"href":"https:\/\/info.sadowne.pl\/index.php?rest_route=\/wp\/v2\/posts\/16920","targetHints":{"allow":["GET"]}}],"collection":[{"href":"https:\/\/info.sadowne.pl\/index.php?rest_route=\/wp\/v2\/posts"}],"about":[{"href":"https:\/\/info.sadowne.pl\/index.php?rest_route=\/wp\/v2\/types\/post"}],"author":[{"embeddable":true,"href":"https:\/\/info.sadowne.pl\/index.php?rest_route=\/wp\/v2\/users\/1"}],"replies":[{"embeddable":true,"href":"https:\/\/info.sadowne.pl\/index.php?rest_route=%2Fwp%2Fv2%2Fcomments&post=16920"}],"version-history":[{"count":1,"href":"https:\/\/info.sadowne.pl\/index.php?rest_route=\/wp\/v2\/posts\/16920\/revisions"}],"predecessor-version":[{"id":16922,"href":"https:\/\/info.sadowne.pl\/index.php?rest_route=\/wp\/v2\/posts\/16920\/revisions\/16922"}],"wp:attachment":[{"href":"https:\/\/info.sadowne.pl\/index.php?rest_route=%2Fwp%2Fv2%2Fmedia&parent=16920"}],"wp:term":[{"taxonomy":"category","embeddable":true,"href":"https:\/\/info.sadowne.pl\/index.php?rest_route=%2Fwp%2Fv2%2Fcategories&post=16920"},{"taxonomy":"post_tag","embeddable":true,"href":"https:\/\/info.sadowne.pl\/index.php?rest_route=%2Fwp%2Fv2%2Ftags&post=16920"}],"curies":[{"name":"wp","href":"https:\/\/api.w.org\/{rel}","templated":true}]}}