{"id":16956,"date":"2017-10-15T17:25:26","date_gmt":"2017-10-15T15:25:26","guid":{"rendered":"http:\/\/info.sadowne.pl\/?p=16956"},"modified":"2017-10-15T17:25:26","modified_gmt":"2017-10-15T15:25:26","slug":"na-pamiatke-potomnym","status":"publish","type":"post","link":"https:\/\/info.sadowne.pl\/?p=16956","title":{"rendered":"Na pami\u0105tk\u0119 potomnym\u2026"},"content":{"rendered":"<p><strong><a href=\"http:\/\/info.sadowne.pl\/wp-content\/uploads\/2017\/10\/2017.10.15.2.jpg\" target=\"_blank\" rel=\"noopener noreferrer\"><img loading=\"lazy\" decoding=\"async\" class=\"alignleft wp-image-16957 size-thumbnail\" src=\"http:\/\/info.sadowne.pl\/wp-content\/uploads\/2017\/10\/2017.10.15.2-180x130.jpg\" alt=\"\" width=\"180\" height=\"130\" \/><\/a>15 pa\u017adziernika 2017 roku w Sadownem ods\u0142oni\u0119to odrestaurowany pomnik ku czci Tadeusza Ko\u015bciuszki.<\/strong><!--more--><\/p>\n<p><a href=\"http:\/\/info.sadowne.pl\/wp-content\/uploads\/2017\/09\/2017.09.27.1.jpg\" target=\"_blank\" rel=\"noopener noreferrer\"><img loading=\"lazy\" decoding=\"async\" class=\"alignright wp-image-16790 size-thumbnail\" src=\"http:\/\/info.sadowne.pl\/wp-content\/uploads\/2017\/09\/2017.09.27.1-180x130.jpg\" alt=\"\" width=\"180\" height=\"130\" \/><\/a>Sto lat temu, w 1917 roku \u2013 pod koniec I wojny \u015bwiatowej \u2013 mieszka\u0144cy Sadownego postanowili odda\u0107 ho\u0142d wielkiemu Polakowi Tadeuszowi Ko\u015bciuszce. By\u0142 to jeszcze czas zabor\u00f3w, a wi\u0119c pomys\u0142 zakrawa\u0142 na bohaterstwo zw\u0142aszcza, \u017ce zdecydowano wykorzysta\u0107 do tego celu istniej\u0105cy ju\u017c od 1864 roku pomnik wdzi\u0119czno\u015bci dla cara Aleksandra II za uw\u0142aszczenie ch\u0142op\u00f3w. Pomnik, zlokalizowany na przyko\u015bcielnym skwerku, wyposa\u017cono w tablic\u0119 o tre\u015bci: \u201eTadeuszowi Ko\u015bciuszce w setn\u0105 rocznic\u0119 1817 \u2013 1917 Rodacy\u201d.<\/p>\n<p><strong>Co znaczy\u0142 i znaczy dla nas Tadeusz Ko\u015bciuszko? O nim w kilku s\u0142owach:<\/strong><\/p>\n<p><em><img loading=\"lazy\" decoding=\"async\" class=\"alignright size-full wp-image-16958\" src=\"http:\/\/info.sadowne.pl\/wp-content\/uploads\/2017\/10\/2017.10.15.1.jpg\" alt=\"\" width=\"288\" height=\"373\" srcset=\"https:\/\/info.sadowne.pl\/wp-content\/uploads\/2017\/10\/2017.10.15.1.jpg 288w, https:\/\/info.sadowne.pl\/wp-content\/uploads\/2017\/10\/2017.10.15.1-232x300.jpg 232w\" sizes=\"auto, (max-width: 288px) 100vw, 288px\" \/>Tadeusz Ko\u015bciuszko \u2013 Najwy\u017cszy Naczelnik Si\u0142y Zbrojnej i przyw\u00f3dca og\u00f3lnonarodowego powstania \u2013 insurekcji ko\u015bciuszkowskiej.\u00a0 Polski i ameryka\u0144ski genera\u0142, niez\u0142omny bojownik w walkach o niepodleg\u0142o\u015b\u0107. Pochodzi\u0142 ze \u015bredniej szlachty. Po uko\u0144czeniu szko\u0142y \u015bredniej kszta\u0142ci\u0142 si\u0119 w Szkole Rycerskiej, a nast\u0119pnie jako stypendysta wyjecha\u0142 do Pary\u017ca. W 1774 roku w stopniu kapitana artylerii powr\u00f3ci\u0142 do kraju. Rok p\u00f3\u017aniej wyjecha\u0142 do Ameryki, by wzi\u0105\u0107 udzia\u0142 w walce o niepodleg\u0142o\u015b\u0107 Stan\u00f3w Zjednoczonych. Jako in\u017cynier wojskowy fortyfikowa\u0142 Filadelfi\u0119 i obozy ameryka\u0144skiej armii p\u00f3\u0142nocnej. Jest te\u017c tw\u00f3rc\u0105 budynk\u00f3w szko\u0142y wojskowej West Point. W pa\u017adzierniku 1775 roku zosta\u0142 mianowany przez Kongres pu\u0142kownikiem, a w 1783 r. mianowany zosta\u0142 genera\u0142em brygady. W 1784 r. roku wr\u00f3ci\u0142 do Polski i osiad\u0142 w Siechnowicach. W 1789 r. powo\u0142any zosta\u0142 do wojska polskiego w stopniu genera\u0142a \u2013 majora. W 1792 roku w czasie wojny polsko\u2013rosyjskiej walcz\u0105c w armii koronnej odznacza\u0142 si\u0119 w bitwach pod Zielenicami, a zw\u0142aszcza pod Dubienk\u0105. Po przyst\u0105pieniu Stanis\u0142awa Augusta do Targowicy poda\u0142 si\u0119 do dymisji i wyjecha\u0142 do Lipska.\u00a0 W 1793 r., z ramienia emigracji polskiej, uda\u0142 si\u0119 do Pary\u017ca, by uzyska\u0107 pomoc dla Polski od francuskiego rz\u0105du rewolucyjnego. Jego misja nie powiod\u0142a si\u0119. Przewidziany na przysz\u0142ego wodza powstania w Polsce, bra\u0142 udzia\u0142 w pracach zaprzysi\u0119\u017cenia powsta\u0144czego w latach 1793-1794. We wrze\u015bniu 1793 r., uznaj\u0105c brak mo\u017cliwo\u015bci zorganizowania skutecznego powstania narodowego, wyjecha\u0142 do W\u0142och. Powr\u00f3ci\u0142 do Polski w marcu 1794 roku. Po og\u0142oszeniu insurekcji w Krakowie (24.III.1794 roku) Ko\u015bciuszko obj\u0105\u0142 w\u0142adz\u0119 dyktatorsk\u0105 jako Najwy\u017cszy Naczelnik Si\u0142y Zbrojnej Narodowej. W czasie trwania walk stosowa\u0142 now\u0105 taktyk\u0119 w zakresie wsp\u00f3\u0142dzia\u0142ania broni, staraj\u0105c si\u0119 rekompensowa\u0107 niedostateczne uzbrojenie i wyszkolenie armii powsta\u0144czej. Wykaza\u0142 du\u017ce umiej\u0119tno\u015bci w zakresie fortyfikacji polowych. Rozbicie wojsk rosyjskich w bitwie pod Rac\u0142awicami (4.IV.1794 r.) umo\u017cliwi\u0142o spokojniejsze organizowanie armii polskiej i pozyskanie ch\u0142op\u00f3w. Dla zjednania wsi og\u0142osi\u0142 dwa uniwersa\u0142y (pod Winiarami 2.V 1794 i Po\u0142a\u0144cem 5.V 1794 roku) znosz\u0105ce podda\u0144stwo osobiste i ograniczaj\u0105ce pa\u0144szczyzn\u0119. Po kl\u0119sce pod Maciejowicami (10.X.1794 r.) wi\u0119ziony w twierdzy pietropaw\u0142owskiej w Petersburgu. Zwolniony przez cara Paw\u0142a I w 1796 roku, po z\u0142o\u017ceniu przysi\u0119gi wierno\u015bci carowi, w 1797 roku wyjecha\u0142 do Stan\u00f3w Zjednoczonych. W lipcu 1798 roku przyby\u0142 do Pary\u017ca, gdzie wsp\u00f3\u0142dzia\u0142a\u0142 przy tworzeniu Legion\u00f3w polskich. Sprzeciwia\u0142 si\u0119 jednak wi\u0105zaniu sprawy polskiej z Napoleonem, kt\u00f3remu nie ufa\u0142. W 1799 roku bra\u0142 udzia\u0142 w zak\u0142adaniu w kraju Towarzystwa Republikan\u00f3w Polskich. Zmar\u0142 w Szwajcarii (w Solurze), gdzie sp\u0119dzi\u0142 ostatnie lata swego \u017cycia. Cia\u0142o Ko\u015bciuszki\u00a0 przewieziono w 1818 roku do Krakowa, gdzie spoczywa w kryptach kr\u00f3lewskich obok ks. J\u00f3zefa Poniatowskiego.\u00a0<\/em><\/p>\n<p><strong>Z uwagi na to, i\u017c \u201ez\u0105b czasu\u201d naruszy\u0142 pomnik, kt\u00f3ry \u201ewita\u201d w Sadownem przyjezdnych, w\u0142adze Gminy Sadowne postanowi\u0142y odrestaurowa\u0107 go. Okazj\u0105 ku temu by\u0142y tak\u017ce obchody roku ko\u015bciuszkowskiego, a dat\u0105 ods\u0142oni\u0119cia pomnika \u2013 200-tna rocznica \u015bmierci Tadeusza Ko\u015bciuszki.<\/strong><\/p>\n<p>Jak postanowiono, tak zrobiono\u2026\u00a0 Staraniem w\u0142adz Gminy, we wsp\u00f3\u0142pracy z Instytutem Pami\u0119ci Narodowej, na skwerku ponownie stan\u0105\u0142 pomnik w nowej szacie, a 15 pa\u017adziernika 2017 roku odby\u0142y si\u0119 uroczysto\u015bci jego ods\u0142oni\u0119cia i po\u015bwi\u0119cenia.<\/p>\n<p>Rozpocz\u0119\u0142a je Msza \u015bw. w miejscowym ko\u015bciele, a tak donios\u0142emu wydarzeniu towarzyszy\u0142a obecno\u015b\u0107 wielu znacz\u0105cych go\u015bci i mieszka\u0144c\u00f3w Gminy oraz Powiatu W\u0119growskiego, poczt\u00f3w sztandarowych gminnych szk\u00f3\u0142 oraz OSP, w tym z go\u015bcinnym udzia\u0142em pocztu sztandarowego Szko\u0142y Podstawowej im. Tadeusza Ko\u015bciuszki w Maciejowicach. Uroczysto\u015bci asystowali r\u00f3wnie\u017c harcerze z sadowie\u0144skiej Dru\u017cyny \u201eW\u0142\u00f3czykije\u201d, strzelcy z Jednostki Strzeleckiej 5001 im. Dywizjonu Huzar\u00f3w \u015amierci, a przy pomniku wart\u0119 pe\u0142ni\u0142a m\u0142odzie\u017c z ZSP Sadowne w strojach kosynier\u00f3w z powstania ko\u015bciuszkowskiego. Opraw\u0119 muzyczn\u0105 zapewni\u0142a orkiestra z Bra\u0144szczyka.<\/p>\n<p><strong>Pomnik ods\u0142oni\u0119to, po\u015bwi\u0119ci\u0142 go ks. Stanis\u0142aw Wojciechowski \u2013 proboszcz Parafii p.w. \u015aw. Jana Chrzciciela w Sadownem.<\/strong> Podczas uroczysto\u015bci o \u017cyciu i zas\u0142ugach T. Ko\u015bciuszki opowiedzia\u0142 prowadz\u0105cy imprez\u0119 p. Zbigniew Bocian \u2013 Sekretarz Gminy. Odczytano apel pami\u0119ci, a go\u015bcie spotkania i przedstawiciele miejscowych instytucji podpisali przygotowany akt erekcyjny, kt\u00f3ry nast\u0119pnie osobi\u015bcie wmurowa\u0142 u st\u00f3p pomnika W\u00f3jt Gminy Sadowne p. Waldemar Cyran. Wr\u0119czono te\u017c podzi\u0119kowania osobom wspieraj\u0105cym pomys\u0142 i Gmin\u0119 Sadowne.<\/p>\n<p><strong>Jak podaj\u0105 \u017ar\u00f3d\u0142a, sto lat temu, w ods\u0142oni\u0119ciu pomnika Tadeusza Ko\u015bciuszki wzi\u0119\u0142y udzia\u0142 setki mieszka\u0144c\u00f3w Gminy Sadowne. 15 pa\u017adziernika 2017 roku mieszka\u0144cy Naszej Gminy stan\u0119li na wysoko\u015bci zadania i r\u00f3wnie\u017c licznie oddali ho\u0142d wielkiemu bohaterowi. <\/strong><\/p>\n<p><strong>Pomnik, nowy, odrestaurowany, stan\u0105\u0142 na pami\u0105tk\u0119 potomnym i b\u0119dzie przez kolejne lata\u2026 wita\u0142 u progu Sadownego przybywaj\u0105cych tu go\u015bci.<\/strong><\/p>\n<p><span style=\"color: #0000ff;\"><a style=\"color: #0000ff;\" href=\"https:\/\/photos.app.goo.gl\/EM7s9g9hmweTqAXZ2\" target=\"_blank\" rel=\"noopener noreferrer\"><strong>Zdj\u0119cia w galerii Google&gt;&gt;&gt;<\/strong><\/a><\/span><\/p>\n<p><strong>Tekst\/foto:<\/strong> S\u0142awek Chyli\u0144ski<\/p>\n","protected":false},"excerpt":{"rendered":"<p>15 pa\u017adziernika 2017 roku w Sadownem ods\u0142oni\u0119to odrestaurowany pomnik ku czci Tadeusza Ko\u015bciuszki.<\/p>\n","protected":false},"author":1,"featured_media":0,"comment_status":"closed","ping_status":"closed","sticky":false,"template":"","format":"standard","meta":{"footnotes":""},"categories":[5,41],"tags":[2590,25],"class_list":["post-16956","post","type-post","status-publish","format-standard","hentry","category-newsy","category-wiesci-gminne","tag-odsloniecie-pomnika-tadeusza-kosciuszki-w-sadownem","tag-sadowne"],"views":4032,"_links":{"self":[{"href":"https:\/\/info.sadowne.pl\/index.php?rest_route=\/wp\/v2\/posts\/16956","targetHints":{"allow":["GET"]}}],"collection":[{"href":"https:\/\/info.sadowne.pl\/index.php?rest_route=\/wp\/v2\/posts"}],"about":[{"href":"https:\/\/info.sadowne.pl\/index.php?rest_route=\/wp\/v2\/types\/post"}],"author":[{"embeddable":true,"href":"https:\/\/info.sadowne.pl\/index.php?rest_route=\/wp\/v2\/users\/1"}],"replies":[{"embeddable":true,"href":"https:\/\/info.sadowne.pl\/index.php?rest_route=%2Fwp%2Fv2%2Fcomments&post=16956"}],"version-history":[{"count":1,"href":"https:\/\/info.sadowne.pl\/index.php?rest_route=\/wp\/v2\/posts\/16956\/revisions"}],"predecessor-version":[{"id":16959,"href":"https:\/\/info.sadowne.pl\/index.php?rest_route=\/wp\/v2\/posts\/16956\/revisions\/16959"}],"wp:attachment":[{"href":"https:\/\/info.sadowne.pl\/index.php?rest_route=%2Fwp%2Fv2%2Fmedia&parent=16956"}],"wp:term":[{"taxonomy":"category","embeddable":true,"href":"https:\/\/info.sadowne.pl\/index.php?rest_route=%2Fwp%2Fv2%2Fcategories&post=16956"},{"taxonomy":"post_tag","embeddable":true,"href":"https:\/\/info.sadowne.pl\/index.php?rest_route=%2Fwp%2Fv2%2Ftags&post=16956"}],"curies":[{"name":"wp","href":"https:\/\/api.w.org\/{rel}","templated":true}]}}