{"id":16967,"date":"2017-10-19T11:31:54","date_gmt":"2017-10-19T09:31:54","guid":{"rendered":"http:\/\/info.sadowne.pl\/?p=16967"},"modified":"2017-10-19T11:31:54","modified_gmt":"2017-10-19T09:31:54","slug":"wtorek-w-warszawie","status":"publish","type":"post","link":"https:\/\/info.sadowne.pl\/?p=16967","title":{"rendered":"Wtorek w Warszawie\u2026"},"content":{"rendered":"<p><strong><img loading=\"lazy\" decoding=\"async\" class=\"alignleft size-thumbnail wp-image-16968\" src=\"http:\/\/info.sadowne.pl\/wp-content\/uploads\/2017\/10\/2017.10.19.1-180x130.jpg\" alt=\"\" width=\"180\" height=\"130\" \/>We wtorek 17 pa\u017adziernika uczniowie klasy II Liceum i I Technikum pod opiek\u0105 p. El\u017cbiety Derna\u0142owicz oraz\u00a0 p. Mariusza W\u00f3jcika wzi\u0119li udzia\u0142 w wycieczce do Warszawy. <\/strong><!--more--><\/p>\n<p>Pogoda dopisa\u0142a, w blasku s\u0142o\u0144ca, pe\u0142ni energii i z u\u015bmiechem na twarzy dotarli\u015bmy do Ogrodu Botanicznego Uniwersytetu Warszawskiego, kt\u00f3ry by\u0142 pierwszym punktem wycieczki. Jest to jeden z najstarszych ogrod\u00f3w w Polsce, liczy ju\u017c sobie prawie 200 lat.\u00a0 Po\u0142o\u017cony jest na terenie dawnych Ogrod\u00f3w Kr\u00f3lewskich w p\u00f3\u0142nocnej cz\u0119\u015bci \u0141azienek, a jego za\u0142o\u017cycielem by\u0142 Micha\u0142 Szubert. Ogr\u00f3d jest podzielony na kilka dzia\u0142\u00f3w. Mo\u017cna odnale\u017a\u0107 tam\u00a0 np.: arboretum, pn\u0105cza, ro\u015bliny u\u017cytkowe i lecznicze, dzia\u0142 flory ni\u017cowej Polski czy dzia\u0142 ro\u015blin ozdobnych. S\u0105 r\u00f3wnie\u017c i szklarnie, kt\u00f3rych niestety nie uda\u0142o nam si\u0119 zobaczy\u0107.<\/p>\n<p>Drugim punktem naszego programu by\u0142a wizyta w jednej z najwa\u017cniejszych narodowych instytucji kultury, jak\u0105 jest Biblioteka Narodowa. Biblioteka zosta\u0142a za\u0142o\u017cona w 1928 r. &#8211; jest skarbnic\u0105 dorobku umys\u0142owego Polak\u00f3w, dzie\u0142 obywateli \u017cyj\u0105cych na terytorium Polski, wa\u017cniejszych dzie\u0142 obcych. Jest te\u017c archiwum pi\u015bmiennictwa narodowego od najdawniejszych czas\u00f3w. Wszystkie materia\u0142y przechowywane s\u0105 w Bibliotece wieczy\u015bcie, dla przysz\u0142ych pokole\u0144.<\/p>\n<p>Na wst\u0119pie zostali\u015bmy zapoznani z histori\u0105 Biblioteki Narodowej, zosta\u0142y przedstawione r\u00f3\u017cnego rodzaju filmy, zdj\u0119cia oraz przyk\u0142adowe dokumentacje. Zapoznali\u015bmy si\u0119 z g\u0142\u00f3wnymi zadaniami biblioteki oraz z poj\u0119ciami wcze\u015bniej nam nieznanymi np.: kwa\u015bny papier, mikrofilmowanie, proces odkwaszania. Najwi\u0119ksze wra\u017cenie sprawi\u0142a olbrzymia czytelnia g\u0142\u00f3wna, na ponad tysi\u0105c os\u00f3b. Po cz\u0119\u015bci teoretycznej zwiedzili\u015bmy czytelni\u0119 g\u0142\u00f3wn\u0105, muzyczn\u0105 i informatorium, a tak\u017ce zapoznali\u015bmy si\u0119 z katalogami biblioteki. Wa\u017cn\u0105 informacj\u0105 dla uczni\u00f3w by\u0142o to, \u017ce ju\u017c od trzynastego roku \u017cycia mo\u017cna korzysta\u0107 z biblioteki.<\/p>\n<p>I na koniec, w pi\u0119knym jesiennym s\u0142o\u0144cu udali\u015bmy si\u0119 do kina, gdzie ogl\u0105dali\u015bmy zar\u00f3wno horrory, jak i komedie.<\/p>\n<p>Wszystkim bardzo dzi\u0119kujemy za mi\u0142o sp\u0119dzony czas.<\/p>\n<p><strong>Mariusz W\u00f3jcik, El\u017cbieta Derna\u0142owicz<\/strong><\/p>\n<p><span style=\"color: #0000ff;\"><strong><a style=\"color: #0000ff;\" href=\"https:\/\/photos.app.goo.gl\/aHbt5mBndUwTatpu1\" target=\"_blank\" rel=\"noopener noreferrer\">Zdj\u0119cia w galerii Google&gt;&gt;&gt;<\/a><\/strong><\/span><\/p>\n","protected":false},"excerpt":{"rendered":"<p>We wtorek 17 pa\u017adziernika uczniowie klasy II Liceum i I Technikum pod opiek\u0105 p. El\u017cbiety Derna\u0142owicz oraz\u00a0 p. Mariusza W\u00f3jcika wzi\u0119li udzia\u0142 w wycieczce do Warszawy.<\/p>\n","protected":false},"author":1,"featured_media":0,"comment_status":"closed","ping_status":"closed","sticky":false,"template":"","format":"standard","meta":{"footnotes":""},"categories":[5,1752,85],"tags":[2594,1886,1660,182],"class_list":["post-16967","post","type-post","status-publish","format-standard","hentry","category-newsy","category-edukacja","category-zsp","tag-elzbieta-dernalowicz","tag-mariusz-wojcik","tag-wycieczka-do-warszawy","tag-zespol-szkol-ponadgimnazjalnych-w-sadownem"],"views":3154,"_links":{"self":[{"href":"https:\/\/info.sadowne.pl\/index.php?rest_route=\/wp\/v2\/posts\/16967","targetHints":{"allow":["GET"]}}],"collection":[{"href":"https:\/\/info.sadowne.pl\/index.php?rest_route=\/wp\/v2\/posts"}],"about":[{"href":"https:\/\/info.sadowne.pl\/index.php?rest_route=\/wp\/v2\/types\/post"}],"author":[{"embeddable":true,"href":"https:\/\/info.sadowne.pl\/index.php?rest_route=\/wp\/v2\/users\/1"}],"replies":[{"embeddable":true,"href":"https:\/\/info.sadowne.pl\/index.php?rest_route=%2Fwp%2Fv2%2Fcomments&post=16967"}],"version-history":[{"count":1,"href":"https:\/\/info.sadowne.pl\/index.php?rest_route=\/wp\/v2\/posts\/16967\/revisions"}],"predecessor-version":[{"id":16969,"href":"https:\/\/info.sadowne.pl\/index.php?rest_route=\/wp\/v2\/posts\/16967\/revisions\/16969"}],"wp:attachment":[{"href":"https:\/\/info.sadowne.pl\/index.php?rest_route=%2Fwp%2Fv2%2Fmedia&parent=16967"}],"wp:term":[{"taxonomy":"category","embeddable":true,"href":"https:\/\/info.sadowne.pl\/index.php?rest_route=%2Fwp%2Fv2%2Fcategories&post=16967"},{"taxonomy":"post_tag","embeddable":true,"href":"https:\/\/info.sadowne.pl\/index.php?rest_route=%2Fwp%2Fv2%2Ftags&post=16967"}],"curies":[{"name":"wp","href":"https:\/\/api.w.org\/{rel}","templated":true}]}}