{"id":16970,"date":"2017-10-19T12:21:10","date_gmt":"2017-10-19T10:21:10","guid":{"rendered":"http:\/\/info.sadowne.pl\/?p=16970"},"modified":"2017-10-19T12:21:10","modified_gmt":"2017-10-19T10:21:10","slug":"rowerami-do-jerzysk","status":"publish","type":"post","link":"https:\/\/info.sadowne.pl\/?p=16970","title":{"rendered":"Rowerami do Jerzysk"},"content":{"rendered":"<p><strong><img loading=\"lazy\" decoding=\"async\" class=\"alignleft size-thumbnail wp-image-16971\" src=\"http:\/\/info.sadowne.pl\/wp-content\/uploads\/2017\/10\/2017.10.19.2-180x130.jpg\" alt=\"\" width=\"180\" height=\"130\" \/>Korzystaj\u0105c z pi\u0119knej jesiennej pogody, 18 pa\u017adziernika 2017 roku cz\u0142onkowie Szkolnego Ko\u0142a Przyrodniczo \u2013 Turystycznego ze Szko\u0142y Podstawowej im. ks. Jana Twardowskiego w Grabinach ruszyli na kolejn\u0105 wycieczk\u0119 rowerow\u0105. <\/strong><!--more--><\/p>\n<p>Tym razem uczniowie wraz z wychowawczyni\u0105 pani\u0105 Lidi\u0105 Olton \u2013 Kacprzyk oraz Agnieszk\u0105 Narowsk\u0105 i S\u0142awomirem Akonomem pojechali do pomnika \u201eJerzyk\u00f3w\u201d w Jerzyskach. Po drodze nie oby\u0142o si\u0119 bez przystank\u00f3w w ciekawym miejscach, m.in. przy \u201eSo\u015bnie Chopina\u201d\u00a0 &#8211; gdzie zosta\u0142y om\u00f3wione formy ochrony przyrody wyst\u0119puj\u0105ce w Polsce. Nast\u0119pny przystanek by\u0142 przy Szkole Podstawowej w Brzuzie, przy pomniku majora Hieronima Piotrowskiego pseudonim \u201eJur\u201d \u2013 \u017co\u0142nierza AK i WIN-u. M\u0142odzie\u017c wraz z opiekunami uczci\u0142a bohatera minut\u0105 ciszy.<\/p>\n<p>Przy le\u015bnicz\u00f3wce w Jerzyskach zrobili\u015bmy sobie d\u0142u\u017csz\u0105 przerw\u0119. Pan S\u0142awek, jak zawsze niezawodny, uraczy\u0142 nas bardzo ciekaw\u0105 lekcj\u0105 historii dotycz\u0105c\u0105 Juliana Ejsmonda \u2013 prozaika, pisarza dla dzieci, wsp\u00f3\u0142za\u0142o\u017cyciela LOP. Dla uatrakcyjnienia przekazu zosta\u0142 wyrecytowany przez p. S\u0142awka wiersz tego autora:<\/p>\n<p><em>A gdy przyjdzie godzina mojego zachodu<\/em><\/p>\n<p><em>Zajd\u0119 jak s\u0142o\u0144ce: jasne do ostatniej chwili.<\/em><\/p>\n<p><em>Nigdy nie b\u0119d\u0119 drzewem, co dumne za m\u0142odu,<\/em><\/p>\n<p><em>Z wiekiem ku ziemi si\u0119 chyli\u2026<\/em><\/p>\n<p><em>Gdy przyjdzie czas odlotu do krainy innej<\/em><\/p>\n<p><em>To odlec\u0119 w porywie szcz\u0119\u015bcia i natchnienia.<\/em><\/p>\n<p><em>Jak ptak, co uciekaj\u0105c z ziemi niego\u015bcinnej<\/em><\/p>\n<p><em>Ziemi\u0119 na niebo zamienia\u2026<\/em><\/p>\n<p>Podczas tej przerwy zosta\u0142 r\u00f3wnie\u017c og\u0142oszony przez opiekun\u00f3w konkurs na nazw\u0119 naszego Ko\u0142a.<\/p>\n<p>Przy Pomniku AK i NSZ w lesie ko\u0142o Jerzysk nasz pan od historii przybli\u017cy\u0142 kulisy bitwy pod Jerzyskami.<\/p>\n<p>Bogatsi o now\u0105 wiedz\u0119 historyczno \u2013 przyrodnicz\u0105, cali, zdrowi i u\u015bmiechni\u0119ci wr\u00f3cili\u015bmy do dom\u00f3w &#8211; ju\u017c planuj\u0105c kolejn\u0105 wycieczk\u0119.<\/p>\n<p><strong>Agnieszka Narowska<\/strong><\/p>\n<p><span style=\"color: #0000ff;\"><a style=\"color: #0000ff;\" href=\"https:\/\/photos.app.goo.gl\/jt1YIjMIczjrWkI53\" target=\"_blank\" rel=\"noopener noreferrer\"><strong>Zdj\u0119cia w galerii Google&gt;&gt;&gt;<\/strong><\/a><\/span><\/p>\n","protected":false},"excerpt":{"rendered":"<p>Korzystaj\u0105c z pi\u0119knej jesiennej pogody, 18 pa\u017adziernika 2017 roku cz\u0142onkowie Szkolnego Ko\u0142a Przyrodniczo \u2013 Turystycznego ze Szko\u0142y Podstawowej im. ks. Jana Twardowskiego w Grabinach ruszyli na kolejn\u0105 wycieczk\u0119 rowerow\u0105.<\/p>\n","protected":false},"author":1,"featured_media":0,"comment_status":"closed","ping_status":"closed","sticky":false,"template":"","format":"standard","meta":{"footnotes":""},"categories":[5,1752,1120],"tags":[1280,1995,2595,2289],"class_list":["post-16970","post","type-post","status-publish","format-standard","hentry","category-newsy","category-edukacja","category-zespol-szkolno-przedszkolny-w-grabinach","tag-agnieszka-narowska","tag-slawomir-akonom","tag-wycieczka-rowerowa-do-jerzysk","tag-zespol-szkolno-przedszkolny-w-grabinach"],"views":2894,"_links":{"self":[{"href":"https:\/\/info.sadowne.pl\/index.php?rest_route=\/wp\/v2\/posts\/16970","targetHints":{"allow":["GET"]}}],"collection":[{"href":"https:\/\/info.sadowne.pl\/index.php?rest_route=\/wp\/v2\/posts"}],"about":[{"href":"https:\/\/info.sadowne.pl\/index.php?rest_route=\/wp\/v2\/types\/post"}],"author":[{"embeddable":true,"href":"https:\/\/info.sadowne.pl\/index.php?rest_route=\/wp\/v2\/users\/1"}],"replies":[{"embeddable":true,"href":"https:\/\/info.sadowne.pl\/index.php?rest_route=%2Fwp%2Fv2%2Fcomments&post=16970"}],"version-history":[{"count":1,"href":"https:\/\/info.sadowne.pl\/index.php?rest_route=\/wp\/v2\/posts\/16970\/revisions"}],"predecessor-version":[{"id":16972,"href":"https:\/\/info.sadowne.pl\/index.php?rest_route=\/wp\/v2\/posts\/16970\/revisions\/16972"}],"wp:attachment":[{"href":"https:\/\/info.sadowne.pl\/index.php?rest_route=%2Fwp%2Fv2%2Fmedia&parent=16970"}],"wp:term":[{"taxonomy":"category","embeddable":true,"href":"https:\/\/info.sadowne.pl\/index.php?rest_route=%2Fwp%2Fv2%2Fcategories&post=16970"},{"taxonomy":"post_tag","embeddable":true,"href":"https:\/\/info.sadowne.pl\/index.php?rest_route=%2Fwp%2Fv2%2Ftags&post=16970"}],"curies":[{"name":"wp","href":"https:\/\/api.w.org\/{rel}","templated":true}]}}