{"id":16973,"date":"2017-10-19T15:50:59","date_gmt":"2017-10-19T13:50:59","guid":{"rendered":"http:\/\/info.sadowne.pl\/?p=16973"},"modified":"2017-10-19T15:50:59","modified_gmt":"2017-10-19T13:50:59","slug":"5-minut-o-6","status":"publish","type":"post","link":"https:\/\/info.sadowne.pl\/?p=16973","title":{"rendered":"5 minut o\u2026"},"content":{"rendered":"<p><strong><img loading=\"lazy\" decoding=\"async\" class=\"alignleft size-thumbnail wp-image-16974\" src=\"http:\/\/info.sadowne.pl\/wp-content\/uploads\/2017\/10\/wojt2-180x130.jpg\" alt=\"\" width=\"180\" height=\"130\" \/>\u2026Ochotniczej Stra\u017cy Po\u017carnej.<\/strong><!--more--><\/p>\n<p><strong>Witam Pa\u0144stwa!<\/strong><\/p>\n<p>W ostatnim roku dosy\u0107 cz\u0119sto s\u0142yszeli\u015bcie o jednostkach OSP naszej Gminy, a to nie tylko za spraw\u0105 ich pracy na rzecz lokalnego spo\u0142ecze\u0144stwa podczas akcji po\u017carniczych, kiedy staraj\u0105 si\u0119 ochroni\u0107 nasz dobytek, ale r\u00f3wnie\u017c dlatego, \u017ce w ostatnim roku odby\u0142o si\u0119 kilka wa\u017cnych wydarze\u0144 dotycz\u0105cych naszych jednostek OSP.<\/p>\n<p>Obecnie w Gminie Sadowne znajduje si\u0119 8 jednostek Ochotniczej Stra\u017cy Po\u017carnej. Najm\u0142odsz\u0105 jest OSP Zieleniec. Mimo, \u017ce jest to najm\u0142odsza jednostka, to podczas tegorocznych gminnych zawod\u00f3w sportowo-po\u017carniczych zdeklasowa\u0142a rywali i zaj\u0119\u0142a pierwsze miejsce, a nast\u0119pnie reprezentowa\u0142a nasz\u0105 gmin\u0119 na zawodach powiatowych, na kt\u00f3rych zaj\u0119\u0142a 7 miejsce. Gmina od lat dofinansowuje jednostki z terenu, stara si\u0119 sprosta\u0107 zapotrzebowaniu na sprz\u0119t, wsp\u00f3\u0142organizuje gminne zawody sportowo-po\u017carnicze, dofinansowuje r\u00f3\u017cnego typu inicjatywy stra\u017cy, wynagradza stra\u017cak\u00f3w za przepracowane godziny na akcjach po\u017carniczych, a tak\u017ce wysy\u0142a stra\u017cak\u00f3w na r\u00f3\u017cnego typu szkolenia. W tym roku stra\u017cacy uczestniczyli w dw\u00f3ch szkoleniach: szkoleniu podstawowym i kwalifikowanej pierwszej pomocy. Jednak rok 2017 jest rekordowy je\u015bli chodzi o wydatki na jednostki OSP, a to za spraw\u0105 zakupu nowego samochodu dla OSP Sadowne.<\/p>\n<p>Pami\u0119tacie, jak dwa lata temu obieca\u0142em, \u017ce dokonamy zakupu nowego samochodu dla OSP Sadowne? Dzi\u015b, po dw\u00f3ch latach ogromnej pracy i pozyskaniu \u015brodk\u00f3w z zewn\u0105trz mog\u0119 z rado\u015bci\u0105 powiedzie\u0107: \u201eUda\u0142o si\u0119, dotrzyma\u0142em s\u0142owa\u201d. Od 29 wrze\u015bnia samoch\u00f3d po\u017carniczy Renault z pe\u0142nym wyposa\u017ceniem w najwy\u017cszym standardzie jest ju\u017c u nas. Warto\u015b\u0107 inwestycji 809340 z\u0142. \u00a0Realizacja tej inwestycji nie by\u0142aby mo\u017cliwa dzi\u0119ki wsparciu innych instytucji, od kt\u00f3rych otrzymali\u015bmy dofinansowanie: Urz\u0119du Marsza\u0142kowskiego \u2013 100 000 z\u0142, Wojew\u00f3dzkiego Funduszu Ochrony \u015arodowiska i Gospodarki Wodnej \u2013 291 362 z\u0142, KSRG \u2013 150\u00a0000 z\u0142. Dzi\u0119kuj\u0119 za Wasz\u0105 pomoc!<\/p>\n<p>22 pa\u017adziernika nast\u0105pi jego uroczyste po\u015bwi\u0119cenie i przekazanie jednostce do pracy, na co ju\u017c dzi\u015b w imieniu stra\u017cy i swoim serdecznie zapraszam.<\/p>\n<p>Ale nie sam\u0105 prac\u0105 \u017cyj\u0105 stra\u017cacy\u2026 Towarzysz\u0105 nam tak\u017ce w wielu uroczysto\u015bciach, jak np. Obchody Konstytucji 3 Maja, \u015awi\u0119to Niepodleg\u0142o\u015bci, czy innych wydarzeniach na naszym terenie. Jednostki OSP wsp\u00f3\u0142pracuj\u0105 r\u00f3wnie\u017c ze szko\u0142ami. W okresie wiosennym mo\u017cemy zauwa\u017cy\u0107 liczne wycieczki uczni\u00f3w w stron\u0119 stra\u017cnic. Uczniowie ch\u0119tnie ogl\u0105daj\u0105 wyposa\u017cenie jednostek, a atrakcja, jak\u0105 jest mo\u017cliwo\u015b\u0107 wej\u015bcia do samochodu stra\u017cackiego, wywo\u0142uje u\u015bmiech na ich twarzach.<\/p>\n<p>W tym roku uroczysto\u015bci by\u0142o znacznie wi\u0119cej. Pod koniec kwietnia wsp\u00f3lnie \u015bwi\u0119towali\u015bmy Dzie\u0144 Stra\u017caka. W tym roku po\u0142\u0105czyli\u015bmy to \u015bwi\u0119to z uroczysto\u015bci\u0105 nadania Sztandaru OSP Sok\u00f3\u0142ka, kt\u00f3ra po 12 latach istnienia, swoim zaanga\u017cowaniem w prace na rzecz bezpiecze\u0144stwa naszych mieszka\u0144c\u00f3w bardzo sobie na ten sztandar zas\u0142u\u017cy\u0142a. \u00a0Kolejn\u0105 uroczysto\u015bci\u0105 by\u0142o 70-lecie powstania OSP Zalesie, kt\u00f3re obchodzili\u015bmy 30 lipca. Obchody poprzedzi\u0142a msza polowa przy kaplicy w Zarzetce, a nast\u0119pnie przemarsz na plac przy Zespole Szkolno \u2013 Przedszkolnym w Grabinach na dalsz\u0105 cz\u0119\u015b\u0107 uroczysto\u015bci.<\/p>\n<p>Jak widzicie, Stra\u017cacy bardzo ch\u0119tnie uczestnicz\u0105 w \u017cyciu lokalnej spo\u0142eczno\u015bci, nie tylko poprzez akcje po\u017carnicze, ale r\u00f3wnie\u017c uroczysto\u015bci patriotyczne i wydarzenia kulturalne. Dlatego wsparcie Gminy jest bardzo wa\u017cne. To my wszyscy, dzi\u0119ki wspieraniu stra\u017cak\u00f3w nie tylko bezpo\u015brednio przez Urz\u0105d Gminy, ale r\u00f3wnie\u017c dzi\u0119ki funduszowi so\u0142eckiemu, na kt\u00f3ry to Wy macie wp\u0142yw, przyczyniamy si\u0119 do tego, \u017ce naszym druhom pracuje si\u0119 lepiej.\u00a0 Dbajmy o nasze jednostki, bo warto.<\/p>\n<p><strong>W\u00f3jt Gminy Sadowne<\/strong><\/p>\n<p><strong>Waldemar Cyran<\/strong><\/p>\n","protected":false},"excerpt":{"rendered":"<p>\u2026Ochotniczej Stra\u017cy Po\u017carnej.<\/p>\n","protected":false},"author":1,"featured_media":0,"comment_status":"closed","ping_status":"closed","sticky":false,"template":"","format":"standard","meta":{"footnotes":""},"categories":[1204,5,41],"tags":[2596,1033,614],"class_list":["post-16973","post","type-post","status-publish","format-standard","hentry","category-5-minut-o","category-newsy","category-wiesci-gminne","tag-5-minut-o-ochotniczej-strazy-pozarnej","tag-waldemar-cyran","tag-wojt-gminy-sadowne"],"views":3090,"_links":{"self":[{"href":"https:\/\/info.sadowne.pl\/index.php?rest_route=\/wp\/v2\/posts\/16973","targetHints":{"allow":["GET"]}}],"collection":[{"href":"https:\/\/info.sadowne.pl\/index.php?rest_route=\/wp\/v2\/posts"}],"about":[{"href":"https:\/\/info.sadowne.pl\/index.php?rest_route=\/wp\/v2\/types\/post"}],"author":[{"embeddable":true,"href":"https:\/\/info.sadowne.pl\/index.php?rest_route=\/wp\/v2\/users\/1"}],"replies":[{"embeddable":true,"href":"https:\/\/info.sadowne.pl\/index.php?rest_route=%2Fwp%2Fv2%2Fcomments&post=16973"}],"version-history":[{"count":1,"href":"https:\/\/info.sadowne.pl\/index.php?rest_route=\/wp\/v2\/posts\/16973\/revisions"}],"predecessor-version":[{"id":16975,"href":"https:\/\/info.sadowne.pl\/index.php?rest_route=\/wp\/v2\/posts\/16973\/revisions\/16975"}],"wp:attachment":[{"href":"https:\/\/info.sadowne.pl\/index.php?rest_route=%2Fwp%2Fv2%2Fmedia&parent=16973"}],"wp:term":[{"taxonomy":"category","embeddable":true,"href":"https:\/\/info.sadowne.pl\/index.php?rest_route=%2Fwp%2Fv2%2Fcategories&post=16973"},{"taxonomy":"post_tag","embeddable":true,"href":"https:\/\/info.sadowne.pl\/index.php?rest_route=%2Fwp%2Fv2%2Ftags&post=16973"}],"curies":[{"name":"wp","href":"https:\/\/api.w.org\/{rel}","templated":true}]}}