{"id":17041,"date":"2017-10-29T12:43:19","date_gmt":"2017-10-29T11:43:19","guid":{"rendered":"http:\/\/info.sadowne.pl\/?p=17041"},"modified":"2017-10-30T20:03:22","modified_gmt":"2017-10-30T19:03:22","slug":"platkownica-w-starej-fotografii","status":"publish","type":"post","link":"https:\/\/info.sadowne.pl\/?p=17041","title":{"rendered":"P\u0142atkownica w starej fotografii\u2026"},"content":{"rendered":"<p><strong><img loading=\"lazy\" decoding=\"async\" class=\"alignleft size-thumbnail wp-image-17042\" src=\"http:\/\/info.sadowne.pl\/wp-content\/uploads\/2017\/10\/2017.10.28.11-180x130.jpg\" alt=\"\" width=\"180\" height=\"130\" \/>To by\u0142 niezwyk\u0142y wiecz\u00f3r dla mieszka\u0144c\u00f3w P\u0142atkownicy &#8211; 27.10 2017 r.\u00a0\u00a0\u00a0\u00a0\u00a0 <\/strong><!--more--><\/p>\n<p>W tym dniu w Szkole Podstawowej w P\u0142atkownicy podsumowano dwa projekty, do kt\u00f3rych przyst\u0105pili mieszka\u0144cy P\u0142atkownicy: \u201eP\u0142atkownica w starej fotografii\u201d i \u201eZawsze czysta P\u0142atkownica\u201d.<\/p>\n<p>W kwietniu 2017 r. w Siedlcach, w siedzibie LGD Ziemi Siedleckiej przedstawiciele P\u0142atkownicy: Katarzyna Tyszka, S\u0142awomir Akonom, Pawe\u0142 Szymanik, Miros\u0142aw Pasturczyk, Tomasz Szymanik, Zbigniew Pu\u015bcion, przedstawili projekty, kt\u00f3re zosta\u0142y wysoko ocenione i otrzyma\u0142y dotacje.<\/p>\n<p>Mieszka\u0144cy, przybyli na uroczysto\u015b\u0107 27 pa\u017adziernika, najpierw podziwiali zorganizowan\u0105 wystaw\u0119 \u201eP\u0142atkownica w starej fotografii\u201d. Ogromne tablice, a na nich wywo\u0142ane zdj\u0119cia w formacie A4 podkre\u015bli\u0142y walory starej fotografii. By\u0142o na nich wida\u0107 nieznane wcze\u015bniej szczeg\u00f3\u0142y oraz mo\u017cna by\u0142o odnale\u017a\u0107 swoich bliskich, s\u0105siad\u00f3w, znajomych, kole\u017canki i koleg\u00f3w ze szkolnej \u0142awki. Wystawa spotka\u0142a si\u0119 z ogromnym uznaniem. Wywo\u0142a refleksj\u0119 i o\u017cywion\u0105 dyskusj\u0119 przyby\u0142ych mieszka\u0144c\u00f3w i zaproszonych go\u015bci.<\/p>\n<p>Nast\u0119pnie g\u0142os zabra\u0142 mieszkaniec P\u0142atkownicy, a zarazem w\u00f3jt &#8211; p. Waldemar Cyran, witaj\u0105c wszystkich zebranych. Przedstawi\u0142 cele projektu, po czym poprosi\u0142 o zabranie g\u0142osu koordynator\u00f3w projektu. Pan Tomasz Szymanik, koordynator projektu \u201eZawsze czysta P\u0142atkownica\u201d przedstawi\u0142 zasady dzia\u0142ania mobilnych fotopu\u0142apek, sposoby rejestracji obrazu, zaprezentowa\u0142 zakupione kosze na \u015bmieci i poinformowa\u0142 o tablicach edukacyjnych, kt\u00f3re zostan\u0105 umieszczone w widocznych miejscach.<\/p>\n<p>Koordynator drugiego projektu \u201eP\u0142atkownica w starej fotografii\u201d pan S\u0142awomir Akonom zwr\u00f3ci\u0142 uwag\u0119 na jego osobisty, interpersonalny charakter, kt\u00f3ry mia\u0142 zbli\u017cy\u0107 i zintegrowa\u0107 mieszka\u0144c\u00f3w. Prowadz\u0105cy w ciekawy spos\u00f3b przedstawi\u0142 zgromadzonej publiczno\u015bci \u201ekuluary\u201d powstania projektu. Podsumowa\u0142 wyniki konkursu plastycznego \u201eP\u0142atkownica za 100 lat\u201d skierowanego do dzieci. Nap\u0142yn\u0119\u0142o 11 prac, w\u015br\u00f3d kt\u00f3rych wy\u0142oniono zwyci\u0119zc\u00f3w: I miejsce &#8211; Julia Budek, II miejsce &#8211; Monika Ga\u0142\u0105zka, III miejsce &#8211; Oliwia Budek. Pozosta\u0142e osoby, ze wzgl\u0119du na wysoki poziom artystyczny prac, nagrodzono wyr\u00f3\u017cnieniami.<\/p>\n<p>Kolejnym punktem uroczysto\u015bci by\u0142o przeprowadzenie przez pana S\u0142awomira konkursu wiedzy o P\u0142atkownicy. Tu popisa\u0142a si\u0119 g\u0142\u00f3wnie m\u0142odzie\u017c szkolna wraz w\u00f3jtem, kt\u00f3ry ku zaskoczeniu wszystkich wzi\u0105\u0142 r\u00f3wnie\u017c udzia\u0142 w konkursie. W atmosferze rado\u015bci, pod nadzorem czujnej komisji: p. Kamila Kie\u0142ka i p. S\u0142awomira Chyli\u0144skiego, wy\u0142oniono zwyci\u0119zc\u00f3w. Wyniki konkursu: I miejsce &#8211; Weronika Akonom, II miejsce &#8211; Maciej Szymanik, III miejsce &#8211; Beata Kalbarczyk, specjalna nagroda pow\u0119drowa\u0142a do \u201eseniora\u201d &#8211; p. Waldemara Cyrana.<\/p>\n<p>Po og\u0142oszeniu wynik\u00f3w p. Akonom przedstawi\u0142 prezentacj\u0119 multimedialn\u0105 pt.: \u201eP\u0142atkownica w starej fotografii\u201d, dedykowan\u0105 pami\u0119ci Ryszarda D\u0119bkowskiego i wszystkim, kt\u00f3rzy odeszli, po\u0142\u0105czon\u0105 z wyk\u0142adem monograficznym\u00a0 \u201eP\u0142atkownica wczoraj i dzi\u015b\u201d.\u00a0 W swojej prezentacji przedstawi\u0142 walory historyczno-krajobrazowe wsi, a tak\u017ce star\u0105 fotografi\u0119. Podczas prezentacji prosi\u0142 osoby z sali, aby przysz\u0142y i opowiedzia\u0142y o podarowanych przez siebie zdj\u0119ciach.<\/p>\n<p>Na koniec podzi\u0119kowano ofiarodawcom zdj\u0119\u0107, wr\u0119czono wszystkim folder autorstwa p. S\u0142awomira Akonoma i wed\u0142ug projektu graficznego p. Zbigniewa Bociana. Wzruszeniom nie by\u0142o ko\u0144ca. Przesz\u0142o\u015b\u0107, kt\u00f3ra zosta\u0142a przywo\u0142ana na chwil\u0119, splot\u0142a si\u0119 z tera\u017aniejszo\u015bci\u0105. Nigdy nie dane nam by\u0142o prze\u017cy\u0107 takiego wieczoru. Ciekawa inicjatywa i poczucie, \u017ce z tradycji lokalnej, mo\u017cna czerpa\u0107 tak wiele.<\/p>\n<p>Spotkanie zako\u0144czy\u0142 wsp\u00f3lny pocz\u0119stunek. Ten wiecz\u00f3r pozostanie w naszej pami\u0119ci na d\u0142ugo.<\/p>\n<p><strong>Tekst: <\/strong>El\u017cbieta i S\u0142awomir Akonomowie<\/p>\n<p><strong>Foto: <\/strong>S\u0142awek Chyli\u0144ski<\/p>\n<p><span style=\"color: #0000ff;\"><a style=\"color: #0000ff;\" href=\"https:\/\/photos.google.com\/share\/AF1QipPEdrbMgdcePenc24-vCqMzt7TuXnXDu8-_vJDixNEQJzii5g-quLJ2xx0zJh0AVA?key=WEpaQk1vTXBabEdIWG5hajRHNXNsX25yWDlvRGJR\" target=\"_blank\" rel=\"noopener noreferrer\"><strong>Zdj\u0119cia w galerii Google&gt;&gt;&gt;<\/strong><\/a><\/span><\/p>\n<p><img loading=\"lazy\" decoding=\"async\" class=\"aligncenter wp-image-16894 size-full\" src=\"http:\/\/info.sadowne.pl\/wp-content\/uploads\/2017\/10\/fio.jpg\" alt=\"\" width=\"401\" height=\"203\" srcset=\"https:\/\/info.sadowne.pl\/wp-content\/uploads\/2017\/10\/fio.jpg 401w, https:\/\/info.sadowne.pl\/wp-content\/uploads\/2017\/10\/fio-300x152.jpg 300w\" sizes=\"auto, (max-width: 401px) 100vw, 401px\" \/><\/p>\n","protected":false},"excerpt":{"rendered":"<p>To by\u0142 niezwyk\u0142y wiecz\u00f3r dla mieszka\u0144c\u00f3w P\u0142atkownicy &#8211; 27.10 2017 r.\u00a0\u00a0\u00a0\u00a0\u00a0<\/p>\n","protected":false},"author":1,"featured_media":0,"comment_status":"closed","ping_status":"closed","sticky":false,"template":"","format":"standard","meta":{"footnotes":""},"categories":[5,41],"tags":[2608,28,2609,2610,1995],"class_list":["post-17041","post","type-post","status-publish","format-standard","hentry","category-newsy","category-wiesci-gminne","tag-elzbieta-debkowska-akonom","tag-platkownica","tag-projekt-platkownica-w-starej-fotografii","tag-projekt-zawsze-czysta-platkownica","tag-slawomir-akonom"],"views":4612,"_links":{"self":[{"href":"https:\/\/info.sadowne.pl\/index.php?rest_route=\/wp\/v2\/posts\/17041","targetHints":{"allow":["GET"]}}],"collection":[{"href":"https:\/\/info.sadowne.pl\/index.php?rest_route=\/wp\/v2\/posts"}],"about":[{"href":"https:\/\/info.sadowne.pl\/index.php?rest_route=\/wp\/v2\/types\/post"}],"author":[{"embeddable":true,"href":"https:\/\/info.sadowne.pl\/index.php?rest_route=\/wp\/v2\/users\/1"}],"replies":[{"embeddable":true,"href":"https:\/\/info.sadowne.pl\/index.php?rest_route=%2Fwp%2Fv2%2Fcomments&post=17041"}],"version-history":[{"count":5,"href":"https:\/\/info.sadowne.pl\/index.php?rest_route=\/wp\/v2\/posts\/17041\/revisions"}],"predecessor-version":[{"id":17078,"href":"https:\/\/info.sadowne.pl\/index.php?rest_route=\/wp\/v2\/posts\/17041\/revisions\/17078"}],"wp:attachment":[{"href":"https:\/\/info.sadowne.pl\/index.php?rest_route=%2Fwp%2Fv2%2Fmedia&parent=17041"}],"wp:term":[{"taxonomy":"category","embeddable":true,"href":"https:\/\/info.sadowne.pl\/index.php?rest_route=%2Fwp%2Fv2%2Fcategories&post=17041"},{"taxonomy":"post_tag","embeddable":true,"href":"https:\/\/info.sadowne.pl\/index.php?rest_route=%2Fwp%2Fv2%2Ftags&post=17041"}],"curies":[{"name":"wp","href":"https:\/\/api.w.org\/{rel}","templated":true}]}}