{"id":17056,"date":"2017-10-30T15:11:52","date_gmt":"2017-10-30T14:11:52","guid":{"rendered":"http:\/\/info.sadowne.pl\/?p=17056"},"modified":"2017-10-30T15:11:52","modified_gmt":"2017-10-30T14:11:52","slug":"sadowianki-dozynki-prostyn","status":"publish","type":"post","link":"https:\/\/info.sadowne.pl\/?p=17056","title":{"rendered":"SADOWIANKI &#8211; DO\u017bYNKI &#8211; PROSTY\u0143"},"content":{"rendered":"<p><strong><img loading=\"lazy\" decoding=\"async\" class=\"alignleft size-thumbnail wp-image-16832\" src=\"http:\/\/info.sadowne.pl\/wp-content\/uploads\/2017\/09\/sad384-180x130.jpg\" alt=\"\" width=\"180\" height=\"130\" \/>Dzi\u0119kczynienie za plony Diecezji Drohiczy\u0144skiej. Do\u017cynki w Prostyni.<\/strong><!--more--><\/p>\n<p>W uroczysto\u015bciach \u00a0wzi\u0119li udzia\u0142 mieszka\u0144cy diecezji, rolnicy a tak\u017ce przedstawiciele duchowie\u0144stwa, w\u0142adz samorz\u0105dowych\u00a0 lokalnych i wojew\u00f3dzkich.<br \/>\nW\u015br\u00f3d go\u015bci by\u0142 tak\u017ce Minister Rolnictwa i Rozwoju Wsi Krzysztof Jurgiel. Urz\u0105d Marsza\u0142kowski Wojew\u00f3dztwa Podlaskiego reprezentowa\u0142 Dyrektor Gabinetu Marsza\u0142ka Wojew\u00f3dztwa Podlaskiego Wies\u0142aw \u017byli\u0144ski, kt\u00f3ry w imieniu marsza\u0142ka Jerzego Leszczy\u0144skiego przekaza\u0142 na r\u0119ce Ks. Bp Tadeusza Pikusa w darze o\u0142tarza obraz namalowany przez ucznia Liceum Plastycznego im. Artura Grottgera w Supra\u015blu.<br \/>\n\u015awi\u0119to dzi\u0119kczynienia za plony rozpocz\u0119\u0142o si\u0119 modlitw\u0105 wiernych, zgromadzonych wok\u00f3\u0142 Bazyliki w Prostyni.<br \/>\nNast\u0119pnie procesja liturgiczna i procesja z wie\u0144cami przesz\u0142y na B\u0142onia Prosty\u0144skie, gdzie odbywa\u0142y si\u0119 g\u0142\u00f3wne uroczysto\u015bci do\u017cynkowe.<\/p>\n<p>Nabo\u017ce\u0144stwo dzi\u0119kczynne \u00a0sprawowa\u0142 \u00a0<strong>Biskup Drohiczy\u0144ski ks. Tadeusz Pikus.\u00a0\u00a0<\/strong><\/p>\n<p><img loading=\"lazy\" decoding=\"async\" class=\"aligncenter size-full wp-image-17057\" src=\"http:\/\/info.sadowne.pl\/wp-content\/uploads\/2017\/10\/sad385.jpg\" alt=\"\" width=\"595\" height=\"297\" srcset=\"https:\/\/info.sadowne.pl\/wp-content\/uploads\/2017\/10\/sad385.jpg 595w, https:\/\/info.sadowne.pl\/wp-content\/uploads\/2017\/10\/sad385-300x150.jpg 300w\" sizes=\"auto, (max-width: 595px) 100vw, 595px\" \/><\/p>\n<p><img loading=\"lazy\" decoding=\"async\" class=\"aligncenter size-full wp-image-17058\" src=\"http:\/\/info.sadowne.pl\/wp-content\/uploads\/2017\/10\/sad386.jpg\" alt=\"\" width=\"600\" height=\"730\" srcset=\"https:\/\/info.sadowne.pl\/wp-content\/uploads\/2017\/10\/sad386.jpg 600w, https:\/\/info.sadowne.pl\/wp-content\/uploads\/2017\/10\/sad386-247x300.jpg 247w\" sizes=\"auto, (max-width: 600px) 100vw, 600px\" \/><\/p>\n<p>Nasze kole\u017canki z <strong>Zespo\u0142u <\/strong><strong>Sadowianki<\/strong> r\u00f3wnie\u017c uczestniczy\u0142y w tych uroczysto\u015bciach prezentuj\u0105c nagrodzony na wojew\u00f3dzkich do\u017cynkach wieniec. Do\u017cynki zako\u0144czy\u0142o\u00a0symboliczne podzielenie si\u0119 chlebem z tegorocznych zbior\u00f3w i muzyczne spotkanie plenerowe.<\/p>\n<div id=\"attachment_17059\" style=\"width: 605px\" class=\"wp-caption aligncenter\"><img loading=\"lazy\" decoding=\"async\" aria-describedby=\"caption-attachment-17059\" class=\"wp-image-17059 size-full\" src=\"http:\/\/info.sadowne.pl\/wp-content\/uploads\/2017\/10\/sad387.jpg\" alt=\"\" width=\"595\" height=\"314\" srcset=\"https:\/\/info.sadowne.pl\/wp-content\/uploads\/2017\/10\/sad387.jpg 595w, https:\/\/info.sadowne.pl\/wp-content\/uploads\/2017\/10\/sad387-300x158.jpg 300w\" sizes=\"auto, (max-width: 595px) 100vw, 595px\" \/><p id=\"caption-attachment-17059\" class=\"wp-caption-text\">Pami\u0105tkowe zdj\u0119cie z Prostyni: Marysia Szymanik, Wandzia Stryjek, ks. Tomasz Duszkiewicz, Bogusia Danaj, ks. Piotr Arbaszewski, pani Zi\u00f3\u0142kowska, ks. Stanis\u0142aw Wojciechowski, Jadzia Borowa i Hania D\u0119bkowska<\/p><\/div>\n<p><strong><img loading=\"lazy\" decoding=\"async\" class=\"alignleft size-full wp-image-17060\" src=\"http:\/\/info.sadowne.pl\/wp-content\/uploads\/2017\/10\/sad388.jpg\" alt=\"\" width=\"109\" height=\"130\" \/>SADOWNE &#8211; SESJA RADY GMINY<\/strong><\/p>\n<p><strong>30 wrze\u015bnia 2016r. odby\u0142a si\u0119 XXV jubileuszowa Sesja Rady Gminy Sadowne. Tym razem radni spotkali si\u0119 w Gminnym O\u015brodku Kultury.<\/strong><\/p>\n<p><img loading=\"lazy\" decoding=\"async\" class=\"aligncenter size-full wp-image-17061\" src=\"http:\/\/info.sadowne.pl\/wp-content\/uploads\/2017\/10\/sad389.jpg\" alt=\"\" width=\"595\" height=\"665\" srcset=\"https:\/\/info.sadowne.pl\/wp-content\/uploads\/2017\/10\/sad389.jpg 595w, https:\/\/info.sadowne.pl\/wp-content\/uploads\/2017\/10\/sad389-268x300.jpg 268w\" sizes=\"auto, (max-width: 595px) 100vw, 595px\" \/><\/p>\n<p>Sesja Rady Gminy Sadowne by\u0142a okazj\u0105 do podzi\u0119kowania naszym mieszka\u0144com za godne reprezentowanie Gminy Sadowne podczas uroczysto\u015bci gminnych i ponadlokalnych.<\/p>\n<p>Za udzia\u0142 w do\u017cynkach gminnych i wojew\u00f3dzkich wyr\u00f3\u017cnienia otrzymali: <strong>Aneta i Adam Oltonowie z Sadownego<\/strong>, kt\u00f3rzy byli Starostami do\u017cynek gminno-parafialnych 2015 r. w Sadownem i Starostami do\u017cynek wojew\u00f3dzkich\u00a0 2016 r. w Otwocku, gdzie reprezentowali powiat w\u0119growski wraz z <strong>zespo\u0142em SADOWIANKI. <\/strong>\u00a0 Wieniec do\u017cynkowy Sadowianek nagrodzono I miejscem.<\/p>\n<p><strong>Renata i Robert D\u0119bkowscy<\/strong>, kt\u00f3rzy byli Starostami do\u017cynek gminno-parafialnych 2016 r. i reprezentowali Parafi\u0119 na do\u017cynkach diecezjalnych w Prostyni, gdzie nasz wieniec r\u00f3wnie\u017c otrzyma\u0142 wyr\u00f3\u017cnienie, jako jeden z najpi\u0119kniejszych.\u00a0 Podobne wyr\u00f3\u017cnienie za najpi\u0119kniejszy wieniec do\u017cynkowy otrzymali\u015bmy r\u00f3wnie\u017c na \u015awi\u0119cie Chleba w W\u0119growie.<\/p>\n<div id=\"attachment_17062\" style=\"width: 609px\" class=\"wp-caption aligncenter\"><img loading=\"lazy\" decoding=\"async\" aria-describedby=\"caption-attachment-17062\" class=\"wp-image-17062 size-full\" src=\"http:\/\/info.sadowne.pl\/wp-content\/uploads\/2017\/10\/sad390.jpg\" alt=\"\" width=\"599\" height=\"416\" srcset=\"https:\/\/info.sadowne.pl\/wp-content\/uploads\/2017\/10\/sad390.jpg 599w, https:\/\/info.sadowne.pl\/wp-content\/uploads\/2017\/10\/sad390-300x208.jpg 300w\" sizes=\"auto, (max-width: 599px) 100vw, 599px\" \/><p id=\"caption-attachment-17062\" class=\"wp-caption-text\">W\u00f3jt Gminy p. Waldemar Cyran wr\u0119cza wyr\u00f3\u017cnienie SADOWIANKOM<\/p><\/div>\n<div id=\"attachment_17063\" style=\"width: 590px\" class=\"wp-caption aligncenter\"><img loading=\"lazy\" decoding=\"async\" aria-describedby=\"caption-attachment-17063\" class=\"wp-image-17063 size-full\" src=\"http:\/\/info.sadowne.pl\/wp-content\/uploads\/2017\/10\/sad391.jpg\" alt=\"\" width=\"580\" height=\"269\" srcset=\"https:\/\/info.sadowne.pl\/wp-content\/uploads\/2017\/10\/sad391.jpg 580w, https:\/\/info.sadowne.pl\/wp-content\/uploads\/2017\/10\/sad391-300x139.jpg 300w\" sizes=\"auto, (max-width: 580px) 100vw, 580px\" \/><p id=\"caption-attachment-17063\" class=\"wp-caption-text\">Ala Bahniuk, Marysia Szymanik, Henia Kibart, Wandzia Stryjek, Jadzia Borowa<\/p><\/div>\n<p>&nbsp;<\/p>\n<p>&nbsp;<\/p>\n<p>Na r\u0119ce Marysi Szymanik pan W\u00f3jt z\u0142o\u017cy\u0142 statuetk\u0119 z tre\u015bci\u0105:<\/p>\n<p><span style=\"color: #0000ff;\">Podzi\u0119kowanie dla Zespo\u0142u \u015apiewaczego <strong>SADOWIANKI <\/strong>za kultywowanie i promowanie tradycji ludowych ,,Ziemi Sadowie\u0144skiej\u201d, a szczeg\u00f3lnie w 2016 roku podczas Do\u017cynek Gminno-Parafialnych w Sadownem, Do\u017cynek Diecezjalnych w Prostyni i Do\u017cynek Wojew\u00f3dztwa Mazowieckiego w Otwocku.<\/span><strong>\u00a0\u00a0<\/strong><\/p>\n<div id=\"attachment_17064\" style=\"width: 359px\" class=\"wp-caption aligncenter\"><img loading=\"lazy\" decoding=\"async\" aria-describedby=\"caption-attachment-17064\" class=\"wp-image-17064 size-full\" src=\"http:\/\/info.sadowne.pl\/wp-content\/uploads\/2017\/10\/sad392.jpg\" alt=\"\" width=\"349\" height=\"202\" srcset=\"https:\/\/info.sadowne.pl\/wp-content\/uploads\/2017\/10\/sad392.jpg 349w, https:\/\/info.sadowne.pl\/wp-content\/uploads\/2017\/10\/sad392-300x174.jpg 300w\" sizes=\"auto, (max-width: 349px) 100vw, 349px\" \/><p id=\"caption-attachment-17064\" class=\"wp-caption-text\">Zesp\u00f3\u0142 \u015apiewaczy \u201eSadowianki\u201d u\u015bwietni\u0142 uroczysto\u015b\u0107 swoim wyst\u0119pem<\/p><\/div>\n<p><strong><img loading=\"lazy\" decoding=\"async\" class=\"alignleft size-full wp-image-17065\" src=\"http:\/\/info.sadowne.pl\/wp-content\/uploads\/2017\/10\/sad393.jpg\" alt=\"\" width=\"190\" height=\"148\" \/>WIZYTACJA ORDYNARIUSZA DIECEZJI<\/strong><strong>\u00a0 \u00a0 \u00a0 \u00a0 \u00a0 \u00a0 \u00a0 \u00a0 \u00a0 \u00a0 \u00a0 \u00a0 \u00a0 \u00a0\u00a0<\/strong><\/p>\n<p><span style=\"color: #ff0000;\"><strong>W dniach 11-13 pa\u017adziernika 2016 roku.<\/strong><\/span><\/p>\n<p><strong>Ostatni dzie\u0144 wizyty ks. bpa Tadeusza Pikusa w naszej parafii po\u015bwi\u0119cony by\u0142 spotkaniom z najm\u0142odszymi.<\/strong><\/p>\n<p><strong>Od samego rana 13 pa\u017adziernika ks. bp Tadeusz Pikus oczekiwany by\u0142 w gminnych plac\u00f3wkach o\u015bwiatowych.<\/strong><strong> W kolejno\u015bci czeka\u0142y przedszkolaki, uczniowie szko\u0142y podstawowej, p\u00f3\u017aniej gimnazjali\u015bci uczniowie naszych \u015brednich szk\u00f3\u0142.\u00a0\u00a0 <\/strong><\/p>\n<p>Przy tej okazji nast\u0105pi\u0142o te\u017c podsumowanie ca\u0142ej wizyty Duszpasterza w naszej Parafii, jak\u017ce donios\u0142ej i wa\u017cnej dla nas \u2013 parafian.<\/p>\n<p><strong>By\u0142o pi\u0119knie, ale te\u017c pouczaj\u0105co, co podkre\u015blali wszyscy m\u00f3wcy<\/strong>, w tym ks. bp Tadeusz Pikus oraz ks. Stanis\u0142aw Wojciechowski i W\u00f3jt Gminy Sadowne P. Waldemar Cyran, kt\u00f3rzy towarzyszyli wizytuj\u0105cemu we wszystkich kolejnych spotkaniach.<\/p>\n<p>Ostatnie natomiast podsumowania i po\u017cegnania z parafianami nast\u0105pi\u0142y podczas wieczorowej mszy \u015bwi\u0119tej w naszym pi\u0119knym ko\u015bciele.<\/p>\n<p><strong>SADOWIANKI r\u00f3wnie\u017c po\u017cegna\u0142y ks. Biskupa s\u0142owami:<\/strong><\/p>\n<p><span style=\"color: #0000ff;\"><strong>Ekscelencjo!!! Czcigodny ksi\u0119\u017ce Biskupie!!!<\/strong><\/span><\/p>\n<p><span style=\"color: #0000ff;\"><strong>Z r\u00f3\u017cnych okazji przybywa do nas ksi\u0105dz Biskup, ale wizytacja kanoniczna jest spojrzeniem na prac\u0119 i zaanga\u017cowanie ludzi \u015bwieckich w parafii. <\/strong><\/span><\/p>\n<p><span style=\"color: #0000ff;\"><strong>Jeste\u015bmy ogromnie wdzi\u0119czni i w imieniu w\u0142asnym oraz Zespo\u0142u \u015apiewaczego SADOWIANKI dzi\u0119kujemy za Tw\u00f3j trud pos\u0142ugi biskupiej i duszpasterskiej. <\/strong><\/span><\/p>\n<p><span style=\"color: #0000ff;\"><strong>Za wszystko co\u015b w tym czasie dla nas uczyni\u0142: wizytuj\u0105c nasz\u0105 Parafi\u0119, spotykaj\u0105c si\u0119 z naszymi parafianami, r\u00f3wnie\u017c tymi, kt\u00f3rych dotkn\u0105\u0142 krzy\u017c choroby, cierpienia i bezdomno\u015bci.<\/strong><\/span><\/p>\n<p><span style=\"color: #0000ff;\"><strong>Ale szczeg\u00f3lnie dzi\u0119kujemy za to wyj\u0105tkowe spotkanie na Eucharystii, kt\u00f3ra jest szczytem i \u017ar\u00f3d\u0142em, z kt\u00f3rego zawsze chcemy czerpa\u0107 si\u0142y. <\/strong><\/span><\/p>\n<p><span style=\"color: #0000ff;\"><strong>Mile wspomina\u0107 b\u0119dziemy spotkania z naszym Dostojnym Go\u015bciem z racji Twojej ogromnej otwarto\u015bci, pokory i \u0142atwo\u015bci, z jak\u0105 potrafi\u0142e\u015b nawi\u0105za\u0107 kontakt z ka\u017cd\u0105, jak\u017ce odr\u0119bn\u0105 grup\u0105 parafian. Niech s\u0142owa, jakie przysz\u0142o nam us\u0142ysze\u0107 w ci\u0105gu tej wizytacji od naszego Biskupa, stanowi\u0105 dla ka\u017cdego z nas zach\u0119t\u0119 i otuch\u0119 na dalsze lata naszej pracy.<\/strong><\/span><\/p>\n<p><span style=\"color: #0000ff;\"><strong>My, jako zesp\u00f3\u0142 SADOWIANKI obiecujemy, \u017ce b\u0119dziemy bra\u0107 sobie do serca dobre rady i wskazania, kt\u00f3rych nam udzieli\u0142e\u015b oraz b\u0119dziemy podtrzymywa\u0107 wspania\u0142e tradycje i obrz\u0119dy, jakie przekazali nam nasi rodzice. A otrzymane b\u0142ogos\u0142awie\u0144stwo, kt\u00f3rego nam udzielisz niech zaowocuje wzrostem i pog\u0142\u0119bieniem naszej wiary.<\/strong><\/span><\/p>\n<p>Po wys\u0142uchaniu s\u0142\u00f3w naszego po\u017cegnania ks. Biskup powiedzia\u0142, \u017ce SADOWIANKI s\u0105 nie tylko wspania\u0142ymi \u015bpiewaczkami, aktorkami, ale r\u00f3wnie\u017c oratorkami, m\u00f3wi\u0105cymi pi\u0119knymi s\u0142owami.<\/p>\n<p>Doda\u0142 r\u00f3wnie\u017c, \u017ce sam nie wypowiedzia\u0142by tak ciep\u0142ych i bogatych w tre\u015bci s\u0142\u00f3w, kt\u00f3re us\u0142ysza\u0142 od zespo\u0142u. Ks. Biskup na zako\u0144czenie udzieli\u0142 wszystkim b\u0142ogos\u0142awie\u0144stwa.<\/p>\n<p><strong>BARWY JESIENI <\/strong><\/p>\n<p><span style=\"color: #ff6600;\"><strong><em>\u201eW\u0118GROWSKIE BARWY JESIENI\u201d<\/em><\/strong><\/span><\/p>\n<p>W\u0119growski O\u015brodek Kultury ju\u017c po raz jedenasty go\u015bci\u0142 u siebie mazowieckich senior\u00f3w. <strong>W dniach 15-16 pa\u017adziernika<\/strong> br. odby\u0142 si\u0119 tu XI Mazowiecki Przegl\u0105d Tw\u00f3rczo\u015bci Artystycznej Senior\u00f3w \u201eW\u0119growskie Barwy Jesieni\u201d. Drugiego dnia Przegl\u0105du na scenie WOK zaprezentowa\u0142 si\u0119 <strong>Zesp\u00f3\u0142 \u015apiewaczy \u201eSadowianki\u201d<\/strong> i zdoby\u0142 uznanie w\u015br\u00f3d widz\u00f3w.<\/p>\n<p><strong><img loading=\"lazy\" decoding=\"async\" class=\"aligncenter size-full wp-image-17066\" src=\"http:\/\/info.sadowne.pl\/wp-content\/uploads\/2017\/10\/sad394.jpg\" alt=\"\" width=\"595\" height=\"386\" srcset=\"https:\/\/info.sadowne.pl\/wp-content\/uploads\/2017\/10\/sad394.jpg 595w, https:\/\/info.sadowne.pl\/wp-content\/uploads\/2017\/10\/sad394-300x195.jpg 300w\" sizes=\"auto, (max-width: 595px) 100vw, 595px\" \/>\u00a0\u00a0 <\/strong><\/p>\n<p><strong>Info Sadowne:<\/strong><\/p>\n<p><span style=\"color: #ff0000;\"><strong>,,Potr\u00f3jny efekt! \u015awietne wykonanie utwor\u00f3w, dobra prezencja i\u2026 kolejny sukces<\/strong><strong>\u201d.<\/strong><\/span><\/p>\n<p><strong>Dzi\u0119kujemy panu S\u0142awkowi Chyli\u0144skiemu za s\u0142owa pochwa\u0142y i wsparcia.<\/strong><\/p>\n<div id=\"attachment_17067\" style=\"width: 605px\" class=\"wp-caption aligncenter\"><img loading=\"lazy\" decoding=\"async\" aria-describedby=\"caption-attachment-17067\" class=\"wp-image-17067 size-full\" src=\"http:\/\/info.sadowne.pl\/wp-content\/uploads\/2017\/10\/sad395.jpg\" alt=\"\" width=\"595\" height=\"247\" srcset=\"https:\/\/info.sadowne.pl\/wp-content\/uploads\/2017\/10\/sad395.jpg 595w, https:\/\/info.sadowne.pl\/wp-content\/uploads\/2017\/10\/sad395-300x125.jpg 300w\" sizes=\"auto, (max-width: 595px) 100vw, 595px\" \/><p id=\"caption-attachment-17067\" class=\"wp-caption-text\">Andrzej Olton, Zbyszek Danaj, Hania D\u0119bkowska, Krysia Wetoszka, Marysia Szymanik, Basia Wr\u00f3bel, Wandzia Stryjek, Bogusia Danaj, Ela D\u0119bkowska, Tereska Piwek, Henia Kibart, Ala Bahniuk<\/p><\/div>\n<p>&nbsp;<\/p>\n<p><strong>CHMIELEW k\/SOKO\u0141OWA PODLASKIEGO<\/strong><\/p>\n<p><strong>22 pa\u017adziernika 2016 <\/strong>\u00a0&#8211; Zesp\u00f3\u0142 SADOWIANKI zaproszono na Jubileusz XX-lecia Mazowiecko-Podlaskiego Stowarzyszenia Agroturystycznego.<\/p>\n<p>W jednym z gospodarstw w miejscowo\u015bci <strong>Chmielew k\/Soko\u0142owa Podlaskiego <\/strong>spotka\u0142a si\u0119 do\u015b\u0107 liczna grupa tych wspania\u0142ych ludzi (zapale\u0144c\u00f3w), kt\u00f3rzy dzia\u0142aj\u0105 na rzecz rozwoju i promocji turystyki we wspomnianym stowarzyszeniu agroturystycznym.<\/p>\n<p><strong>A dlaczego SADOWIANKI\u00a0 tam by\u0142y???!!! Postaram si\u0119 kr\u00f3tko opisa\u0107<\/strong>.<\/p>\n<p>Pewnego dnia, po wcze\u015bniejszej rozmowie telefonicznej, przyszed\u0142 na pr\u00f3b\u0119 zespo\u0142u <strong>pan Piotr Olkowski<\/strong> (dzia\u0142aj\u0105cy we wspomnianym stowarzyszeniu i pe\u0142ni\u0105cy funkcj\u0119 Przewodnicz\u0105cego Rady Gminy Sadowne) z zapytaniem, czy zesp\u00f3\u0142 zechcia\u0142by przedstawi\u0107 star\u0105 tradycj\u0119 polskiej wsi, jak\u0105 by\u0142o darcie pierza. Oczywi\u015bcie, ch\u0119tnie, no i dalej ju\u017c wszystko potoczy\u0142o si\u0119 g\u0142adko.<\/p>\n<p>Pan Piotr zorganizowa\u0142 dojazd, <strong>do Chmielewa<\/strong>, a nawet pom\u00f3g\u0142, jak to m\u00f3wi\u0105, wpr\u0119dce, zgromadzi\u0107 akcesoria potrzebne do inscenizacji, a nasze panie, to przecie\u017c wspania\u0142e aktorki, zawsze w pe\u0142nej gotowo\u015bci, swoje kwestie recytuj\u0105, jak pacierz.<\/p>\n<p>Wiele os\u00f3b jeszcze pami\u0119ta czasy, gdy nadchodzi\u0142a zima, a wraz z ni\u0105 d\u0142ugie wieczory, kt\u00f3re czym\u015b nale\u017ca\u0142o wype\u0142ni\u0107. Wtedy w\u0142a\u015bnie odbywa\u0142o si\u0119 skubanie pierza, kt\u00f3remu towarzyszy\u0142o \u015bpiewanie, \u017cartowanie, a cz\u0119sto swatanie c\u00f3rek czy syn\u00f3w.<\/p>\n<p>Zwyczaj darcia pierza zanik\u0142 w po\u0142owie lat siedemdziesi\u0105tych XX wieku i jedynie przetrwa\u0142 w repertuarze niekt\u00f3rych zespo\u0142\u00f3w ludowych. Nasz zesp\u00f3\u0142 przedstawia ten zwyczaj w bardzo profesjonalny a jednocze\u015bnie humorystyczny spos\u00f3b, bo przecie\u017c to spu\u015bcizna naszych wspania\u0142ych przodk\u00f3w, dlatego nale\u017cy j\u0105 przypomina\u0107.<\/p>\n<p><strong><img loading=\"lazy\" decoding=\"async\" class=\"aligncenter size-full wp-image-17068\" src=\"http:\/\/info.sadowne.pl\/wp-content\/uploads\/2017\/10\/sad396.jpg\" alt=\"\" width=\"600\" height=\"343\" srcset=\"https:\/\/info.sadowne.pl\/wp-content\/uploads\/2017\/10\/sad396.jpg 600w, https:\/\/info.sadowne.pl\/wp-content\/uploads\/2017\/10\/sad396-300x172.jpg 300w\" sizes=\"auto, (max-width: 600px) 100vw, 600px\" \/>\u00a0<\/strong><\/p>\n<p>W naszej inscenizacji jest <strong>Kasia (Basia Decyk<\/strong>), kt\u00f3r\u0105 gospodynie swataj\u0105 z <strong>Jankiem (Zbyszek Danaj)<\/strong> z s\u0105siedztwa, a z tego swatania wynika wiele zabawnych, \u015bmiesznych sytuacji. S\u0105 te\u017c porady odno\u015bnie nocy po\u015blubnej i ca\u0142ego wsp\u00f3lnego \u017cycia ma\u0142\u017ce\u0144skiego.<\/p>\n<p>Ca\u0142a inscenizacja przeplatana jest piosenkami ludowymi, kt\u00f3re cz\u0119sto by\u0142y przekazywane z pokolenia na pokolenie. Wi\u0119kszo\u015b\u0107 tych piosenek pochodziz XVIII wieku, z okresu wzmo\u017conego zainteresowania wsi\u0105, ludowo\u015bci\u0105 i polsko\u015bci\u0105. Piosenki \u0142atwo wpadaj\u0105 w ucho, maj\u0105 proste s\u0142owa i melodi\u0119, dlatego wszyscy ch\u0119tnie w\u0142\u0105czaj\u0105 si\u0119 do wsp\u00f3lnego \u015bpiewania.<\/p>\n<p>Tak te\u017c by\u0142o na spotkaniu Stowarzyszenia Agroturystycznego w Chmielewie.<\/p>\n<div id=\"attachment_17069\" style=\"width: 367px\" class=\"wp-caption aligncenter\"><img loading=\"lazy\" decoding=\"async\" aria-describedby=\"caption-attachment-17069\" class=\"wp-image-17069 size-full\" src=\"http:\/\/info.sadowne.pl\/wp-content\/uploads\/2017\/10\/sad397.jpg\" alt=\"\" width=\"357\" height=\"204\" srcset=\"https:\/\/info.sadowne.pl\/wp-content\/uploads\/2017\/10\/sad397.jpg 357w, https:\/\/info.sadowne.pl\/wp-content\/uploads\/2017\/10\/sad397-300x171.jpg 300w\" sizes=\"auto, (max-width: 357px) 100vw, 357px\" \/><p id=\"caption-attachment-17069\" class=\"wp-caption-text\">S\u0105 te\u017c figlarni ch\u0142opcy, kt\u00f3rzy p\u0142ataj\u0105 figle gospodyniom<\/p><\/div>\n<p>&nbsp;<\/p>\n<div id=\"attachment_17070\" style=\"width: 608px\" class=\"wp-caption aligncenter\"><img loading=\"lazy\" decoding=\"async\" aria-describedby=\"caption-attachment-17070\" class=\"wp-image-17070 size-full\" src=\"http:\/\/info.sadowne.pl\/wp-content\/uploads\/2017\/10\/sad398.jpg\" alt=\"\" width=\"598\" height=\"347\" srcset=\"https:\/\/info.sadowne.pl\/wp-content\/uploads\/2017\/10\/sad398.jpg 598w, https:\/\/info.sadowne.pl\/wp-content\/uploads\/2017\/10\/sad398-300x174.jpg 300w\" sizes=\"auto, (max-width: 598px) 100vw, 598px\" \/><p id=\"caption-attachment-17070\" class=\"wp-caption-text\">W Chmielewie w spotkaniu uczestniczy\u0142a pani Danuta Grodzka-Wojdyna<\/p><\/div>\n<p>&nbsp;<\/p>\n<p><strong>Pani Danusia<\/strong> pracuje w Oddziale PTTK W\u0119gr\u00f3w, jest przewodnikiem turystycznym, regionalist\u0105, nauczycielem, animatorem kultury, nauczycielem, dzia\u0142aczk\u0105 na rzecz rozwoju i promocji turystyki w powiecie w\u0119growskim ale najwa\u017cniejsza informacja, to taka, ze jest ,,nasz\u0105 s\u0105siadk\u0105\u201d. W\u0142a\u015bnie tak, pani Danusia mieszka kilkana\u015bcie kilometr\u00f3w od Sadownego w miejscowo\u015bci Zambrzyniec.<\/p>\n<p><span style=\"color: #3366ff;\">Teraz podam informacje uzyskane z <strong>Internetu<\/strong> na temat <strong>pani Danusi<\/strong> i jej dzia\u0142alno\u015bci:<\/span><\/p>\n<p><strong>,,W otulinie Nadbu\u017ca\u0144skiego Parku Krajobrazowego znajduje si\u0119 magiczne miejsce pe\u0142ne kultury, rozrywki, rekreacji, sztuki i\u2026 \u015bwietnej atmosfery. Galeria Zambrzyniec \u2013 Danuta Grodzka-Wojdyna i jej ma\u0142e kr\u00f3lestwo.<\/strong><\/p>\n<p>Danuta Grodzka-Wojdyna, w\u0142a\u015bcicielka gospodarstwa agroturystycznego oraz Galerii Zambrzyniec, kultur\u0105 i turystyk\u0105 zajmuje si\u0119 od 35 lat.<br \/>\n<span style=\"color: #ff0000;\">\/\/\/<\/span><span style=\"color: #3366ff;\">\u2013 ,,Dzia\u0142am w tym obszarze zawodowo i spo\u0142ecznie. Wraz z m\u0119\u017cem od 4 lat prowadzimy agroturystyk\u0119, no i pojawi\u0142 si\u0119 pomys\u0142 stworzenia dodatkowej atrakcji. Na pocz\u0105tku mia\u0142a to by\u0107 tylko dla naszych go\u015bci.<\/span><\/p>\n<p><span style=\"color: #3366ff;\">W miar\u0119 up\u0142ywu czasu zacz\u0119li\u015bmy tu adaptowa\u0107 stodo\u0142\u0119. Pewne wzorce \u015bci\u0105gn\u0119\u0142am od innych ludzi, kt\u00f3rzy urz\u0105dzaj\u0105 w obiektach gospodarstwa tego typu galerie i muzea. Poniewa\u017c ta nasza stodo\u0142a od dawna nie spe\u0142nia roli, jak\u0105 powinna, w rezultacie mogli\u015bmy to pomieszczenie wykorzysta\u0107 na stworzenie czego\u015b niecodziennego, zw\u0142aszcza w naszym regionie \u2013 opowiada\u0142a Danuta Grodzka-Wojdyna o pocz\u0105tkach galerii.\/\/\/<\/span><\/p>\n<p>Misja, kt\u00f3r\u0105 w\u0142a\u015bciciele obrali ju\u017c na starcie, by\u0142a ch\u0119\u0107 \u201esprowadzenia\u201d kultury ludowej pod strzechy. W ostatnich tygodniach galeria wprost t\u0119tni\u0142a \u017cyciem, a wszystko za spraw\u0105 wystawy s\u0142ynnej tw\u00f3rczyni ludowej, Ma\u0142gorzaty Pep\u0142owskiej.<\/p>\n<p><span style=\"color: #ff0000;\">\/\/\/<\/span><span style=\"color: #3366ff;\">\u2013 Wystawa cieszy\u0142a si\u0119 du\u017cym uznaniem. Tw\u00f3rczo\u015b\u0107 pani Ma\u0142gorzaty jest bardzo znana i nie trzeba by\u0142o tutaj galerii, \u017ceby jej sztuk\u0119 pokaza\u0107. Chodzi\u0142o mi przede wszystkim o to, \u017ceby z tak wielk\u0105 artystk\u0105 mogli spotyka\u0107 si\u0119 ludzie zwykli, nie tylko znawcy i koneserzy. Na skutek tego, \u017ce zainteresowanie ni\u0105 z dnia na dzie\u0144 ros\u0142o, wystawa zosta\u0142a przed\u0142u\u017cona. Przez trzy tygodnie otwierali\u015bmy galeri\u0119 i codziennie kto\u015b j\u0105 odwiedza\u0142 \u2013 powiedzia\u0142a Grodzka-Wojdyna.\u201d\/\/\/<\/span><\/p>\n<p><strong>Po spektaklu SADOWIANEK p. Piotr Olkowski opowiedzia\u0142 \u015bmieszne zdarzenie zwi\u0105zane z propozycj\u0105, naszych wyst\u0119p\u00f3w podczas przyj\u0119cia i konsumpcji zgromadzonych na jubileuszu. <\/strong><\/p>\n<p><strong>Ja tylko wspomn\u0119, \u017ce najwi\u0119kszy postrach wzbudzi\u0142 <span style=\"color: #3366ff;\">g\u0105sior<\/span>, kt\u00f3ry mia\u0142 by\u0107 oskubany w ten jesienny wiecz\u00f3r\u2026ale o to prosz\u0119 pyta\u0107 pana Piotra, a na pewno ze szczeg\u00f3\u0142ami opowie<\/strong><strong>.<\/strong><\/p>\n<div id=\"attachment_17071\" style=\"width: 610px\" class=\"wp-caption aligncenter\"><img loading=\"lazy\" decoding=\"async\" aria-describedby=\"caption-attachment-17071\" class=\"wp-image-17071 size-full\" src=\"http:\/\/info.sadowne.pl\/wp-content\/uploads\/2017\/10\/sad399.jpg\" alt=\"\" width=\"600\" height=\"325\" srcset=\"https:\/\/info.sadowne.pl\/wp-content\/uploads\/2017\/10\/sad399.jpg 600w, https:\/\/info.sadowne.pl\/wp-content\/uploads\/2017\/10\/sad399-300x163.jpg 300w\" sizes=\"auto, (max-width: 600px) 100vw, 600px\" \/><p id=\"caption-attachment-17071\" class=\"wp-caption-text\">SADOWIANKI z pani\u0105 Danusi\u0105<\/p><\/div>\n<p>&nbsp;<\/p>\n<p><strong><img loading=\"lazy\" decoding=\"async\" class=\"alignleft size-full wp-image-17072\" src=\"http:\/\/info.sadowne.pl\/wp-content\/uploads\/2017\/10\/sad400.jpg\" alt=\"\" width=\"182\" height=\"142\" \/>PR\u00d3BA <\/strong><strong>Zespo\u0142u \u015apiewaczego\u00a0 Sadowianki.<\/strong><\/p>\n<p><strong>27 pa\u017adziernika 2016 <\/strong>odbywa\u0142a si\u0119 pr\u00f3ba Sadowianek, na kt\u00f3rej zesp\u00f3\u0142 przygotowywa\u0142 si\u0119 na <strong>Gal\u0119 Fina\u0142ow\u0105<\/strong> <strong>XI Mazowieckiego Przegl\u0105du Tw\u00f3rczo\u015bci Artystycznej Senior\u00f3w \u201eW\u0119growskie Barwy Jesieni\u201d.<\/strong><\/p>\n<p><strong>W s\u0105siednim pomieszczeniu odbywa\u0142a si\u0119 r\u00f3wnie\u017c ma\u0142a uroczysto\u015b\u0107, na kt\u00f3r\u0105 zostali\u015bmy zaproszeni. <\/strong><\/p>\n<p><strong>By\u0142a to niespodzianka przygotowana<\/strong> dla zespo\u0142u przez p. Piotra Olkowskiego w podzi\u0119kowaniu za wspania\u0142y spektakl ,,Darcia pierza\u201d, przedstawiony podczas obchod\u00f3w Jubileuszu XX-lecia Mazowiecko-Podlaskiego Stowarzyszenia Agroturystycznego.<\/p>\n<div id=\"attachment_17073\" style=\"width: 611px\" class=\"wp-caption aligncenter\"><img loading=\"lazy\" decoding=\"async\" aria-describedby=\"caption-attachment-17073\" class=\"wp-image-17073 size-full\" src=\"http:\/\/info.sadowne.pl\/wp-content\/uploads\/2017\/10\/sad401.jpg\" alt=\"\" width=\"601\" height=\"348\" srcset=\"https:\/\/info.sadowne.pl\/wp-content\/uploads\/2017\/10\/sad401.jpg 601w, https:\/\/info.sadowne.pl\/wp-content\/uploads\/2017\/10\/sad401-300x174.jpg 300w\" sizes=\"auto, (max-width: 601px) 100vw, 601px\" \/><p id=\"caption-attachment-17073\" class=\"wp-caption-text\">SADOWIANKI z rodzin\u0105 p. Piotra i przyjaci\u00f3\u0142mi<\/p><\/div>\n<p>&nbsp;<\/p>\n<div id=\"attachment_17074\" style=\"width: 602px\" class=\"wp-caption aligncenter\"><img loading=\"lazy\" decoding=\"async\" aria-describedby=\"caption-attachment-17074\" class=\"wp-image-17074 size-full\" src=\"http:\/\/info.sadowne.pl\/wp-content\/uploads\/2017\/10\/sad402.jpg\" alt=\"\" width=\"592\" height=\"349\" srcset=\"https:\/\/info.sadowne.pl\/wp-content\/uploads\/2017\/10\/sad402.jpg 592w, https:\/\/info.sadowne.pl\/wp-content\/uploads\/2017\/10\/sad402-300x177.jpg 300w\" sizes=\"auto, (max-width: 592px) 100vw, 592px\" \/><p id=\"caption-attachment-17074\" class=\"wp-caption-text\">Nie oby\u0142o si\u0119 bez toast\u00f3w oraz pami\u0105tkowych zdj\u0119\u0107<\/p><\/div>\n<p>&nbsp;<\/p>\n<p><strong>\u0179r\u00f3d\u0142o:<\/strong>\u00a0SADOWIANKI, Barbara Wr\u00f3bel, Sadowne 2017 (kronika dost\u0119pna w zbiorach GOK Sadowne)<\/p>\n","protected":false},"excerpt":{"rendered":"<p>Dzi\u0119kczynienie za plony Diecezji Drohiczy\u0144skiej. Do\u017cynki w Prostyni.<\/p>\n","protected":false},"author":1,"featured_media":0,"comment_status":"closed","ping_status":"closed","sticky":false,"template":"","format":"standard","meta":{"footnotes":""},"categories":[5,31,1202],"tags":[1218,101,1217,960],"class_list":["post-17056","post","type-post","status-publish","format-standard","hentry","category-newsy","category-historia-gminy","category-zespol-spiewaczy-sadowianki","tag-barbara-wrobel","tag-historia-gminy-sadowne","tag-sadowianki","tag-zespol-spiewaczy-sadowianki"],"views":4046,"_links":{"self":[{"href":"https:\/\/info.sadowne.pl\/index.php?rest_route=\/wp\/v2\/posts\/17056","targetHints":{"allow":["GET"]}}],"collection":[{"href":"https:\/\/info.sadowne.pl\/index.php?rest_route=\/wp\/v2\/posts"}],"about":[{"href":"https:\/\/info.sadowne.pl\/index.php?rest_route=\/wp\/v2\/types\/post"}],"author":[{"embeddable":true,"href":"https:\/\/info.sadowne.pl\/index.php?rest_route=\/wp\/v2\/users\/1"}],"replies":[{"embeddable":true,"href":"https:\/\/info.sadowne.pl\/index.php?rest_route=%2Fwp%2Fv2%2Fcomments&post=17056"}],"version-history":[{"count":1,"href":"https:\/\/info.sadowne.pl\/index.php?rest_route=\/wp\/v2\/posts\/17056\/revisions"}],"predecessor-version":[{"id":17075,"href":"https:\/\/info.sadowne.pl\/index.php?rest_route=\/wp\/v2\/posts\/17056\/revisions\/17075"}],"wp:attachment":[{"href":"https:\/\/info.sadowne.pl\/index.php?rest_route=%2Fwp%2Fv2%2Fmedia&parent=17056"}],"wp:term":[{"taxonomy":"category","embeddable":true,"href":"https:\/\/info.sadowne.pl\/index.php?rest_route=%2Fwp%2Fv2%2Fcategories&post=17056"},{"taxonomy":"post_tag","embeddable":true,"href":"https:\/\/info.sadowne.pl\/index.php?rest_route=%2Fwp%2Fv2%2Ftags&post=17056"}],"curies":[{"name":"wp","href":"https:\/\/api.w.org\/{rel}","templated":true}]}}