{"id":17092,"date":"2017-10-31T20:33:51","date_gmt":"2017-10-31T19:33:51","guid":{"rendered":"http:\/\/info.sadowne.pl\/?p=17092"},"modified":"2017-10-31T20:33:51","modified_gmt":"2017-10-31T19:33:51","slug":"5-minut-o-8","status":"publish","type":"post","link":"https:\/\/info.sadowne.pl\/?p=17092","title":{"rendered":"5 minut o\u2026"},"content":{"rendered":"<p><strong><img loading=\"lazy\" decoding=\"async\" class=\"alignleft size-thumbnail wp-image-16974\" src=\"http:\/\/info.sadowne.pl\/wp-content\/uploads\/2017\/10\/wojt2-180x130.jpg\" alt=\"\" width=\"180\" height=\"130\" \/>\u2026o zmianie nazwy ulicy Czes\u0142awa Wycecha w Sadownem.<\/strong><!--more--><\/p>\n<p><strong>Witam Pa\u0144stwa!<\/strong><\/p>\n<p>Drodzy Pa\u0144stwo, zapewne wszyscy z Pa\u0144stwa s\u0142yszeli ju\u017c o problematycznej sprawie zmiany nazwy ulicy Czes\u0142awa Wycecha w Sadownem. Pisa\u0142 r\u00f3wnie\u017c o tym Portal Info Sadowne w artykule \u201eSpodziewali\u015bmy si\u0119 tego\u201d (<span style=\"color: #0000ff;\"><strong><a style=\"color: #0000ff;\" href=\"http:\/\/info.sadowne.pl\/?p=17034\" target=\"_blank\" rel=\"noopener noreferrer\">http:\/\/info.sadowne.pl\/?p=17034<\/a><\/strong><\/span>). M\u00f3wi\u0105c kr\u00f3tko, chodzi o to, \u017ce zgodnie z <em>Ustaw\u0105<\/em> <em>z dnia 1 kwietnia 2016 r. o zakazie propagowania komunizmu lub innego ustroju totalitarnego przez nazwy budowli, obiekt\u00f3w i urz\u0105dze\u0144 u\u017cyteczno\u015bci publicznej<\/em> na Urz\u0119dzie Gminy w Sadownem spoczywa obowi\u0105zek zmiany nazwy tej ulicy.<\/p>\n<p><strong>Przyczyna?<\/strong> Patron tej ulicy, Czes\u0142aw Wycech znalaz\u0142 si\u0119 na li\u015bcie os\u00f3b zwi\u0105zanych z totalitarnym systemem PRL, kt\u00f3r\u0105 sporz\u0105dzi\u0142 Instytut Pami\u0119ci Narodowej, a kt\u00f3ra stanowi podstaw\u0119 zastosowania przepis\u00f3w ww. Ustawy.<\/p>\n<p><strong>Wg mojej prywatnej oceny i zapewne wielu z Pa\u0144stwa, osoba ta nie zas\u0142u\u017cy\u0142a na potraktowanie pami\u0119ci o niej w ten spos\u00f3b.<\/strong> Czes\u0142aw Wycech by\u0142 osob\u0105 zas\u0142u\u017con\u0105 dla Gminy Sadowne, dlatego te\u017c zwleka\u0142em z terminowym wykonaniem zalece\u0144 Ustawy i zwr\u00f3ci\u0142em si\u0119 do Instytutu Pami\u0119ci Narodowej o opini\u0119 w tej sprawie, potraktowanie jej w spos\u00f3b szczeg\u00f3lny oraz odst\u0105pienie od konieczno\u015bci zastosowania w tym przypadku Ustawy o zakazie propagowania komunizmu\u2026<\/p>\n<p>Nie mog\u0142em pomin\u0105\u0107 faktu, i\u017c pomimo zwi\u0105zku Czes\u0142awa Wycecha z systemem komunistycznym w okresie powojennym, jego zas\u0142ugi dla tworzenia w czasie okupacji podziemnego Pa\u0144stwa Polskiego oraz rozbudowy infrastruktury spo\u0142ecznej i materialnej Gminy Sadowne w okresie powojennym s\u0105 ogromne. Elementy te, do\u015b\u0107 istotne, zosta\u0142y pomini\u0119te w post\u0119powaniu weryfikacyjnym IPN.<\/p>\n<p>Pomimo moich uwag, w ostatnich dniach do Urz\u0119du Gminy w Sadownem trafi\u0142o pismo Dyrektora Wydzia\u0142u Prawnego Urz\u0119du Wojew\u00f3dzkiego, w kt\u00f3rym informuje o przyst\u0105pieniu organu nadzoru do realizacji kompetencji zast\u0119pczych.\u00a0Znaczy to, \u017ce decyzj\u0105 Wojewody mo\u017ce i tak zosta\u0107 zmieniona nazwa przedmiotowej ulicy.<\/p>\n<p><strong>Moje negatywne stanowisko w sprawie zmiany nazwy ulicy Czes\u0142awa Wycecha w Sadownem popar\u0142a r\u00f3wnie\u017c Rada Gminy Sadowne, kt\u00f3ra w dniu 31 pa\u017adziernika 2017 r. podczas XXXIX Sesji na moj\u0105 pro\u015bb\u0119 podj\u0119\u0142a dyskusj\u0119 nad tym zagadnieniem.<\/strong> \u00a0Daje mi to mo\u017cliwo\u015b\u0107 realizacji dalszych czynno\u015bci w kwestii uzyskania zgody w\u0142adz nadrz\u0119dnych na odst\u0105pienie od realizacji zalece\u0144 Ustawy z dnia 1 kwietnia 2016 r. o zakazie propagowania komunizmu\u2026, jednak efekt\u00f3w ich nie da si\u0119 na dzie\u0144 dzisiejszy przewidzie\u0107\u2026 Czas poka\u017ce\u2026<\/p>\n<p><strong>Pozdrawiam Pa\u0144stwa!<\/strong><\/p>\n<p><strong>Waldemar Cyran <\/strong><\/p>\n<p><strong>W\u00f3jt Gminy Sadowne<\/strong><\/p>\n<p><img loading=\"lazy\" decoding=\"async\" class=\"aligncenter size-full wp-image-17093\" src=\"http:\/\/info.sadowne.pl\/wp-content\/uploads\/2017\/10\/2017.10.31.11.jpg\" alt=\"\" width=\"594\" height=\"837\" srcset=\"https:\/\/info.sadowne.pl\/wp-content\/uploads\/2017\/10\/2017.10.31.11.jpg 594w, https:\/\/info.sadowne.pl\/wp-content\/uploads\/2017\/10\/2017.10.31.11-213x300.jpg 213w\" sizes=\"auto, (max-width: 594px) 100vw, 594px\" \/><\/p>\n","protected":false},"excerpt":{"rendered":"<p>\u2026o zmianie nazwy ulicy Czes\u0142awa Wycecha w Sadownem.<\/p>\n","protected":false},"author":1,"featured_media":0,"comment_status":"closed","ping_status":"closed","sticky":false,"template":"","format":"standard","meta":{"footnotes":""},"categories":[1204,5,41],"tags":[2614,1033,614],"class_list":["post-17092","post","type-post","status-publish","format-standard","hentry","category-5-minut-o","category-newsy","category-wiesci-gminne","tag-5-minut-o-zmianie-nazwy-ulicy-czeslawa-wycecha-w-sadownem","tag-waldemar-cyran","tag-wojt-gminy-sadowne"],"views":3576,"_links":{"self":[{"href":"https:\/\/info.sadowne.pl\/index.php?rest_route=\/wp\/v2\/posts\/17092","targetHints":{"allow":["GET"]}}],"collection":[{"href":"https:\/\/info.sadowne.pl\/index.php?rest_route=\/wp\/v2\/posts"}],"about":[{"href":"https:\/\/info.sadowne.pl\/index.php?rest_route=\/wp\/v2\/types\/post"}],"author":[{"embeddable":true,"href":"https:\/\/info.sadowne.pl\/index.php?rest_route=\/wp\/v2\/users\/1"}],"replies":[{"embeddable":true,"href":"https:\/\/info.sadowne.pl\/index.php?rest_route=%2Fwp%2Fv2%2Fcomments&post=17092"}],"version-history":[{"count":1,"href":"https:\/\/info.sadowne.pl\/index.php?rest_route=\/wp\/v2\/posts\/17092\/revisions"}],"predecessor-version":[{"id":17094,"href":"https:\/\/info.sadowne.pl\/index.php?rest_route=\/wp\/v2\/posts\/17092\/revisions\/17094"}],"wp:attachment":[{"href":"https:\/\/info.sadowne.pl\/index.php?rest_route=%2Fwp%2Fv2%2Fmedia&parent=17092"}],"wp:term":[{"taxonomy":"category","embeddable":true,"href":"https:\/\/info.sadowne.pl\/index.php?rest_route=%2Fwp%2Fv2%2Fcategories&post=17092"},{"taxonomy":"post_tag","embeddable":true,"href":"https:\/\/info.sadowne.pl\/index.php?rest_route=%2Fwp%2Fv2%2Ftags&post=17092"}],"curies":[{"name":"wp","href":"https:\/\/api.w.org\/{rel}","templated":true}]}}