{"id":17135,"date":"2017-11-06T20:03:54","date_gmt":"2017-11-06T19:03:54","guid":{"rendered":"http:\/\/info.sadowne.pl\/?p=17135"},"modified":"2017-11-07T15:40:59","modified_gmt":"2017-11-07T14:40:59","slug":"sadowianki-otrzymaly-nagrode-marszalka-mazowsza","status":"publish","type":"post","link":"https:\/\/info.sadowne.pl\/?p=17135","title":{"rendered":"\u201eSadowianki\u201d otrzyma\u0142y Nagrod\u0119 Marsza\u0142ka Mazowsza"},"content":{"rendered":"<p><strong><a href=\"http:\/\/info.sadowne.pl\/wp-content\/uploads\/2017\/11\/2017.11.06.12.jpg\" target=\"_blank\" rel=\"noopener noreferrer\"><img loading=\"lazy\" decoding=\"async\" class=\"alignleft wp-image-17141 size-thumbnail\" src=\"http:\/\/info.sadowne.pl\/wp-content\/uploads\/2017\/11\/2017.11.06.12-180x130.jpg\" alt=\"\" width=\"180\" height=\"130\" \/><\/a>Do XVIII edycji Konkursu \u201eNagroda Marsza\u0142ka Mazowsza\u201d wp\u0142yn\u0119\u0142y 103 zg\u0142oszenia. Jury spo\u015br\u00f3d nominowanych wy\u0142oni\u0142o 10 laureat\u00f3w, w\u015br\u00f3d kt\u00f3rych znalaz\u0142 si\u0119 Zesp\u00f3\u0142 \u015apiewaczy \u201eSadowianki\u201d.<\/strong><!--more--><\/p>\n<p>Presti\u017cowa nagroda Marsza\u0142ka Wojew\u00f3dztwa Mazowieckiego jest uhonorowaniem tych, kt\u00f3rzy maj\u0105 szczeg\u00f3lne zas\u0142ugi na rzecz promocji Mazowsza w kraju i na \u015bwiecie, w zakresie tw\u00f3rczo\u015bci artystycznej, upowszechniania i ochrony kultury.<\/p>\n<p><strong><a href=\"http:\/\/info.sadowne.pl\/wp-content\/uploads\/2017\/11\/2017.11.06.13.jpg\" target=\"_blank\" rel=\"noopener noreferrer\"><img loading=\"lazy\" decoding=\"async\" class=\"alignright wp-image-17143 size-medium\" src=\"http:\/\/info.sadowne.pl\/wp-content\/uploads\/2017\/11\/2017.11.06.13-300x200.jpg\" alt=\"\" width=\"300\" height=\"200\" srcset=\"https:\/\/info.sadowne.pl\/wp-content\/uploads\/2017\/11\/2017.11.06.13-300x200.jpg 300w, https:\/\/info.sadowne.pl\/wp-content\/uploads\/2017\/11\/2017.11.06.13.jpg 764w\" sizes=\"auto, (max-width: 300px) 100vw, 300px\" \/><\/a>Gala wr\u0119czenia nagr\u00f3d odby\u0142a si\u0119 w poniedzia\u0142ek 6 listopada <\/strong><strong>w Teatrze Dramatycznym im. Jerzego Szaniawskiego <\/strong><strong>w P\u0142ocku.<\/strong> Zespo\u0142owi \u015apiewaczemu \u201eSadowianki\u201d nagrod\u0119 w postaci dyplomu, statuetki oraz 10 tys. z\u0142otych wr\u0119czy\u0142 wicemarsza\u0142ek Mazowsza Wies\u0142aw Raboszuk oraz Tomasz Kominek &#8211; dyrektor Delegatury Urz\u0119du Marsza\u0142kowskiego w P\u0142ocku.<\/p>\n<p>Uroczyst\u0105 Gal\u0119, w kt\u00f3rej wzi\u0119\u0142a udzia\u0142 delegacja Gminy Sadowne, prowadzi\u0142 Tomasz Kammel, a u\u015bwietni\u0142a j\u0105 swoim wyst\u0119pem Alicja W\u0119gorzewska.<\/p>\n<p><strong><a href=\"http:\/\/info.sadowne.pl\/wp-content\/uploads\/2017\/11\/2017.11.06.14.jpg\" target=\"_blank\" rel=\"noopener noreferrer\"><img loading=\"lazy\" decoding=\"async\" class=\"alignleft wp-image-17144 size-medium\" src=\"http:\/\/info.sadowne.pl\/wp-content\/uploads\/2017\/11\/2017.11.06.14-300x200.jpg\" alt=\"\" width=\"300\" height=\"200\" srcset=\"https:\/\/info.sadowne.pl\/wp-content\/uploads\/2017\/11\/2017.11.06.14-300x200.jpg 300w, https:\/\/info.sadowne.pl\/wp-content\/uploads\/2017\/11\/2017.11.06.14.jpg 764w\" sizes=\"auto, (max-width: 300px) 100vw, 300px\" \/><\/a>A oto dziesi\u0105tka nagrodzonych laureat\u00f3w:<\/strong> Bank \u017bywno\u015bci w Ciechanowie, Towarzystwo Przyjaci\u00f3\u0142 P\u0142ocka \u2013 Sekcja \u017beglugi, Kurpiowski Zesp\u00f3\u0142 \u201eCarniacy\u201d z Czarni, Stowarzyszenie Mi\u0142o\u015bnik\u00f3w Tradycji i Kultury Ludowej \u201eWawrzynioki\u201d, Gra\u017cyna Barszczewska, Ewa G\u0119ga \u2013 Osowska, Maria Siwiec, Lucyna Wasilewska z Micha\u0142owic, ks. Piotr Dr\u00f3\u017cd\u017c z Ceg\u0142owa i <strong>Zesp\u00f3\u0142 \u015apiewaczy \u201eSadowianki\u201d<\/strong>.<\/p>\n<p><strong>Gratuluj\u0119 i \u017cycz\u0119 dalszych sukces\u00f3w!<\/strong><\/p>\n<p><strong>S\u0142awek Chyli\u0144ski \u00a0\u00a0<\/strong><\/p>\n<p><strong>Foto: Karolina Klimek\u00a0 \u00a0 \u00a0 \u00a0 \u00a0 \u00a0 \u00a0 \u00a0 \u00a0 \u00a0 \u00a0 \u00a0 \u00a0 \u00a0 \u00a0 \u00a0 \u00a0 \u00a0<\/strong><\/p>\n","protected":false},"excerpt":{"rendered":"<p>Do XVIII edycji Konkursu \u201eNagroda Marsza\u0142ka Mazowsza\u201d wp\u0142yn\u0119\u0142y 103 zg\u0142oszenia. Jury spo\u015br\u00f3d nominowanych wy\u0142oni\u0142o 10 laureat\u00f3w, w\u015br\u00f3d kt\u00f3rych znalaz\u0142 si\u0119 Zesp\u00f3\u0142 \u015apiewaczy \u201eSadowianki\u201d.<\/p>\n","protected":false},"author":1,"featured_media":0,"comment_status":"closed","ping_status":"closed","sticky":false,"template":"","format":"standard","meta":{"footnotes":""},"categories":[5,91,6],"tags":[2242,960],"class_list":["post-17135","post","type-post","status-publish","format-standard","hentry","category-newsy","category-gminny-osrodek-kultury","category-kultura-rozrywka-edukacja","tag-nagroda-marszalka-wojewodztwa-mazowieckiego","tag-zespol-spiewaczy-sadowianki"],"views":3513,"_links":{"self":[{"href":"https:\/\/info.sadowne.pl\/index.php?rest_route=\/wp\/v2\/posts\/17135","targetHints":{"allow":["GET"]}}],"collection":[{"href":"https:\/\/info.sadowne.pl\/index.php?rest_route=\/wp\/v2\/posts"}],"about":[{"href":"https:\/\/info.sadowne.pl\/index.php?rest_route=\/wp\/v2\/types\/post"}],"author":[{"embeddable":true,"href":"https:\/\/info.sadowne.pl\/index.php?rest_route=\/wp\/v2\/users\/1"}],"replies":[{"embeddable":true,"href":"https:\/\/info.sadowne.pl\/index.php?rest_route=%2Fwp%2Fv2%2Fcomments&post=17135"}],"version-history":[{"count":3,"href":"https:\/\/info.sadowne.pl\/index.php?rest_route=\/wp\/v2\/posts\/17135\/revisions"}],"predecessor-version":[{"id":17145,"href":"https:\/\/info.sadowne.pl\/index.php?rest_route=\/wp\/v2\/posts\/17135\/revisions\/17145"}],"wp:attachment":[{"href":"https:\/\/info.sadowne.pl\/index.php?rest_route=%2Fwp%2Fv2%2Fmedia&parent=17135"}],"wp:term":[{"taxonomy":"category","embeddable":true,"href":"https:\/\/info.sadowne.pl\/index.php?rest_route=%2Fwp%2Fv2%2Fcategories&post=17135"},{"taxonomy":"post_tag","embeddable":true,"href":"https:\/\/info.sadowne.pl\/index.php?rest_route=%2Fwp%2Fv2%2Ftags&post=17135"}],"curies":[{"name":"wp","href":"https:\/\/api.w.org\/{rel}","templated":true}]}}