{"id":17175,"date":"2017-11-10T21:37:24","date_gmt":"2017-11-10T20:37:24","guid":{"rendered":"http:\/\/info.sadowne.pl\/?p=17175"},"modified":"2017-11-10T21:51:40","modified_gmt":"2017-11-10T20:51:40","slug":"pomysl-na-integracje","status":"publish","type":"post","link":"https:\/\/info.sadowne.pl\/?p=17175","title":{"rendered":"Pomys\u0142 na integracj\u0119?"},"content":{"rendered":"<p><strong><img loading=\"lazy\" decoding=\"async\" class=\"alignleft size-thumbnail wp-image-17176\" src=\"http:\/\/info.sadowne.pl\/wp-content\/uploads\/2017\/11\/2017.11.10.20-180x130.jpg\" alt=\"\" width=\"180\" height=\"130\" \/>Trzeba chcie\u0107, mie\u0107 pomys\u0142 i umiej\u0119tnie go zrealizowa\u0107. Potrafi\u0105 to ju\u017c w Z\u0142otkach.<\/strong><!--more--><\/p>\n<p>P. Ma\u0142gorzata Lipka Bartosik \u2013 so\u0142tys wsi Z\u0142otki zawsze ma ciekawe pomys\u0142y, kt\u00f3rych celem jest integracja mieszka\u0144c\u00f3w. Wspominamy dobrze letni festyn w Z\u0142otkach, a tu ju\u017c zorganizowano integracyjne spotkanie w \u015bwietlicy wiejskiej i to z pewnymi atrakcjami.<\/p>\n<p>Do realizacji tego pomys\u0142u dosz\u0142o popo\u0142udniem 10 listopada. Do \u015bwietlicy wiejskiej w Z\u0142otkach, na zaproszenie P. So\u0142tys i Rady So\u0142eckiej, zawita\u0142y dzieci\u0119ce grupy artystyczne, kt\u00f3re zaserwowa\u0142y przyby\u0142ym widzom zar\u00f3wno atrakcje muzyczne, jak i teatralne.<\/p>\n<p>Jako pierwsi wyst\u0105pili cz\u0142onkowie ch\u00f3ru ze Szko\u0142y Podstawowej w Prostyni, kt\u00f3rzy za\u015bpiewali dwie pie\u015bni ludowe: \u201eZielony mosteczek\u201d i \u201eTo i hola la\u201d oraz dwie pie\u015bni patriotyczne z okazji przypadaj\u0105cego nast\u0119pnego dnia \u015awi\u0119ta Odzyskania Niepodleg\u0142o\u015bci: \u201eNiepodleg\u0142a, niepokonana\u201d i \u201eJak d\u0142ugo w sercach naszych\u201d. Uczni\u00f3w przygotowa\u0142a p. Ewa Jakubik.<\/p>\n<p>Nast\u0119pnie dzieci z grupy teatralnej Gminnego O\u015brodka Kultury w Sadownem zaprezentowa\u0142y scenki satyryczne \u201ez \u017cycia wzi\u0119te\u201d. Aktor\u00f3w przygotowa\u0142a p. Danuta Chyli\u0144ska.<\/p>\n<p>Z reakcji mieszka\u0144c\u00f3w, kt\u00f3rzy przybyli na spotkanie, mo\u017cna by\u0142o wywnioskowa\u0107, i\u017c pomys\u0142 \u201eby\u0142 trafiony\u201d. Wyst\u0119py podoba\u0142y si\u0119, a m\u0142odych artyst\u00f3w nagradzano g\u0142o\u015bnymi brawami. Spotkanie to sta\u0142o si\u0119 mi\u0142\u0105 odskoczni\u0105 od prozy \u017cycia codziennego. Dzi\u0119ki \u015bwietnemu pomys\u0142owi P. So\u0142tys i Rady So\u0142eckiej mieszka\u0144cy mieli mo\u017cliwo\u015b\u0107 obejrze\u0107 i wys\u0142ucha\u0107 cho\u0107 cz\u0105stk\u0119 efekt\u00f3w pracy m\u0142odych artyst\u00f3w, a jednocze\u015bnie w mi\u0142ej atmosferze, przy kawie i \u201es\u0142odko\u015bciach\u201d porozmawia\u0107 ze swoimi s\u0105siadami. Zapewne ten spos\u00f3b integracji mieszka\u0144c\u00f3w b\u0119dzie kontynuowany, bo pomys\u0142 jest \u015bwietny. Brawo!<\/p>\n<p><strong>M\u0142odzi arty\u015bci dzi\u0119kuj\u0105 mieszka\u0144com Z\u0142otek za mo\u017cliwo\u015b\u0107 zaprezentowania swoich umiej\u0119tno\u015bci, a tak\u017ce serdeczne przyj\u0119cie. Mo\u017ce w przysz\u0142o\u015bci odwiedzanie przez naszych aktor\u00f3w okolicznych miejscowo\u015bci stanie si\u0119 tradycj\u0105?<\/strong><\/p>\n<p><span style=\"color: #0000ff;\"><a style=\"color: #0000ff;\" href=\"https:\/\/photos.google.com\/share\/AF1QipOve34AzOS0wa-plP6ZK43LjVzWcGnNemd43LdsF8g2zqGTGY8YntDsIVIlVQ36bw?key=M2I2VUlybEZtUkk5TVVwMzRuSG5abVpHcWlxMnJ3\" target=\"_blank\" rel=\"noopener noreferrer\"><strong>Zdj\u0119cia w galerii Google&gt;&gt;&gt;<\/strong><\/a><\/span><\/p>\n<p><span style=\"color: #0000ff;\"><a style=\"color: #0000ff;\" href=\"https:\/\/youtu.be\/RZ-Pypbxn9k\" target=\"_blank\" rel=\"noopener noreferrer\"><strong>Zobacz te\u017c film&gt;&gt;&gt;<\/strong><\/a><\/span><\/p>\n<p><strong>Tekst\/foto:<\/strong> S\u0142awek Chyli\u0144ski<\/p>\n","protected":false},"excerpt":{"rendered":"<p>Trzeba chcie\u0107, mie\u0107 pomys\u0142 i umiej\u0119tnie go zrealizowa\u0107. Potrafi\u0105 to ju\u017c w Z\u0142otkach.<\/p>\n","protected":false},"author":1,"featured_media":0,"comment_status":"closed","ping_status":"closed","sticky":false,"template":"","format":"standard","meta":{"footnotes":""},"categories":[5,41],"tags":[2102,2618,902],"class_list":["post-17175","post","type-post","status-publish","format-standard","hentry","category-newsy","category-wiesci-gminne","tag-malgorzata-lipka-bartosik","tag-spotkanie-integracyjne-w-zlotkach","tag-zlotki"],"views":2767,"_links":{"self":[{"href":"https:\/\/info.sadowne.pl\/index.php?rest_route=\/wp\/v2\/posts\/17175","targetHints":{"allow":["GET"]}}],"collection":[{"href":"https:\/\/info.sadowne.pl\/index.php?rest_route=\/wp\/v2\/posts"}],"about":[{"href":"https:\/\/info.sadowne.pl\/index.php?rest_route=\/wp\/v2\/types\/post"}],"author":[{"embeddable":true,"href":"https:\/\/info.sadowne.pl\/index.php?rest_route=\/wp\/v2\/users\/1"}],"replies":[{"embeddable":true,"href":"https:\/\/info.sadowne.pl\/index.php?rest_route=%2Fwp%2Fv2%2Fcomments&post=17175"}],"version-history":[{"count":2,"href":"https:\/\/info.sadowne.pl\/index.php?rest_route=\/wp\/v2\/posts\/17175\/revisions"}],"predecessor-version":[{"id":17178,"href":"https:\/\/info.sadowne.pl\/index.php?rest_route=\/wp\/v2\/posts\/17175\/revisions\/17178"}],"wp:attachment":[{"href":"https:\/\/info.sadowne.pl\/index.php?rest_route=%2Fwp%2Fv2%2Fmedia&parent=17175"}],"wp:term":[{"taxonomy":"category","embeddable":true,"href":"https:\/\/info.sadowne.pl\/index.php?rest_route=%2Fwp%2Fv2%2Fcategories&post=17175"},{"taxonomy":"post_tag","embeddable":true,"href":"https:\/\/info.sadowne.pl\/index.php?rest_route=%2Fwp%2Fv2%2Ftags&post=17175"}],"curies":[{"name":"wp","href":"https:\/\/api.w.org\/{rel}","templated":true}]}}