{"id":17179,"date":"2017-11-11T13:58:43","date_gmt":"2017-11-11T12:58:43","guid":{"rendered":"http:\/\/info.sadowne.pl\/?p=17179"},"modified":"2017-11-11T13:58:43","modified_gmt":"2017-11-11T12:58:43","slug":"niepodleglosc-wazne-slowo","status":"publish","type":"post","link":"https:\/\/info.sadowne.pl\/?p=17179","title":{"rendered":"Niepodleg\u0142o\u015b\u0107 \u2013 wa\u017cne s\u0142owo"},"content":{"rendered":"<p><strong><img loading=\"lazy\" decoding=\"async\" class=\"alignleft size-thumbnail wp-image-17180\" src=\"http:\/\/info.sadowne.pl\/wp-content\/uploads\/2017\/11\/2017.11.11.1-180x130.jpg\" alt=\"\" width=\"180\" height=\"130\" \/>Dla nas wiele ono znaczy, a 11 listopada pojawia si\u0119 na ustach wszystkich \u2013 obchodzimy Narodowe \u015awi\u0119to Niepodleg\u0142o\u015bci.<\/strong><!--more--><\/p>\n<p>Tak wa\u017cna rocznica i \u015awi\u0119to godnie i uroczy\u015bcie obchodzone jest r\u00f3wnie\u017c w Gminie Sadowne. Obchody rozpocz\u0119\u0142a uroczysta Sesja Rady Gminy Sadowne, na wst\u0119pie kt\u00f3rej Zesp\u00f3\u0142 \u015apiewaczy \u201eSadowianki\u201d oraz wszyscy obecni od\u015bpiewali \u201eMazurka D\u0105browskiego \u2013 Hymn Polski\u201d, a jej zwie\u0144czenie stanowi\u0142a pie\u015b\u0144 patriotyczna, r\u00f3wnie wa\u017cna dla wszystkich \u2013 \u201eRota\u201d.<\/p>\n<p>Sobotnia Sesja Rady Gminy mia\u0142a g\u0142\u00f3wnie jeden cel \u2013 uczczenie tak donios\u0142ego dla wszystkich Polak\u00f3w \u015awi\u0119ta i przyj\u0119cie stanowiska w sprawie obchod\u00f3w setnej rocznicy odzyskania niepodleg\u0142o\u015bci. Zgodno\u015b\u0107 przysz\u0142orocznych plan\u00f3w rocznicowych W\u00f3jta Gminy p. Waldemara Cyrana i Rady Gminy Sadowne skutkowa\u0142a jednog\u0142o\u015bnym przyj\u0119ciem pe\u0142nej tre\u015bci projektu Stanowiska, kt\u00f3re przytoczy\u0142 Przewodnicz\u0105cy Rady p. Piotr Olkowski. <em>Stanowisko Rady Gminy Sadowne z dnia 11 listopada 2017 roku w sprawie obchod\u00f3w setnej rocznicy odzyskania niepodleg\u0142o\u015bci<\/em>, z uwagi na jego donios\u0142o\u015b\u0107, przytoczymy tu w ca\u0142o\u015bci:<\/p>\n<p><em>\u201e11 listopada 1918 roku po 123 latach zabor\u00f3w i walk powsta\u0144czych przeciwko zaborcom Polska odzyska\u0142a niepodleg\u0142o\u015b\u0107. W roku 2018 przypada setna rocznica odzyskania Niepodleg\u0142o\u015bci.<\/em><\/p>\n<p><em>W roku bie\u017c\u0105cym, przygotowuj\u0105c si\u0119 do obchod\u00f3w zadbali\u015bmy o miejsca pami\u0119ci dokonuj\u0105c renowacji pomnika Tadeusza Ko\u015bciuszki oraz kwatery wojennej \u017co\u0142nierzy, bohater\u00f3w wrze\u015bnia 1939 roku.<\/em><\/p>\n<p><em>W ramach obchod\u00f3w tej wa\u017cnej rocznicy w gminie Sadowne odb\u0119d\u0105 si\u0119 liczne uroczysto\u015bci patriotyczne, koncerty, konkursy, a tak\u017ce lekcje historyczne dla m\u0142odzie\u017cy i prelekcje dla doros\u0142ych. W dniu 8 wrze\u015bnia 2018 roku odb\u0119d\u0105 si\u0119 w Sadownem do\u017cynki Diecezjalne przy udziale parafii \u015aw. Jana Chrzciciela w Sadownem, samorz\u0105d\u00f3w Gminy Sadowne i Powiatu W\u0119growskiego.<\/em><\/p>\n<p><em>Rada Gminy Sadowne, doceniaj\u0105c wag\u0119 i donios\u0142o\u015b\u0107 przypadaj\u0105cej w roku 2018 rocznicy odzyskania niepodleg\u0142o\u015bci, postanawia ustanowi\u0107 najbli\u017csze 12 miesi\u0119cy Rokiem Niepodleg\u0142o\u015bci w Gminie Sadowne i rozpocz\u0105\u0107 je z dniem dzisiejszym w 99 rocznic\u0119 Odzyskania Niepodleg\u0142o\u015bci.<\/em><\/p>\n<p><em>Apelujemy do mieszka\u0144c\u00f3w Gminy Sadowne o w\u0142\u0105czenie si\u0119 w obchody poprzez liczny udzia\u0142 w uroczysto\u015bciach, wywieszanie flagi narodowej w swoich domach oraz podejmowanie innych inicjatyw zwi\u0105zanych z Rocznic\u0105.<\/em><\/p>\n<p><em>Przewodnicz\u0105cy Rady Gminy Sadowne<\/em><\/p>\n<p><em>Piotr Olkowski\u201d<\/em><\/p>\n<p>Podczas Sesji znalaz\u0142a si\u0119 te\u017c okazja do podzi\u0119kowa\u0144 bukietem kwiat\u00f3w opiekunom Zespo\u0142u \u015apiewaczego \u201eSadowianki\u201d pp. Waldemarowi Cyranowi i Ewie Pi\u00f3rkowskiej.\u00a0 Przypomnijmy tylko, \u017ce Zesp\u00f3\u0142 \u201eSadowianki\u201d za swoj\u0105 dzia\u0142alno\u015b\u0107 artystyczn\u0105 w ostatnich dniach zosta\u0142 wyr\u00f3\u017cniony nagrod\u0105 Marsza\u0142ka Wojew\u00f3dztwa Mazowieckiego.<\/p>\n<p>Bezpo\u015brednio po zako\u0144czeniu Sesji Rady Gminy w ko\u015bciele parafialnym p.w. \u015aw. Jana Chrzciciela w Sadownem odby\u0142a si\u0119 msza \u015bw. w intencji Ojczyzny, a nast\u0119pnie na cmentarzu parafialnym &#8211; w asy\u015bcie sztandar\u00f3w szk\u00f3\u0142 i instytucji gminnych, warty honorowej OSP, Jednostki Strzeleckiej 5001 im. Dywizjonu Huzar\u00f3w \u015amierci oraz 123 Dru\u017cyny Harcerskiej \u201eW\u0142\u00f3czykije\u201d \u2013 ods\u0142oni\u0119to i po\u015bwi\u0119cono poddan\u0105 renowacji kwater\u0119 \u017co\u0142nierzy, bohater\u00f3w wrze\u015bnia 1939 roku.<\/p>\n<p><span style=\"color: #0000ff;\"><strong><a style=\"color: #0000ff;\" href=\"https:\/\/photos.google.com\/share\/AF1QipMzt7oeNLbT7Lx66XvifEYpLy2d93a1Y2os9-lxownFFlP8LUyGJGVxgv-6YySUfQ?key=SnRnNEFQVHF6WDdtSkd5c3MtN2lhVENneTNDeEl3\" target=\"_blank\" rel=\"noopener noreferrer\">Zdj\u0119cia w galerii Google&gt;&gt;&gt;<\/a><\/strong><\/span><\/p>\n<p><strong>Tekst\/foto:<\/strong> S\u0142awek Chyli\u0144ski<\/p>\n","protected":false},"excerpt":{"rendered":"<p>Dla nas wiele ono znaczy, a 11 listopada pojawia si\u0119 na ustach wszystkich \u2013 obchodzimy Narodowe \u015awi\u0119to Niepodleg\u0142o\u015bci.<\/p>\n","protected":false},"author":1,"featured_media":0,"comment_status":"closed","ping_status":"closed","sticky":false,"template":"","format":"standard","meta":{"footnotes":""},"categories":[5,41],"tags":[25,2624],"class_list":["post-17179","post","type-post","status-publish","format-standard","hentry","category-newsy","category-wiesci-gminne","tag-sadowne","tag-swieto-odzyskania-niepodleglosci-w-sadownem"],"views":2837,"_links":{"self":[{"href":"https:\/\/info.sadowne.pl\/index.php?rest_route=\/wp\/v2\/posts\/17179","targetHints":{"allow":["GET"]}}],"collection":[{"href":"https:\/\/info.sadowne.pl\/index.php?rest_route=\/wp\/v2\/posts"}],"about":[{"href":"https:\/\/info.sadowne.pl\/index.php?rest_route=\/wp\/v2\/types\/post"}],"author":[{"embeddable":true,"href":"https:\/\/info.sadowne.pl\/index.php?rest_route=\/wp\/v2\/users\/1"}],"replies":[{"embeddable":true,"href":"https:\/\/info.sadowne.pl\/index.php?rest_route=%2Fwp%2Fv2%2Fcomments&post=17179"}],"version-history":[{"count":1,"href":"https:\/\/info.sadowne.pl\/index.php?rest_route=\/wp\/v2\/posts\/17179\/revisions"}],"predecessor-version":[{"id":17181,"href":"https:\/\/info.sadowne.pl\/index.php?rest_route=\/wp\/v2\/posts\/17179\/revisions\/17181"}],"wp:attachment":[{"href":"https:\/\/info.sadowne.pl\/index.php?rest_route=%2Fwp%2Fv2%2Fmedia&parent=17179"}],"wp:term":[{"taxonomy":"category","embeddable":true,"href":"https:\/\/info.sadowne.pl\/index.php?rest_route=%2Fwp%2Fv2%2Fcategories&post=17179"},{"taxonomy":"post_tag","embeddable":true,"href":"https:\/\/info.sadowne.pl\/index.php?rest_route=%2Fwp%2Fv2%2Ftags&post=17179"}],"curies":[{"name":"wp","href":"https:\/\/api.w.org\/{rel}","templated":true}]}}