{"id":17198,"date":"2017-11-13T16:04:37","date_gmt":"2017-11-13T15:04:37","guid":{"rendered":"http:\/\/info.sadowne.pl\/?p=17198"},"modified":"2017-11-13T16:04:37","modified_gmt":"2017-11-13T15:04:37","slug":"to-bardzo-wazna-data","status":"publish","type":"post","link":"https:\/\/info.sadowne.pl\/?p=17198","title":{"rendered":"To bardzo wa\u017cna data!"},"content":{"rendered":"<p><strong><img loading=\"lazy\" decoding=\"async\" class=\"alignleft size-thumbnail wp-image-17199\" src=\"http:\/\/info.sadowne.pl\/wp-content\/uploads\/2017\/11\/2017.11.13.1-180x130.jpg\" alt=\"\" width=\"180\" height=\"130\" \/>\u015awi\u0119to Odzyskania Niepodleg\u0142o\u015bci uroczy\u015bcie obchodzili 13 listopada uczniowie sadowie\u0144skiego Gimnazjum.<\/strong><!--more--><\/p>\n<p>123 lata ciemi\u0119\u017cenia narodu polskiego przez zaborc\u00f3w, zrywy powsta\u0144cze i upragniona \u201eNiepodleg\u0142o\u015b\u0107\u201d \u2013 to skr\u00f3t historii opowiedzianej przez uczni\u00f3w klasy IIIB Gimnazjum, kt\u00f3rzy wraz ze swoimi opiekunami: p. Ewelin\u0105 Pu\u015bcian i p. Jadwig\u0105 Giers przygotowali inscenizacj\u0119 s\u0142owno \u2013 muzyczn\u0105 z okazji \u015awi\u0119ta Odzyskania Niepodleg\u0142o\u015bci.<\/p>\n<p>Uroczysto\u015b\u0107 pi\u0119kna, pouczaj\u0105ca, a data jak\u017ce wa\u017cna dla wszystkich Polak\u00f3w. Przypomnia\u0142a o tym swoim uczniom i wyja\u015bni\u0142a jej istot\u0119 p. Dyrektor Ma\u0142gorzata Zy\u015bk, kt\u00f3ra poinformowa\u0142a r\u00f3wnie\u017c o ustanowieniu przez Rad\u0119 Gminy Sadowne najbli\u017cszych 12-tu miesi\u0119cy \u201eRokiem obchod\u00f3w w Gminie Sadowne 100-tnej rocznicy Odzyskania Niepodleg\u0142o\u015bci\u201d.<\/p>\n<p>B\u0119dzie to rok upami\u0119tniaj\u0105cy tych, kt\u00f3rzy po\u015bwi\u0119cili wszystko dla wyzwolenia swojej Ojczyzny. A ju\u017c dzi\u015b\u2026 gimnazjali\u015bci z\u0142o\u017cyli im cze\u015b\u0107, zapalaj\u0105c znicze przy symbolicznych, brzozowych krzy\u017cach, kt\u00f3re wtopi\u0142y si\u0119 w t\u0142o dekoracji.<\/p>\n<p><span style=\"color: #0000ff;\"><a style=\"color: #0000ff;\" href=\"https:\/\/photos.google.com\/share\/AF1QipMxJh-B5fQgYJ5UCYQvi3m-kCmQJBLHPBtphPkF_D2hQekO_048-5e4t_ZxdxaaIw?key=YmRQVzFSX2dBMVNkYk5NR1cxOUpWcjFnS1JJdzRn\" target=\"_blank\" rel=\"noopener noreferrer\"><strong>Zdj\u0119cia w galerii Google&gt;&gt;&gt;<\/strong><\/a><\/span><\/p>\n<p><strong>Tekst\/foto:<\/strong> S\u0142awek Chyli\u0144ski<\/p>\n","protected":false},"excerpt":{"rendered":"<p>\u015awi\u0119to Odzyskania Niepodleg\u0142o\u015bci uroczy\u015bcie obchodzili 13 listopada uczniowie sadowie\u0144skiego Gimnazjum.<\/p>\n","protected":false},"author":1,"featured_media":0,"comment_status":"closed","ping_status":"closed","sticky":false,"template":"","format":"standard","meta":{"footnotes":""},"categories":[5,83,1752],"tags":[71,2624],"class_list":["post-17198","post","type-post","status-publish","format-standard","hentry","category-newsy","category-gimnazjum","category-edukacja","tag-gimnazjum-sadowne","tag-swieto-odzyskania-niepodleglosci-w-sadownem"],"views":2726,"_links":{"self":[{"href":"https:\/\/info.sadowne.pl\/index.php?rest_route=\/wp\/v2\/posts\/17198","targetHints":{"allow":["GET"]}}],"collection":[{"href":"https:\/\/info.sadowne.pl\/index.php?rest_route=\/wp\/v2\/posts"}],"about":[{"href":"https:\/\/info.sadowne.pl\/index.php?rest_route=\/wp\/v2\/types\/post"}],"author":[{"embeddable":true,"href":"https:\/\/info.sadowne.pl\/index.php?rest_route=\/wp\/v2\/users\/1"}],"replies":[{"embeddable":true,"href":"https:\/\/info.sadowne.pl\/index.php?rest_route=%2Fwp%2Fv2%2Fcomments&post=17198"}],"version-history":[{"count":1,"href":"https:\/\/info.sadowne.pl\/index.php?rest_route=\/wp\/v2\/posts\/17198\/revisions"}],"predecessor-version":[{"id":17200,"href":"https:\/\/info.sadowne.pl\/index.php?rest_route=\/wp\/v2\/posts\/17198\/revisions\/17200"}],"wp:attachment":[{"href":"https:\/\/info.sadowne.pl\/index.php?rest_route=%2Fwp%2Fv2%2Fmedia&parent=17198"}],"wp:term":[{"taxonomy":"category","embeddable":true,"href":"https:\/\/info.sadowne.pl\/index.php?rest_route=%2Fwp%2Fv2%2Fcategories&post=17198"},{"taxonomy":"post_tag","embeddable":true,"href":"https:\/\/info.sadowne.pl\/index.php?rest_route=%2Fwp%2Fv2%2Ftags&post=17198"}],"curies":[{"name":"wp","href":"https:\/\/api.w.org\/{rel}","templated":true}]}}