{"id":17204,"date":"2017-11-13T17:18:48","date_gmt":"2017-11-13T16:18:48","guid":{"rendered":"http:\/\/info.sadowne.pl\/?p=17204"},"modified":"2017-11-13T17:18:48","modified_gmt":"2017-11-13T16:18:48","slug":"skorzystajmy-z-badan","status":"publish","type":"post","link":"https:\/\/info.sadowne.pl\/?p=17204","title":{"rendered":"Skorzystajmy z bada\u0144!"},"content":{"rendered":"<p><strong><img loading=\"lazy\" decoding=\"async\" class=\"alignleft size-thumbnail wp-image-17205\" src=\"http:\/\/info.sadowne.pl\/wp-content\/uploads\/2017\/11\/badaniesluchu-180x130.jpg\" alt=\"\" width=\"180\" height=\"130\" \/>Instytut Fizjologii i Patologii S\u0142uchu rozpocz\u0105\u0142 realizacj\u0119 Programu bada\u0144 przesiewowych s\u0142uchu dla uczni\u00f3w klas pierwszych szk\u00f3\u0142 podstawowych z wojew\u00f3dztwa mazowieckiego w roku szkolnym 2017\/2018 oraz 2018\/2019.<\/strong><!--more--><\/p>\n<p><em><img loading=\"lazy\" decoding=\"async\" class=\"alignright size-full wp-image-9793\" src=\"http:\/\/info.sadowne.pl\/wp-content\/uploads\/2015\/09\/AT1.jpg\" alt=\"\" width=\"115\" height=\"161\" \/>Realizacja bezp\u0142atnych i dobrowolnych bada\u0144 w celu wykrycia zaburze\u0144 s\u0142uchu u uczni\u00f3w planowana jest w dw\u00f3ch edycjach: w okresie od pa\u017adziernika 2017 r. do czerwca 2018 r. oraz od wrze\u015bnia 2018 r. do grudnia 2018 r. Program j<\/em><em>est realizowany w\u00a04 miastach na\u00a0prawach powiatu\u00a0oraz\u00a033 powiatach wojew\u00f3dztwa mazowieckiego, w tym w powiecie w\u0119growskim.\u00a0<\/em><\/p>\n<p><strong>Zasadniczym celem tego Programu jest\u00a0wczesne wykrycie zaburze\u0144 s\u0142uchu u\u00a0dzieci przyst\u0119puj\u0105cych do\u00a0obowi\u0105zku szkolnego, a celami szczeg\u00f3\u0142owymi:<\/strong><\/p>\n<ul>\n<li>obj\u0119cie badaniami ca\u0142ej populacji uczni\u00f3w kl. I\u00a0szk\u00f3\u0142 podstawowych z\u00a04 miast na\u00a0prawach powiatu i\u00a033 powiat\u00f3w wojew\u00f3dztwa mazowieckiego,<\/li>\n<li>umo\u017cliwienie dzieciom wczesnej diagnostyki i\/lub leczenia zaburze\u0144 s\u0142uchu u\u00a0dzieci z\u00a0nieprawid\u0142owym wynikiem badania przesiewowego,<\/li>\n<li>podniesienie \u015bwiadomo\u015bci rodzic\u00f3w\/opiekun\u00f3w, a\u00a0tak\u017ce pracownik\u00f3w o\u015bwiaty na\u00a0temat celowo\u015bci wykonywania bada\u0144 przesiewowych s\u0142uchu,<\/li>\n<li>upowszechnianie wiedzy z\u00a0zakresu wyst\u0119powania zaburze\u0144 s\u0142uchu u\u00a0dzieci rozpoczynaj\u0105cych nauk\u0119 w\u00a0szkole,<\/li>\n<li>zdobycie przez\u00a0personel medyczny kompetencji w\u00a0zakresie organizacji bada\u0144 przesiewowych s\u0142uchu.<\/li>\n<\/ul>\n<p><img loading=\"lazy\" decoding=\"async\" class=\"alignright size-full wp-image-17205\" src=\"http:\/\/info.sadowne.pl\/wp-content\/uploads\/2017\/11\/badaniesluchu.jpg\" alt=\"\" width=\"390\" height=\"407\" srcset=\"https:\/\/info.sadowne.pl\/wp-content\/uploads\/2017\/11\/badaniesluchu.jpg 390w, https:\/\/info.sadowne.pl\/wp-content\/uploads\/2017\/11\/badaniesluchu-287x300.jpg 287w\" sizes=\"auto, (max-width: 390px) 100vw, 390px\" \/>Wyniki dotychczasowych program\u00f3w bada\u0144 przesiewowych pokaza\u0142y, \u017ce\u00a0nawet co 5\u20136 dziecko mo\u017ce mie\u0107 r\u00f3\u017cnego rodzaju problemy zwi\u0105zane ze\u00a0s\u0142uchem, maj\u0105ce istotne znaczenie dla jego rozwoju i\u00a0osi\u0105ganych wynik\u00f3w w\u00a0nauce. Nale\u017cy podkre\u015bli\u0107, \u017ce\u00a060% rodzic\u00f3w dzieci z\u00a0nieprawid\u0142owym wynikiem badania przesiewowego s\u0142uchu nie\u00a0ma \u015bwiadomo\u015bci problem\u00f3w zwi\u0105zanych ze\u00a0s\u0142yszeniem u\u00a0swoich dzieci.<\/p>\n<p>Badania ankietowe wykaza\u0142y ponadto, \u017ce\u00a0dzieci ze\u00a0znacznym niedos\u0142uchem dwukrotnie rzadziej osi\u0105gaj\u0105 dobre wyniki w\u00a0nauce oraz\u00a0trzykrotnie cz\u0119\u015bciej maj\u0105 wyniki bardzo s\u0142abe w\u00a0por\u00f3wnaniu z\u00a0dzie\u0107mi o\u00a0s\u0142uchu prawid\u0142owym. Uzyskane dane potwierdzi\u0142y zar\u00f3wno bardzo du\u017c\u0105 skal\u0119 wyst\u0119powania zaburze\u0144 s\u0142uchu w\u015br\u00f3d dzieci w\u00a0wieku szkolnym, jak i\u00a0potrzeb\u0119 prowadzenia bada\u0144 przesiewowych w\u00a0tym zakresie.<\/p>\n<p>Zach\u0119cam do\u00a0skorzystania z\u00a0mo\u017cliwo\u015bci przeprowadzenia\u00a0bezp\u0142atnych bada\u0144 przesiewowych s\u0142uchu\u00a0u\u00a0Pa\u0144stwa dziecka. Badania te wykonane b\u0119d\u0105 w\u00a0szko\u0142ach, w godzinach lekcyjnych lub w\u00a0innym miejscu i\u00a0porze gwarantuj\u0105cej poprawne wykonanie badania oraz\u00a0wysok\u0105 frekwencj\u0119 uczestnik\u00f3w. S\u0105 one bezp\u0142atne, ale ich wykonanie wymaga zgody rodzic\u00f3w lub opiekun\u00f3w.<\/p>\n<p><strong>Agata Tabor \u2013 piel\u0119gniarka szkolna<\/strong><\/p>\n<p><strong>Na podstawie:<\/strong> www.przesiewy-mazowsze.ifps.org.pl<\/p>\n","protected":false},"excerpt":{"rendered":"<p>Instytut Fizjologii i Patologii S\u0142uchu rozpocz\u0105\u0142 realizacj\u0119 Programu bada\u0144 przesiewowych s\u0142uchu dla uczni\u00f3w klas pierwszych szk\u00f3\u0142 podstawowych z wojew\u00f3dztwa mazowieckiego w roku szkolnym 2017\/2018 oraz 2018\/2019.<\/p>\n","protected":false},"author":1,"featured_media":0,"comment_status":"closed","ping_status":"closed","sticky":false,"template":"","format":"standard","meta":{"footnotes":""},"categories":[5,1406,1408],"tags":[1410,2626],"class_list":["post-17204","post","type-post","status-publish","format-standard","hentry","category-newsy","category-czy-wiesz","category-zdrowie","tag-agata-tabor","tag-badania-przesiewowe-sluchu"],"views":3055,"_links":{"self":[{"href":"https:\/\/info.sadowne.pl\/index.php?rest_route=\/wp\/v2\/posts\/17204","targetHints":{"allow":["GET"]}}],"collection":[{"href":"https:\/\/info.sadowne.pl\/index.php?rest_route=\/wp\/v2\/posts"}],"about":[{"href":"https:\/\/info.sadowne.pl\/index.php?rest_route=\/wp\/v2\/types\/post"}],"author":[{"embeddable":true,"href":"https:\/\/info.sadowne.pl\/index.php?rest_route=\/wp\/v2\/users\/1"}],"replies":[{"embeddable":true,"href":"https:\/\/info.sadowne.pl\/index.php?rest_route=%2Fwp%2Fv2%2Fcomments&post=17204"}],"version-history":[{"count":1,"href":"https:\/\/info.sadowne.pl\/index.php?rest_route=\/wp\/v2\/posts\/17204\/revisions"}],"predecessor-version":[{"id":17206,"href":"https:\/\/info.sadowne.pl\/index.php?rest_route=\/wp\/v2\/posts\/17204\/revisions\/17206"}],"wp:attachment":[{"href":"https:\/\/info.sadowne.pl\/index.php?rest_route=%2Fwp%2Fv2%2Fmedia&parent=17204"}],"wp:term":[{"taxonomy":"category","embeddable":true,"href":"https:\/\/info.sadowne.pl\/index.php?rest_route=%2Fwp%2Fv2%2Fcategories&post=17204"},{"taxonomy":"post_tag","embeddable":true,"href":"https:\/\/info.sadowne.pl\/index.php?rest_route=%2Fwp%2Fv2%2Ftags&post=17204"}],"curies":[{"name":"wp","href":"https:\/\/api.w.org\/{rel}","templated":true}]}}