{"id":17208,"date":"2017-11-14T17:49:01","date_gmt":"2017-11-14T16:49:01","guid":{"rendered":"http:\/\/info.sadowne.pl\/?p=17208"},"modified":"2017-11-14T17:49:01","modified_gmt":"2017-11-14T16:49:01","slug":"jak-wspolczesnie-byc-patriota","status":"publish","type":"post","link":"https:\/\/info.sadowne.pl\/?p=17208","title":{"rendered":"Jak wsp\u00f3\u0142cze\u015bnie by\u0107 patriot\u0105?"},"content":{"rendered":"<p><strong><img loading=\"lazy\" decoding=\"async\" class=\"alignleft size-thumbnail wp-image-17209\" src=\"http:\/\/info.sadowne.pl\/wp-content\/uploads\/2017\/11\/2017.11.14.1-180x130.jpg\" alt=\"\" width=\"180\" height=\"130\" \/>Uczy\u0107 si\u0119, wykonywa\u0107 dobrze swoje obowi\u0105zki i prace, ale\u2026 z my\u015bl\u0105 o innych i naszym kraju. T\u0119 dobr\u0105 rad\u0119 us\u0142ysza\u0142y dzieciaki z sadowie\u0144skiej Szko\u0142y Podstawowej.<\/strong><!--more--><\/p>\n<p>14 listopada r\u00f3wnie\u017c i Szko\u0142a Podstawowa im. Czes\u0142awa Wycecha w Sadownem uroczyst\u0105 akademi\u0105 uczci\u0142a 99. rocznic\u0119 odzyskania przez Polsk\u0119 niepodleg\u0142o\u015bci. Tak\u017ce hymn, sztandar i lekcja historii, kt\u00f3r\u0105 w ramach pogadanki poprowadzi\u0142a p. Dyrektor Ma\u0142gorzata Koro\u015b, skupiaj\u0105c si\u0119 okresie rozbiorowym i wysi\u0142ku narodu polskiego na rzecz odzyskania niepodleg\u0142o\u015bci i odbudowy na pocz\u0105tku XX wieku naszego pa\u0144stwa. Pad\u0142o te\u017c pytanie: Jak wsp\u00f3\u0142cze\u015bnie by\u0107 patriot\u0105? Oczywi\u015bcie uczniowie znali na nie odpowied\u017a i b\u0119d\u0105 mieli te\u017c okazj\u0119 w\u0142\u0105czenia si\u0119 swoj\u0105 postaw\u0105 w ca\u0142oroczne obchody 100-tnej rocznicy tego wydarzenia, kt\u00f3re \u2013 jak poinformowa\u0142a p. Dyrektor \u2013 postanowiono obchodzi\u0107 r\u00f3wnie\u017c w naszej Gminie.<\/p>\n<p>Cz\u0119\u015b\u0107 artystyczna, kt\u00f3r\u0105 przygotowa\u0142y wraz z uczniami Panie: Mariola Konik i Ma\u0142gorzata Klimek, to monta\u017c s\u0142owno-muzyczny o historii rozbior\u00f3w, walki niepodleg\u0142o\u015bciowej i tworzeniu podstaw nowej Rzeczypospolitej. Przedstawiony w tej formie du\u017cy fragment historii Narodu Polskiego zapewne na zawsze pozostanie s\u0142uchaczom w pami\u0119ci.<\/p>\n<p><span style=\"color: #0000ff;\"><a style=\"color: #0000ff;\" href=\"https:\/\/photos.google.com\/share\/AF1QipOYJX0Bc9w_04qqeJLQ8aOfAXQj_y1dsSiEf3Oec8mi25Fdfykkryj4psd3K2AlgA?key=bHhsWEJHVVBsMmY0UEhnNnRDRWpieDFyeGFmY3lB\" target=\"_blank\" rel=\"noopener noreferrer\"><strong>Zdj\u0119cia w galerii Google&gt;&gt;&gt;<\/strong><\/a><\/span><\/p>\n<p><strong>Tekst\/foto: <\/strong>S\u0142awek Chyli\u0144ski<\/p>\n","protected":false},"excerpt":{"rendered":"<p>Uczy\u0107 si\u0119, wykonywa\u0107 dobrze swoje obowi\u0105zki i prace, ale\u2026 z my\u015bl\u0105 o innych i naszym kraju. T\u0119 dobr\u0105 rad\u0119 us\u0142ysza\u0142y dzieciaki z sadowie\u0144skiej Szko\u0142y Podstawowej.<\/p>\n","protected":false},"author":1,"featured_media":0,"comment_status":"closed","ping_status":"closed","sticky":false,"template":"","format":"standard","meta":{"footnotes":""},"categories":[5,1752,84],"tags":[2624,16],"class_list":["post-17208","post","type-post","status-publish","format-standard","hentry","category-newsy","category-edukacja","category-szkola-podstawowa-im-cz-wycecha","tag-swieto-odzyskania-niepodleglosci-w-sadownem","tag-szkola-podstawowa-w-sadownem"],"views":3094,"_links":{"self":[{"href":"https:\/\/info.sadowne.pl\/index.php?rest_route=\/wp\/v2\/posts\/17208","targetHints":{"allow":["GET"]}}],"collection":[{"href":"https:\/\/info.sadowne.pl\/index.php?rest_route=\/wp\/v2\/posts"}],"about":[{"href":"https:\/\/info.sadowne.pl\/index.php?rest_route=\/wp\/v2\/types\/post"}],"author":[{"embeddable":true,"href":"https:\/\/info.sadowne.pl\/index.php?rest_route=\/wp\/v2\/users\/1"}],"replies":[{"embeddable":true,"href":"https:\/\/info.sadowne.pl\/index.php?rest_route=%2Fwp%2Fv2%2Fcomments&post=17208"}],"version-history":[{"count":1,"href":"https:\/\/info.sadowne.pl\/index.php?rest_route=\/wp\/v2\/posts\/17208\/revisions"}],"predecessor-version":[{"id":17210,"href":"https:\/\/info.sadowne.pl\/index.php?rest_route=\/wp\/v2\/posts\/17208\/revisions\/17210"}],"wp:attachment":[{"href":"https:\/\/info.sadowne.pl\/index.php?rest_route=%2Fwp%2Fv2%2Fmedia&parent=17208"}],"wp:term":[{"taxonomy":"category","embeddable":true,"href":"https:\/\/info.sadowne.pl\/index.php?rest_route=%2Fwp%2Fv2%2Fcategories&post=17208"},{"taxonomy":"post_tag","embeddable":true,"href":"https:\/\/info.sadowne.pl\/index.php?rest_route=%2Fwp%2Fv2%2Ftags&post=17208"}],"curies":[{"name":"wp","href":"https:\/\/api.w.org\/{rel}","templated":true}]}}