{"id":17211,"date":"2017-11-14T17:52:15","date_gmt":"2017-11-14T16:52:15","guid":{"rendered":"http:\/\/info.sadowne.pl\/?p=17211"},"modified":"2017-11-14T17:52:15","modified_gmt":"2017-11-14T16:52:15","slug":"123-lata-walki","status":"publish","type":"post","link":"https:\/\/info.sadowne.pl\/?p=17211","title":{"rendered":"123 lata walki\u2026"},"content":{"rendered":"<p><strong><em><img loading=\"lazy\" decoding=\"async\" class=\"alignleft size-thumbnail wp-image-17212\" src=\"http:\/\/info.sadowne.pl\/wp-content\/uploads\/2017\/11\/2017.11.14.2-180x130.jpg\" alt=\"\" width=\"180\" height=\"130\" \/>\u015awi\u0119to Odzyskania Niepodleg\u0142o\u015bci to tak\u017ce wspomnienie bohaterskich postaci, kt\u00f3re na sta\u0142e zapisa\u0142y si\u0119 na kartach historii Narodu Polskiego<\/em> \u2013 zainicjowa\u0142 14 listopada uroczysto\u015b\u0107 Dyrektor Zespo\u0142u Szk\u00f3\u0142 Ponadgimnazjalnych w Sadownem. <\/strong><!--more--><\/p>\n<p>Do Sali Gimnastycznej we wtorkowe po\u0142udnie na swoj\u0105 uroczysto\u015b\u0107 upami\u0119tniaj\u0105c\u0105 \u015awi\u0119to Odzyskania Niepodleg\u0142o\u015bci przybyli uczniowie Zespo\u0142u Szk\u00f3\u0142 Ponadgimnazjalnych w Sadownem. Rozpocz\u0105\u0142 j\u0105 Dyrektor p. S\u0142awomir Ryszawa, kt\u00f3ry przypomnia\u0142 wa\u017cne wydarzenia zwi\u0105zane z utrat\u0105 i odzyskaniem niepodleg\u0142o\u015bci przez Polsk\u0119, a tak\u017ce przybli\u017cy\u0142 sylwetki znanych os\u00f3b, kt\u00f3re wpisa\u0142y si\u0119 w dzieje nie tylko rozbior\u00f3w, ale te\u017c wojen \u015bwiatowych i walki narodu polskiego o suwerenno\u015b\u0107.<\/p>\n<p>Pi\u0119kn\u0105 cz\u0119\u015b\u0107 artystyczn\u0105 zainicjowano symbolami rozbior\u00f3w i ta\u0144cami szkolnego zespo\u0142u tanecznego do melodii z tego okresu. Od czasu do czasu w \u201ebieg tej historii\u201d wkrada\u0142y si\u0119 informacje o kolejnych wydarzeniach przed i porozbiorowych, a tak\u017ce pie\u015bni patriotyczne. By\u0142y te\u017c oczywi\u015bcie ta\u0144ce ludowe naszego regionu.<\/p>\n<p>Uroczysto\u015b\u0107 przygotowa\u0142a p. Maria Bronisz i p. Miros\u0142awa Renik, a \u015bwietny podk\u0142ad muzyczny wykona\u0142 p. Kamil Kie\u0142ek. Wykonanie by\u0142o ciekawe i perfekcyjne, spodoba\u0142o si\u0119 go\u015bciom uroczysto\u015bci i uczniom, kt\u00f3rzy nagrodzili wykonawc\u00f3w g\u0142o\u015bnymi i d\u0142ugimi brawami. Brawo!<\/p>\n<p><a href=\"http:\/\/info.sadowne.pl\/wp-content\/uploads\/2017\/11\/2017.11.14.3.jpg\" target=\"_blank\" rel=\"noopener noreferrer\"><img loading=\"lazy\" decoding=\"async\" class=\"alignright wp-image-17213 size-thumbnail\" src=\"http:\/\/info.sadowne.pl\/wp-content\/uploads\/2017\/11\/2017.11.14.3-180x130.jpg\" alt=\"\" width=\"180\" height=\"130\" \/><\/a>I znowu zaskoczenie: p. S\u0142awomir Ryszawa i Rada Pedagogiczna ZSP postanowili z okazji 5-lecia Info Sadowne podzi\u0119kowa\u0107 mi za dotychczasow\u0105 wsp\u00f3\u0142prac\u0119 i promowanie tej Szko\u0142y \u2013 przed pe\u0142nym audytorium, bukietem kwiat\u00f3w i z \u017cyczeniami dalszych sukces\u00f3w. Bardzo dzi\u0119kuj\u0119 za pami\u0119\u0107 i zobowi\u0105zuj\u0119 si\u0119 do\u2026<\/p>\n<p><span style=\"color: #0000ff;\"><a style=\"color: #0000ff;\" href=\"https:\/\/photos.google.com\/share\/AF1QipN5sPDTYrphuoQfGea_6uWFPkblAJh4zmG4xcgbHPFVFASY84g8V6DBRPJzovWdsg?key=Mm9OeFR5NHN5WkdqekRSeDhpTGxVTWRlakxGTmp3\" target=\"_blank\" rel=\"noopener noreferrer\"><strong>Zdj\u0119cia w galerii Google&gt;&gt;&gt;<\/strong><\/a><\/span><\/p>\n<p><strong>Tekst\/foto:<\/strong> S\u0142awek Chyli\u0144ski<\/p>\n","protected":false},"excerpt":{"rendered":"<p>\u015awi\u0119to Odzyskania Niepodleg\u0142o\u015bci to tak\u017ce wspomnienie bohaterskich postaci, kt\u00f3re na sta\u0142e zapisa\u0142y si\u0119 na kartach historii Narodu Polskiego \u2013 zainicjowa\u0142 14 listopada uroczysto\u015b\u0107 Dyrektor Zespo\u0142u Szk\u00f3\u0142 Ponadgimnazjalnych w Sadownem.<\/p>\n","protected":false},"author":1,"featured_media":0,"comment_status":"closed","ping_status":"closed","sticky":false,"template":"","format":"standard","meta":{"footnotes":""},"categories":[5,1752,85],"tags":[2624,182],"class_list":["post-17211","post","type-post","status-publish","format-standard","hentry","category-newsy","category-edukacja","category-zsp","tag-swieto-odzyskania-niepodleglosci-w-sadownem","tag-zespol-szkol-ponadgimnazjalnych-w-sadownem"],"views":2828,"_links":{"self":[{"href":"https:\/\/info.sadowne.pl\/index.php?rest_route=\/wp\/v2\/posts\/17211","targetHints":{"allow":["GET"]}}],"collection":[{"href":"https:\/\/info.sadowne.pl\/index.php?rest_route=\/wp\/v2\/posts"}],"about":[{"href":"https:\/\/info.sadowne.pl\/index.php?rest_route=\/wp\/v2\/types\/post"}],"author":[{"embeddable":true,"href":"https:\/\/info.sadowne.pl\/index.php?rest_route=\/wp\/v2\/users\/1"}],"replies":[{"embeddable":true,"href":"https:\/\/info.sadowne.pl\/index.php?rest_route=%2Fwp%2Fv2%2Fcomments&post=17211"}],"version-history":[{"count":1,"href":"https:\/\/info.sadowne.pl\/index.php?rest_route=\/wp\/v2\/posts\/17211\/revisions"}],"predecessor-version":[{"id":17214,"href":"https:\/\/info.sadowne.pl\/index.php?rest_route=\/wp\/v2\/posts\/17211\/revisions\/17214"}],"wp:attachment":[{"href":"https:\/\/info.sadowne.pl\/index.php?rest_route=%2Fwp%2Fv2%2Fmedia&parent=17211"}],"wp:term":[{"taxonomy":"category","embeddable":true,"href":"https:\/\/info.sadowne.pl\/index.php?rest_route=%2Fwp%2Fv2%2Fcategories&post=17211"},{"taxonomy":"post_tag","embeddable":true,"href":"https:\/\/info.sadowne.pl\/index.php?rest_route=%2Fwp%2Fv2%2Ftags&post=17211"}],"curies":[{"name":"wp","href":"https:\/\/api.w.org\/{rel}","templated":true}]}}