{"id":17228,"date":"2017-11-15T17:45:45","date_gmt":"2017-11-15T16:45:45","guid":{"rendered":"http:\/\/info.sadowne.pl\/?p=17228"},"modified":"2017-11-15T17:45:45","modified_gmt":"2017-11-15T16:45:45","slug":"sadowianki-barwy-jesieni-2016","status":"publish","type":"post","link":"https:\/\/info.sadowne.pl\/?p=17228","title":{"rendered":"Sadowianki &#8211; Barwy Jesieni 2016"},"content":{"rendered":"<p><strong><img loading=\"lazy\" decoding=\"async\" class=\"alignleft size-thumbnail wp-image-17071\" src=\"http:\/\/info.sadowne.pl\/wp-content\/uploads\/2017\/10\/sad399-180x130.jpg\" alt=\"\" width=\"180\" height=\"130\" \/>Gala Fina\u0142owa.\u00a0 \u00a0 \u00a0 \u00a0 \u00a0\u00a0<\/strong><!--more--><\/p>\n<p><strong>6 listopada 2016r. w W\u0119growskim O\u015brodku Kultury odby\u0142a si\u0119 Gala Fina\u0142owa XI Mazowieckiego Przegl\u0105du Tw\u00f3rczo\u015bci Artystycznej Senior\u00f3w \u201eW\u0119growskie Barwy Jesieni\u201d.<\/strong><\/p>\n<p>Jury mia\u0142o nie lada problem, gdy\u017c w kilku kategoriach scenicznych do rywalizacji przyst\u0105pi\u0142o ponad pi\u0119\u0107dziesi\u0105t podmiot\u00f3w artystycznych, kt\u00f3rych poziom oceniano na bardzo dobry. Ostatecznie jednak wy\u0142oniono laureat\u00f3w, w\u015br\u00f3d kt\u00f3rych znalaz\u0142 si\u0119 Zesp\u00f3\u0142 \u015apiewaczy \u201eSadowianki\u201d \u2013 II miejsce w kategorii ch\u00f3ry i zespo\u0142y<\/p>\n<p>Podczas Gali Fina\u0142owej, prowadzonej przez Dyrektor WOK p. Katarzyn\u0119 Zabada\u0142\u0119, laureaci Przegl\u0105du odebrali zas\u0142u\u017cone nagrody, natomiast uroczysto\u015b\u0107 u\u015bwietnili swoimi wyst\u0119pami zwyci\u0119zcy w poszczeg\u00f3lnych kategoriach.<\/p>\n<p style=\"text-align: center;\"><span style=\"color: #ff6600;\"><strong>Wyniki Przegl\u0105du<\/strong><\/span><\/p>\n<p style=\"text-align: center;\"><strong><u>Kategoria: ch\u00f3ry i\u00a0zespo\u0142y<\/u><\/strong><\/p>\n<p style=\"text-align: center;\"><strong>Dwa I\u00a0miejsca:<\/strong><\/p>\n<p style=\"text-align: center;\">\u201eKAPELA \u0141OCHOWSKA\u201d\u00a0 \u2013\u00a0 \u0141och\u00f3w<\/p>\n<p style=\"text-align: center;\">CH\u00d3R UNIWERSYTECKI III WIEKU MIASTA SIEDLCE<\/p>\n<p style=\"text-align: center;\"><strong>II miejsce<\/strong> \u2013 Zesp\u00f3\u0142 \u015apiewaczy <strong>\u201e SADOWIANKI\u201d<\/strong> \u2013\u00a0 Sadowne<\/p>\n<p style=\"text-align: center;\"><strong>III miejsce<\/strong> \u2013 Zesp\u00f3\u0142 Ludowy \u201eJAB\u0141ONIACY\u201d- \u00a0Jab\u0142onna Lacka<\/p>\n<p style=\"text-align: center;\"><strong>Migawki z gali fina\u0142owej w W\u0119growie.<\/strong><\/p>\n<p><strong><br \/>\n<img loading=\"lazy\" decoding=\"async\" class=\"aligncenter size-full wp-image-17229\" src=\"http:\/\/info.sadowne.pl\/wp-content\/uploads\/2017\/11\/sad404.jpg\" alt=\"\" width=\"595\" height=\"397\" srcset=\"https:\/\/info.sadowne.pl\/wp-content\/uploads\/2017\/11\/sad404.jpg 595w, https:\/\/info.sadowne.pl\/wp-content\/uploads\/2017\/11\/sad404-300x200.jpg 300w\" sizes=\"auto, (max-width: 595px) 100vw, 595px\" \/><\/strong><\/p>\n<div id=\"attachment_17230\" style=\"width: 568px\" class=\"wp-caption aligncenter\"><img loading=\"lazy\" decoding=\"async\" aria-describedby=\"caption-attachment-17230\" class=\"wp-image-17230 size-full\" src=\"http:\/\/info.sadowne.pl\/wp-content\/uploads\/2017\/11\/sad405.jpg\" alt=\"\" width=\"558\" height=\"228\" srcset=\"https:\/\/info.sadowne.pl\/wp-content\/uploads\/2017\/11\/sad405.jpg 558w, https:\/\/info.sadowne.pl\/wp-content\/uploads\/2017\/11\/sad405-300x123.jpg 300w\" sizes=\"auto, (max-width: 558px) 100vw, 558px\" \/><p id=\"caption-attachment-17230\" class=\"wp-caption-text\">SADOWIANKI na widowni<strong>\u00a0 \u00a0 \u00a0 \u00a0 \u00a0 \u00a0 \u00a0 \u00a0 \u00a0 \u00a0 \u00a0 \u00a0 \u00a0 \u00a0 \u00a0<\/strong><\/p><\/div>\n<p><img loading=\"lazy\" decoding=\"async\" class=\"aligncenter size-full wp-image-17231\" src=\"http:\/\/info.sadowne.pl\/wp-content\/uploads\/2017\/11\/sad407.jpg\" alt=\"\" width=\"99\" height=\"97\" \/><\/p>\n<p><strong>BROK &#8211;\u00a0<\/strong><strong>XXX-lecie zespo\u0142u ludowego Jarz\u0119bina.<\/strong><\/p>\n<p><strong>W sobot\u0119, 29 pa\u017adziernika 2016 r.<\/strong> 30-lecie dzia\u0142alno\u015bci \u015bwi\u0119towa\u0142 Zesp\u00f3\u0142 Ludowy &#8222;Jarz\u0119bina&#8221; z Broku. By\u0142a to okazja do wspomnie\u0144, prezentacji dorobku artystycznego zespo\u0142u, wyra\u017cenia gratulacji i podzi\u0119kowa\u0144 za nieoceniony wk\u0142ad w upowszechnianie tradycji ludowej oraz promowanie i rozw\u00f3j kultury w gminie Brok.<\/p>\n<div id=\"attachment_17232\" style=\"width: 607px\" class=\"wp-caption aligncenter\"><img loading=\"lazy\" decoding=\"async\" aria-describedby=\"caption-attachment-17232\" class=\"wp-image-17232 size-full\" src=\"http:\/\/info.sadowne.pl\/wp-content\/uploads\/2017\/11\/sad408.jpg\" alt=\"\" width=\"597\" height=\"399\" srcset=\"https:\/\/info.sadowne.pl\/wp-content\/uploads\/2017\/11\/sad408.jpg 597w, https:\/\/info.sadowne.pl\/wp-content\/uploads\/2017\/11\/sad408-300x201.jpg 300w\" sizes=\"auto, (max-width: 597px) 100vw, 597px\" \/><p id=\"caption-attachment-17232\" class=\"wp-caption-text\">Zesp\u00f3\u0142 ludowy ,,Jarz\u0119bina\u201d i burmistrz Broku p. Marek M\u0142y\u0144ski<\/p><\/div>\n<p>&nbsp;<\/p>\n<p>Na uroczysto\u015b\u0107 przybyli liczni go\u015bcie a tak\u017ce zaprzyja\u017anione zespo\u0142y ludowe z s\u0105siednich gmin<strong>: ,,Zesp\u00f3\u0142 \u015apiewaczy Sadowianki\u201d z Sadownego<\/strong> oraz &#8222;BezWianka&#8221; z Ostrowi Mazowieckiej.<\/p>\n<p>Burmistrz Broku p. Marek M\u0142y\u0144ski, w bardzo ciep\u0142ych i serdecznych s\u0142owach zwr\u00f3ci\u0142 si\u0119 do jubilat\u00f3w, sk\u0142adaj\u0105c im \u017cyczenia i gratulacje. Podzi\u0119kowa\u0142 za wieloletnie kultywowanie tradycji i kultury pie\u015bni ludowej w gminie Brok i u\u015bwietnianie swoimi wyst\u0119pami wielu koncert\u00f3w i uroczysto\u015bci. Na pami\u0105tk\u0119 wr\u0119czy\u0142 cz\u0142onkom zespo\u0142u oraz zaproszonym zespo\u0142om okoliczno\u015bciow\u0105 statuetk\u0119, listy gratulacyjne z \u017cyczeniami oraz upominek w formie gratyfikacji pieni\u0119\u017cnej.<\/p>\n<div id=\"attachment_17233\" style=\"width: 542px\" class=\"wp-caption aligncenter\"><img loading=\"lazy\" decoding=\"async\" aria-describedby=\"caption-attachment-17233\" class=\"wp-image-17233 size-full\" src=\"http:\/\/info.sadowne.pl\/wp-content\/uploads\/2017\/11\/sad409.jpg\" alt=\"\" width=\"532\" height=\"682\" srcset=\"https:\/\/info.sadowne.pl\/wp-content\/uploads\/2017\/11\/sad409.jpg 532w, https:\/\/info.sadowne.pl\/wp-content\/uploads\/2017\/11\/sad409-234x300.jpg 234w\" sizes=\"auto, (max-width: 532px) 100vw, 532px\" \/><p id=\"caption-attachment-17233\" class=\"wp-caption-text\">Burmistrz Broku p. Marek M\u0142y\u0144ski wr\u0119cza okoliczno\u015bciow\u0105 statuetk\u0119 naszej kierownik zespo\u0142u p. Krystynie Wetoszka<\/p><\/div>\n<p><img loading=\"lazy\" decoding=\"async\" class=\"aligncenter size-full wp-image-17234\" src=\"http:\/\/info.sadowne.pl\/wp-content\/uploads\/2017\/11\/sad410.jpg\" alt=\"\" width=\"274\" height=\"512\" srcset=\"https:\/\/info.sadowne.pl\/wp-content\/uploads\/2017\/11\/sad410.jpg 274w, https:\/\/info.sadowne.pl\/wp-content\/uploads\/2017\/11\/sad410-161x300.jpg 161w\" sizes=\"auto, (max-width: 274px) 100vw, 274px\" \/><\/p>\n<p>Jak na prawdziwy jubileusz przysta\u0142o nie zabrak\u0142o okoliczno\u015bciowego wyst\u0119pu zespo\u0142u Jarz\u0119bina. Jubilaci w pi\u0119knych ludowych strojach za\u015bpiewali kilka utwor\u00f3w z w\u0142asnego i zapo\u017cyczonego repertuaru.<\/p>\n<div id=\"attachment_17235\" style=\"width: 604px\" class=\"wp-caption aligncenter\"><img loading=\"lazy\" decoding=\"async\" aria-describedby=\"caption-attachment-17235\" class=\"wp-image-17235 size-full\" src=\"http:\/\/info.sadowne.pl\/wp-content\/uploads\/2017\/11\/sad411.jpg\" alt=\"\" width=\"594\" height=\"343\" srcset=\"https:\/\/info.sadowne.pl\/wp-content\/uploads\/2017\/11\/sad411.jpg 594w, https:\/\/info.sadowne.pl\/wp-content\/uploads\/2017\/11\/sad411-300x173.jpg 300w\" sizes=\"auto, (max-width: 594px) 100vw, 594px\" \/><p id=\"caption-attachment-17235\" class=\"wp-caption-text\">Cz\u0119\u015b\u0107 oficjaln\u0105 uroczysto\u015bci zako\u0144czy\u0142 wyst\u0119p Zespo\u0142u \u015apiewaczego ,,Sadowianki&#8221; oraz pokaz taneczny Zespo\u0142u Pie\u015bni i Ta\u0144ca &#8222;BezWianka&#8221;<\/p><\/div>\n<p><strong>SADOWIANKI<\/strong> wykona\u0142y zestaw piosenek z w\u0119growskich Barw Jesieni, za kt\u00f3re uhonorowane zosta\u0142y drugim miejscem. W Broku r\u00f3wnie\u017c wzbudzi\u0142y podziw i zachwyt zebranych go\u015bci.<\/p>\n<p><img loading=\"lazy\" decoding=\"async\" class=\"aligncenter size-full wp-image-17236\" src=\"http:\/\/info.sadowne.pl\/wp-content\/uploads\/2017\/11\/sad412.jpg\" alt=\"\" width=\"594\" height=\"396\" srcset=\"https:\/\/info.sadowne.pl\/wp-content\/uploads\/2017\/11\/sad412.jpg 594w, https:\/\/info.sadowne.pl\/wp-content\/uploads\/2017\/11\/sad412-300x200.jpg 300w\" sizes=\"auto, (max-width: 594px) 100vw, 594px\" \/><\/p>\n<p>Do \u017cycze\u0144 i gratulacji do\u0142\u0105czyli r\u00f3wnie\u017c zebrani go\u015bcie, a tak\u017ce w\u0142a\u015bciciel restauracji ,,Binduga\u201d, w kt\u00f3rej odbywa\u0142a si\u0119 uroczysto\u015b\u0107 \u2013 p. Zdzis\u0142aw Niegowski.<\/p>\n<p>Cz\u0142onkom zespo\u0142u gratulowano pi\u0119knego jubileuszu i dzi\u0119kowano za wk\u0142ad pracy w regionalne dziedzictwo kulturowe, jednocze\u015bnie \u017cycz\u0105c kolejnych sukces\u00f3w.<\/p>\n<p><strong>STARAWIE\u015a<\/strong><\/p>\n<p><strong><img loading=\"lazy\" decoding=\"async\" class=\"aligncenter size-full wp-image-17237\" src=\"http:\/\/info.sadowne.pl\/wp-content\/uploads\/2017\/11\/sad413.jpg\" alt=\"\" width=\"527\" height=\"45\" srcset=\"https:\/\/info.sadowne.pl\/wp-content\/uploads\/2017\/11\/sad413.jpg 527w, https:\/\/info.sadowne.pl\/wp-content\/uploads\/2017\/11\/sad413-300x26.jpg 300w\" sizes=\"auto, (max-width: 527px) 100vw, 527px\" \/>\u00a0<\/strong><\/p>\n<p><span style=\"color: #008080;\"><strong>4 GRUDNIA 2016<\/strong><\/span><\/p>\n<p>W niedzielne popo\u0142udnie 4 grudnia w Samorz\u0105dowej Szkole Podstawowej w Starejwsi zorganizowano Koncert Charytatywny, z kt\u00f3rego ca\u0142kowity doch\u00f3d zosta\u0142 przeznaczony na dalsze leczenie chorego ch\u0142opca \u2013<strong>Wiktorka Sulicha.<\/strong><\/p>\n<p>Organizatorzy zadbali o atrakcyjno\u015b\u0107 imprezy poprzez m.in. zaproszenie do czynnego udzia\u0142u w Koncercie zespo\u0142\u00f3w muzycznych i indywidualnych wykonawc\u00f3w, w\u015br\u00f3d kt\u00f3rych znalaz\u0142 si\u0119 r\u00f3wnie\u017c <strong>Zesp\u00f3\u0142 \u015apiewaczy \u201eSadowianki\u201d.<\/strong><\/p>\n<p><img loading=\"lazy\" decoding=\"async\" class=\"aligncenter size-full wp-image-17238\" src=\"http:\/\/info.sadowne.pl\/wp-content\/uploads\/2017\/11\/sad414.jpg\" alt=\"\" width=\"544\" height=\"242\" srcset=\"https:\/\/info.sadowne.pl\/wp-content\/uploads\/2017\/11\/sad414.jpg 544w, https:\/\/info.sadowne.pl\/wp-content\/uploads\/2017\/11\/sad414-300x133.jpg 300w\" sizes=\"auto, (max-width: 544px) 100vw, 544px\" \/><\/p>\n<p><img loading=\"lazy\" decoding=\"async\" class=\"aligncenter size-full wp-image-17239\" src=\"http:\/\/info.sadowne.pl\/wp-content\/uploads\/2017\/11\/sad415.jpg\" alt=\"\" width=\"473\" height=\"57\" srcset=\"https:\/\/info.sadowne.pl\/wp-content\/uploads\/2017\/11\/sad415.jpg 473w, https:\/\/info.sadowne.pl\/wp-content\/uploads\/2017\/11\/sad415-300x36.jpg 300w\" sizes=\"auto, (max-width: 473px) 100vw, 473px\" \/><\/p>\n<p><img loading=\"lazy\" decoding=\"async\" class=\"aligncenter size-full wp-image-17240\" src=\"http:\/\/info.sadowne.pl\/wp-content\/uploads\/2017\/11\/sad416.jpg\" alt=\"\" width=\"596\" height=\"335\" srcset=\"https:\/\/info.sadowne.pl\/wp-content\/uploads\/2017\/11\/sad416.jpg 596w, https:\/\/info.sadowne.pl\/wp-content\/uploads\/2017\/11\/sad416-300x169.jpg 300w\" sizes=\"auto, (max-width: 596px) 100vw, 596px\" \/><\/p>\n<p><img loading=\"lazy\" decoding=\"async\" class=\"aligncenter size-full wp-image-17241\" src=\"http:\/\/info.sadowne.pl\/wp-content\/uploads\/2017\/11\/sad417.jpg\" alt=\"\" width=\"542\" height=\"783\" srcset=\"https:\/\/info.sadowne.pl\/wp-content\/uploads\/2017\/11\/sad417.jpg 542w, https:\/\/info.sadowne.pl\/wp-content\/uploads\/2017\/11\/sad417-208x300.jpg 208w\" sizes=\"auto, (max-width: 542px) 100vw, 542px\" \/><img loading=\"lazy\" decoding=\"async\" class=\"aligncenter size-full wp-image-17242\" src=\"http:\/\/info.sadowne.pl\/wp-content\/uploads\/2017\/11\/sad418.jpg\" alt=\"\" width=\"502\" height=\"781\" srcset=\"https:\/\/info.sadowne.pl\/wp-content\/uploads\/2017\/11\/sad418.jpg 502w, https:\/\/info.sadowne.pl\/wp-content\/uploads\/2017\/11\/sad418-193x300.jpg 193w\" sizes=\"auto, (max-width: 502px) 100vw, 502px\" \/><\/p>\n<p><img loading=\"lazy\" decoding=\"async\" class=\"aligncenter size-full wp-image-17243\" src=\"http:\/\/info.sadowne.pl\/wp-content\/uploads\/2017\/11\/sad419.jpg\" alt=\"\" width=\"596\" height=\"335\" srcset=\"https:\/\/info.sadowne.pl\/wp-content\/uploads\/2017\/11\/sad419.jpg 596w, https:\/\/info.sadowne.pl\/wp-content\/uploads\/2017\/11\/sad419-300x169.jpg 300w\" sizes=\"auto, (max-width: 596px) 100vw, 596px\" \/><\/p>\n<p>A my \u2013 byli\u015bmy na tym wsp\u00f3lnym spotkaniu z potrzeby serca, z potrzeby pomagania tym, kt\u00f3rzy tego w danej chwili potrzebuj\u0105. Niesienie pomocy innym, to pi\u0119kna sprawa, pi\u0119kne \u017cyciowe motto. Nie wiemy te\u017c, co mo\u017ce zdarzy\u0107 si\u0119 jutro, pojutrze\u2026 mo\u017ce to w\u0142a\u015bnie my b\u0119dziemy w potrzebie?<\/p>\n<p>A wtedy dobro przekazane komu\u015b wr\u00f3ci do nas ze zdwojon\u0105 si\u0142\u0105.<\/p>\n<p>\u017byczymy Wiktorkowi i jego Rodzicom pa\u0144stwu Agnieszce i Adamowi wygranej walki z chorob\u0105, pomy\u015blnych wynik\u00f3w i regeneracji si\u0142.<\/p>\n<p>Niech Wiktorka i jego najbli\u017cszych pan B\u00f3g ma w swej opiece, a to ma\u0142e Dzieci\u0105tko Bo\u017ce niech wszystkim b\u0142ogos\u0142awi i serca wype\u0142ni nadziej\u0105.<\/p>\n<p>Serdecznie pozdrawiamy<\/p>\n<p>Zesp\u00f3\u0142 \u015apiewaczy <strong>SADOWIANKI<\/strong><\/p>\n<p>Brawa dla Organizator\u00f3w za t\u0119 inicjatyw\u0119 i dla czynnych uczestnik\u00f3w, kt\u00f3rych udzia\u0142 w imprezie by\u0142 nieoceniony.<\/p>\n<p><strong><img loading=\"lazy\" decoding=\"async\" class=\"alignleft size-full wp-image-17244\" src=\"http:\/\/info.sadowne.pl\/wp-content\/uploads\/2017\/11\/sad420.jpg\" alt=\"\" width=\"271\" height=\"277\" \/>\u017bYCZENIA BO\u017bONARODZENIOWE<\/strong><\/p>\n<p><strong><em>Grudzie\u0144 2016<\/em><\/strong><\/p>\n<p>Zesp\u00f3\u0142 <strong>SADOWIANKI<\/strong> otrzyma\u0142 w roku 2016 wiele dyplom\u00f3w, wyr\u00f3\u017cnie\u0144 a tak\u017ce \u017cycze\u0144 wraz z podzi\u0119kowaniem za udzia\u0142 w uroczysto\u015bciach gminnych, powiatowych i wojew\u00f3dzkich. Za kultywowanie tradycji ludowych ziemi sadowe\u0144skiej, promowanie Gminy Sadowne w r\u00f3\u017cnych miejscach oraz wspieranie swoimi wyst\u0119pami ludzi w potrzebie.<\/p>\n<p>By\u0142y to mi\u0119dzy innymi \u017cyczenia z Centrum Opieki Rehabilitacyjnej ,,ITAMED\u201d w Sadolesiu, od rodzic\u00f3w chorego Wiktorka Sulicha oraz p. w\u00f3jta Waldemara Cyrana wraz z przewodnicz\u0105cym rady gminy p. Piotrem Olkowskim i pracownikami Urz\u0119du Gminy.<\/p>\n<p style=\"text-align: center;\"><strong>\u017byczenia od w\u00f3jta \u2013 p. Waldemara Cyrana<\/strong><\/p>\n<p><img loading=\"lazy\" decoding=\"async\" class=\"aligncenter size-full wp-image-17245\" src=\"http:\/\/info.sadowne.pl\/wp-content\/uploads\/2017\/11\/sad421.jpg\" alt=\"\" width=\"379\" height=\"566\" srcset=\"https:\/\/info.sadowne.pl\/wp-content\/uploads\/2017\/11\/sad421.jpg 379w, https:\/\/info.sadowne.pl\/wp-content\/uploads\/2017\/11\/sad421-201x300.jpg 201w\" sizes=\"auto, (max-width: 379px) 100vw, 379px\" \/><\/p>\n<p><img loading=\"lazy\" decoding=\"async\" class=\"aligncenter size-full wp-image-17246\" src=\"http:\/\/info.sadowne.pl\/wp-content\/uploads\/2017\/11\/sad422.jpg\" alt=\"\" width=\"387\" height=\"560\" srcset=\"https:\/\/info.sadowne.pl\/wp-content\/uploads\/2017\/11\/sad422.jpg 387w, https:\/\/info.sadowne.pl\/wp-content\/uploads\/2017\/11\/sad422-207x300.jpg 207w\" sizes=\"auto, (max-width: 387px) 100vw, 387px\" \/><\/p>\n<p><img loading=\"lazy\" decoding=\"async\" class=\"aligncenter size-full wp-image-17247\" src=\"http:\/\/info.sadowne.pl\/wp-content\/uploads\/2017\/11\/sad423.jpg\" alt=\"\" width=\"483\" height=\"29\" srcset=\"https:\/\/info.sadowne.pl\/wp-content\/uploads\/2017\/11\/sad423.jpg 483w, https:\/\/info.sadowne.pl\/wp-content\/uploads\/2017\/11\/sad423-300x18.jpg 300w\" sizes=\"auto, (max-width: 483px) 100vw, 483px\" \/><\/p>\n<p><strong>GRYGR\u00d3W<\/strong><\/p>\n<p><strong>6 stycznia 2017 r. w sali Ochotniczej Stra\u017cy Po\u017carnej w Grygrowie, <\/strong>w powiecie w\u0119growskim, odby\u0142o si\u0119 spotkanie, podczas kt\u00f3rego 15 m\u0142odych adept\u00f3w z\u0142o\u017cy\u0142o uroczyste \u015blubowanie staj\u0105c si\u0119 tym samym pe\u0142noprawnymi cz\u0142onkami nowo powsta\u0142ej M\u0142odzie\u017cowej Dru\u017cyny Po\u017carniczej.<\/p>\n<p>Po z\u0142o\u017ceniu uroczystej przysi\u0119gi m\u0142odzie\u017c odebra\u0142a z r\u0105k Prezesa Zarz\u0105du Gminnego ZOSP RP \u2013 Mieczys\u0142awa W\u00f3jcika legitymacje, a tak\u017ce gratulacje.<br \/>\n<img loading=\"lazy\" decoding=\"async\" class=\"aligncenter size-full wp-image-17248\" src=\"http:\/\/info.sadowne.pl\/wp-content\/uploads\/2017\/11\/sad424.jpg\" alt=\"\" width=\"593\" height=\"201\" srcset=\"https:\/\/info.sadowne.pl\/wp-content\/uploads\/2017\/11\/sad424.jpg 593w, https:\/\/info.sadowne.pl\/wp-content\/uploads\/2017\/11\/sad424-300x102.jpg 300w\" sizes=\"auto, (max-width: 593px) 100vw, 593px\" \/><\/p>\n<p>Dh Mieczys\u0142aw W\u00f3jcik gratulowa\u0142 dzieciom entuzjazmu i \u017cyczy\u0142 wytrwa\u0142o\u015bci w dzia\u0142alno\u015bci m\u0142odzie\u017c\u00f3wki, podkre\u015bli r\u00f3wnie\u017c, \u017ce liczy, i\u017c ta przygoda oka\u017ce si\u0119 pasj\u0105 na d\u0142ugie lata, a wiedza i do\u015bwiadczenie nabyte w M\u0142odzie\u017cowej Dru\u017cyny Po\u017carniczej b\u0119d\u0105 procentowa\u0142y w ich codziennym \u017cyciu, a w przysz\u0142o\u015bci stworz\u0105 solidne podstawy do dzia\u0142alno\u015bci w OSP.\u00a0Zaznaczy\u0142 r\u00f3wnie\u017c, \u017ce gratulacje nale\u017c\u0105 si\u0119 tak\u017ce zarz\u0105dowi OSP Grygr\u00f3w za podj\u0119cie inicjatywy utworzenia dru\u017cyny, a tak\u017ce rodzicom, kt\u00f3rzy mog\u0105 czu\u0107 si\u0119 dumni z aktywno\u015bci podejmowanej przez ich pociechy.<\/p>\n<p><img loading=\"lazy\" decoding=\"async\" class=\"aligncenter size-full wp-image-17249\" src=\"http:\/\/info.sadowne.pl\/wp-content\/uploads\/2017\/11\/sad425.jpg\" alt=\"\" width=\"591\" height=\"335\" srcset=\"https:\/\/info.sadowne.pl\/wp-content\/uploads\/2017\/11\/sad425.jpg 591w, https:\/\/info.sadowne.pl\/wp-content\/uploads\/2017\/11\/sad425-300x170.jpg 300w\" sizes=\"auto, (max-width: 591px) 100vw, 591px\" \/><\/p>\n<p>Uroczysto\u015b\u0107 powo\u0142ania M\u0142odzie\u017cowej Dru\u017cyny Po\u017carniczej zosta\u0142a po\u0142\u0105czona ze spotkaniem op\u0142atkowym, dlatego zaraz po \u015blubowaniu za pomy\u015blno\u015b\u0107 oraz wytrwa\u0142o\u015b\u0107 m\u0142odzie\u017cy w dzia\u0142aniach podejmowanych na rzecz spo\u0142ecze\u0144stwa modli\u0142 si\u0119 proboszcz Parafii w Starej Wsi \u2013 ks. Marek Sidoruk, kt\u00f3ry nast\u0119pnie z\u0142o\u017cy\u0142 wszystkim zebranych gor\u0105ce \u017cyczenie noworoczne.<\/p>\n<p><img loading=\"lazy\" decoding=\"async\" class=\"aligncenter size-full wp-image-17250\" src=\"http:\/\/info.sadowne.pl\/wp-content\/uploads\/2017\/11\/sad426.jpg\" alt=\"\" width=\"594\" height=\"145\" srcset=\"https:\/\/info.sadowne.pl\/wp-content\/uploads\/2017\/11\/sad426.jpg 594w, https:\/\/info.sadowne.pl\/wp-content\/uploads\/2017\/11\/sad426-300x73.jpg 300w\" sizes=\"auto, (max-width: 594px) 100vw, 594px\" \/><\/p>\n<p>Po symbolicznym prze\u0142amaniu si\u0119 op\u0142atkiem Prezes OSP Grygr\u00f3w &#8211; dh Tadeusz Cichocki zaprosi\u0142 go\u015bci na skromny pocz\u0119stunek, natomiast graj\u0105ca na gitarze dh Magdalena Piwko zach\u0119ca\u0142a go\u015bci do wsp\u00f3lnego kol\u0119dowania.<\/p>\n<p><img loading=\"lazy\" decoding=\"async\" class=\"aligncenter size-full wp-image-17251\" src=\"http:\/\/info.sadowne.pl\/wp-content\/uploads\/2017\/11\/sad427.jpg\" alt=\"\" width=\"595\" height=\"335\" srcset=\"https:\/\/info.sadowne.pl\/wp-content\/uploads\/2017\/11\/sad427.jpg 595w, https:\/\/info.sadowne.pl\/wp-content\/uploads\/2017\/11\/sad427-300x169.jpg 300w\" sizes=\"auto, (max-width: 595px) 100vw, 595px\" \/><\/p>\n<p>W spotkaniu wzi\u0105\u0142 r\u00f3wnie\u017c udzia\u0142 nasz zesp\u00f3\u0142 <strong>\u201eSadowianki\u201d<\/strong>, kt\u00f3ry zawsze bardzo ch\u0119tnie odpowiada na zaproszenia na tego typu imprezy. Obecna by\u0142a r\u00f3wnie\u017c <strong>p. Agnieszka Kowalska<\/strong>, kt\u00f3ra na co dzie\u0144 mieszka i pracuje w Warszawie, ale bardzo ch\u0119tnie wraca w rodzinne strony i u\u015bwietnia swoimi wyst\u0119pami imprezy w Grygrowie.<\/p>\n<p><img loading=\"lazy\" decoding=\"async\" class=\"alignleft size-full wp-image-17252\" src=\"http:\/\/info.sadowne.pl\/wp-content\/uploads\/2017\/11\/sad428.jpg\" alt=\"\" width=\"223\" height=\"432\" srcset=\"https:\/\/info.sadowne.pl\/wp-content\/uploads\/2017\/11\/sad428.jpg 223w, https:\/\/info.sadowne.pl\/wp-content\/uploads\/2017\/11\/sad428-155x300.jpg 155w\" sizes=\"auto, (max-width: 223px) 100vw, 223px\" \/>P. Agnieszka jest\u00a0 absolwentk\u0105 Wydzia\u0142u Instrumentalnego i Wydzia\u0142u Wokalnego Pa\u0144stwowej Szko\u0142y Muzycznej II st. im. F. Chopina w Warszawie i instruktorem \u015bpiewu, a opr\u00f3cz tego jest niezwykle ciep\u0142\u0105 i radosn\u0105 osob\u0105, kt\u00f3ra potrafi zach\u0119ci\u0107 do wsp\u00f3lnego \u015bpiewania i zabawy najbardziej opornych uczestnik\u00f3w imprez.<\/p>\n<p>I w\u0142a\u015bnie w takiej muzycznej atmosferze uczestnikom spotkania up\u0142yn\u0119\u0142a reszta wieczoru.<\/p>\n<p><strong>\u00a0\u00a0\u00a0\u00a0\u00a0\u00a0\u00a0\u00a0\u00a0\u00a0\u00a0 \u00a0\u00a0\u00a0\u00a0\u00a0\u00a0\u00a0\u00a0\u00a0\u00a0\u00a0\u00a0\u00a0\u00a0<\/strong><\/p>\n<p>&nbsp;<\/p>\n<p><strong>\u0179r\u00f3d\u0142o:<\/strong>\u00a0SADOWIANKI, Barbara Wr\u00f3bel, Sadowne 2017 (kronika dost\u0119pna w zbiorach GOK Sadowne)<\/p>\n","protected":false},"excerpt":{"rendered":"<p>Gala Fina\u0142owa.\u00a0 \u00a0 \u00a0 \u00a0 \u00a0\u00a0<\/p>\n","protected":false},"author":1,"featured_media":0,"comment_status":"closed","ping_status":"closed","sticky":false,"template":"","format":"standard","meta":{"footnotes":""},"categories":[5,31,1202],"tags":[1218,101,960],"class_list":["post-17228","post","type-post","status-publish","format-standard","hentry","category-newsy","category-historia-gminy","category-zespol-spiewaczy-sadowianki","tag-barbara-wrobel","tag-historia-gminy-sadowne","tag-zespol-spiewaczy-sadowianki"],"views":3180,"_links":{"self":[{"href":"https:\/\/info.sadowne.pl\/index.php?rest_route=\/wp\/v2\/posts\/17228","targetHints":{"allow":["GET"]}}],"collection":[{"href":"https:\/\/info.sadowne.pl\/index.php?rest_route=\/wp\/v2\/posts"}],"about":[{"href":"https:\/\/info.sadowne.pl\/index.php?rest_route=\/wp\/v2\/types\/post"}],"author":[{"embeddable":true,"href":"https:\/\/info.sadowne.pl\/index.php?rest_route=\/wp\/v2\/users\/1"}],"replies":[{"embeddable":true,"href":"https:\/\/info.sadowne.pl\/index.php?rest_route=%2Fwp%2Fv2%2Fcomments&post=17228"}],"version-history":[{"count":1,"href":"https:\/\/info.sadowne.pl\/index.php?rest_route=\/wp\/v2\/posts\/17228\/revisions"}],"predecessor-version":[{"id":17253,"href":"https:\/\/info.sadowne.pl\/index.php?rest_route=\/wp\/v2\/posts\/17228\/revisions\/17253"}],"wp:attachment":[{"href":"https:\/\/info.sadowne.pl\/index.php?rest_route=%2Fwp%2Fv2%2Fmedia&parent=17228"}],"wp:term":[{"taxonomy":"category","embeddable":true,"href":"https:\/\/info.sadowne.pl\/index.php?rest_route=%2Fwp%2Fv2%2Fcategories&post=17228"},{"taxonomy":"post_tag","embeddable":true,"href":"https:\/\/info.sadowne.pl\/index.php?rest_route=%2Fwp%2Fv2%2Ftags&post=17228"}],"curies":[{"name":"wp","href":"https:\/\/api.w.org\/{rel}","templated":true}]}}