{"id":17263,"date":"2017-11-18T11:13:47","date_gmt":"2017-11-18T10:13:47","guid":{"rendered":"http:\/\/info.sadowne.pl\/?p=17263"},"modified":"2017-11-20T09:21:35","modified_gmt":"2017-11-20T08:21:35","slug":"julita-i-szymon-wygrali-konkurs-w-zamku-kliczkow","status":"publish","type":"post","link":"https:\/\/info.sadowne.pl\/?p=17263","title":{"rendered":"Julita i Szymon wygrali Konkurs w Zamku Kliczk\u00f3w!"},"content":{"rendered":"<p><strong><img loading=\"lazy\" decoding=\"async\" class=\"alignleft wp-image-17273 size-thumbnail\" src=\"http:\/\/info.sadowne.pl\/wp-content\/uploads\/2017\/11\/2017.11.18.10-180x130.jpg\" alt=\"\" width=\"180\" height=\"130\" \/>Je\u015bli kto\u015b nie orientuje si\u0119 w sytuacji, to wyja\u015bniamy: w dniach 17 \u2013 18 listopada w Zamku Kliczk\u00f3w na Dolnym \u015al\u0105sku odbywa si\u0119 Konkurs gastronomiczny zaliczany do Kulinarnego Pucharu Polski. <\/strong><!--more--><\/p>\n<p><strong>Pierwszego dnia do rywalizacji przyst\u0105pi\u0142y szko\u0142y gastronomiczne.<\/strong><\/p>\n<p>W Konkursie wzi\u0119li te\u017c udzia\u0142: Julita Py\u017alak i Szymon Jadczuk z klasy III Technikum \u017bywienia i Us\u0142ug Gastronomicznych w Sadownem wraz ze swoim opiekunem i wychowawc\u0105 klasy IIIT p. Mari\u0105 Dobies.<\/p>\n<p>Konkurs sk\u0142ada\u0142 si\u0119 z dw\u00f3ch etap\u00f3w : \u2013 I etap \u2013 kwalifikacje(przygotowanie i nades\u0142anie receptur zgodnie z wymogami organizator\u00f3w) i II etap \u2013 Konkurs Kulinarny &#8211; rywalizacja szk\u00f3\u0142 gastronomicznych, kt\u00f3ra odby\u0142a si\u0119 w\u0142a\u015bnie 17 listopada, a przedmiotem Konkursu by\u0142a przek\u0105ska zimna lub gor\u0105ca i danie g\u0142\u00f3wne.<\/p>\n<p>Przek\u0105ska to pasztet z karpia w autorskiej ods\u0142onie, a danie g\u0142\u00f3wne: filet z sandacza, polskie grzyby le\u015bne (\u015bwie\u017ce, suszone i\/lub mro\u017cone), naturalny mi\u00f3d pszczeli, owocowe runo le\u015bne (jagody, maliny, je\u017cyn \u2026), ziemniak polski (wi\u0119cej na ten temat na stronie. Pisali\u015bmy o przygotowaniach do Konkursu naszego Technikum w artykule <span style=\"color: #0000ff;\"><strong><a style=\"color: #0000ff;\" href=\"http:\/\/info.sadowne.pl\/?p=16979\" target=\"_blank\" rel=\"noopener noreferrer\">\u201eAle pasztet!!!\u201d<\/a><\/strong><\/span>.<\/p>\n<p><strong>A fina\u0142? Nasi byli bezkonkurencyjni i wygrali ten Konkurs! Brawa dla Julity i Szymona oraz Pani Marii!<\/strong><\/p>\n<p><strong>I jeszcze ciekawostka:<\/strong> w ramach nagrody uczestnicy wygrali 3-dniowy kurs pod okiem szefa kuchni Zamku Kliczk\u00f3w Mariusza Kucharczaka&#8230; \u00a0z pe\u0142nym wy\u017cywieniem i noclegiem gratis.<\/p>\n<p><strong><a href=\"http:\/\/info.sadowne.pl\/wp-content\/uploads\/2017\/11\/2017.11.18.11.jpg\" target=\"_blank\" rel=\"noopener noreferrer\"><img loading=\"lazy\" decoding=\"async\" class=\"alignright wp-image-17287 size-medium\" src=\"http:\/\/info.sadowne.pl\/wp-content\/uploads\/2017\/11\/2017.11.18.11-200x300.jpg\" alt=\"\" width=\"200\" height=\"300\" srcset=\"https:\/\/info.sadowne.pl\/wp-content\/uploads\/2017\/11\/2017.11.18.11-200x300.jpg 200w, https:\/\/info.sadowne.pl\/wp-content\/uploads\/2017\/11\/2017.11.18.11.jpg 531w\" sizes=\"auto, (max-width: 200px) 100vw, 200px\" \/><\/a>Kim jest Mariusz Kucharczak?<\/strong> Pochodzi z Wielichowa. Uko\u0144czy\u0142 szko\u0142\u0119 zawodow\u0105 o profilu kucharz w Grodzisku Wlkp. Od 18 lat pracuje w zawodzie, z czego 2 lata pracowa\u0142 w Niemczech. Podczas pracy u\u017cywa tradycyjnych, jak i nowoczesnych technik gotowania &#8211; dzi\u0119ki czemu przedstawia Kuchni\u0119 Polsk\u0105 w nowoczesnej ods\u0142onie. Dania podaje nie tylko na talerzach, ale wykorzystuje do tego r\u00f3wnie\u017c drewno, kamienie, siano, muszle, ro\u015bliny ze szklarni i ogrodu oraz wszystko co mo\u017cna znale\u017a\u0107 w lesie, czy na pla\u017cy.<br \/>\nW pracy zawodowej poszerza\u0142 swoj\u0105 wiedz\u0119 poprzez sta\u017ce w restauracjach takich jak: Atelier Amaro, Senses czy Aruana w Hotelu Narvil. Dotychczas jego najwi\u0119ksze osi\u0105gni\u0119cia to tytu\u0142 ,,SZEFA KUCHNI TRADYCYJNEJ \u2018\u2019 i jedna czapka od przewodnika Gaullt&amp;Millau,wyr\u00f3\u017cnienie w konkursie na Wielkopolskiego kucharza roku oraz podw\u00f3jne podium w konkursie Wine &amp; Food Noble Night za przystawk\u0119 i danie g\u0142\u00f3wne(dwa trzecie miejsca).<\/p>\n<p><strong>Zobaczmy kilka zdj\u0119\u0107 ze strony <span style=\"color: #0000ff;\"><a style=\"color: #0000ff;\" href=\"https:\/\/www.facebook.com\/Technikum-%C5%BBywienia-i-Us%C5%82ug-Gastronomicznych-w-Sadownem-243959705762262\/\" target=\"_blank\" rel=\"noopener noreferrer\">https:\/\/www.facebook.com\/Technikum-%C5%BBywienia-i-Us%C5%82ug-Gastronomicznych-w-Sadownem-243959705762262\/<\/a><\/span><\/strong>.<\/p>\n\n\t\t<style type=\"text\/css\">\n\t\t\t#gallery-1 {\n\t\t\t\tmargin: auto;\n\t\t\t}\n\t\t\t#gallery-1 .gallery-item {\n\t\t\t\tfloat: left;\n\t\t\t\tmargin-top: 10px;\n\t\t\t\ttext-align: center;\n\t\t\t\twidth: 33%;\n\t\t\t}\n\t\t\t#gallery-1 img {\n\t\t\t\tborder: 2px solid #cfcfcf;\n\t\t\t}\n\t\t\t#gallery-1 .gallery-caption {\n\t\t\t\tmargin-left: 0;\n\t\t\t}\n\t\t\t\/* see gallery_shortcode() in wp-includes\/media.php *\/\n\t\t<\/style>\n\t\t<div id='gallery-1' class='gallery galleryid-17263 gallery-columns-3 gallery-size-thumbnail'><dl class='gallery-item'>\n\t\t\t<dt class='gallery-icon landscape'>\n\t\t\t\t<a href='https:\/\/info.sadowne.pl\/wp-content\/uploads\/2017\/11\/2017.11.18.1.jpg'><img loading=\"lazy\" decoding=\"async\" width=\"180\" height=\"130\" src=\"https:\/\/info.sadowne.pl\/wp-content\/uploads\/2017\/11\/2017.11.18.1-180x130.jpg\" class=\"attachment-thumbnail size-thumbnail\" alt=\"\" \/><\/a>\n\t\t\t<\/dt><\/dl><dl class='gallery-item'>\n\t\t\t<dt class='gallery-icon portrait'>\n\t\t\t\t<a href='https:\/\/info.sadowne.pl\/wp-content\/uploads\/2017\/11\/2017.11.18.2.jpg'><img loading=\"lazy\" decoding=\"async\" width=\"180\" height=\"130\" src=\"https:\/\/info.sadowne.pl\/wp-content\/uploads\/2017\/11\/2017.11.18.2-180x130.jpg\" class=\"attachment-thumbnail size-thumbnail\" alt=\"\" \/><\/a>\n\t\t\t<\/dt><\/dl><dl class='gallery-item'>\n\t\t\t<dt class='gallery-icon landscape'>\n\t\t\t\t<a href='https:\/\/info.sadowne.pl\/wp-content\/uploads\/2017\/11\/2017.11.18.3.jpg'><img loading=\"lazy\" decoding=\"async\" width=\"180\" height=\"130\" src=\"https:\/\/info.sadowne.pl\/wp-content\/uploads\/2017\/11\/2017.11.18.3-180x130.jpg\" class=\"attachment-thumbnail size-thumbnail\" alt=\"\" \/><\/a>\n\t\t\t<\/dt><\/dl><br style=\"clear: both\" \/><dl class='gallery-item'>\n\t\t\t<dt class='gallery-icon landscape'>\n\t\t\t\t<a href='https:\/\/info.sadowne.pl\/wp-content\/uploads\/2017\/11\/2017.11.18.4.jpg'><img loading=\"lazy\" decoding=\"async\" width=\"180\" height=\"130\" src=\"https:\/\/info.sadowne.pl\/wp-content\/uploads\/2017\/11\/2017.11.18.4-180x130.jpg\" class=\"attachment-thumbnail size-thumbnail\" alt=\"\" \/><\/a>\n\t\t\t<\/dt><\/dl><dl class='gallery-item'>\n\t\t\t<dt class='gallery-icon landscape'>\n\t\t\t\t<a href='https:\/\/info.sadowne.pl\/wp-content\/uploads\/2017\/11\/2017.11.18.5.jpg'><img loading=\"lazy\" decoding=\"async\" width=\"180\" height=\"130\" src=\"https:\/\/info.sadowne.pl\/wp-content\/uploads\/2017\/11\/2017.11.18.5-180x130.jpg\" class=\"attachment-thumbnail size-thumbnail\" alt=\"\" \/><\/a>\n\t\t\t<\/dt><\/dl><dl class='gallery-item'>\n\t\t\t<dt class='gallery-icon portrait'>\n\t\t\t\t<a href='https:\/\/info.sadowne.pl\/wp-content\/uploads\/2017\/11\/2017.11.18.6.jpg'><img loading=\"lazy\" decoding=\"async\" width=\"180\" height=\"130\" src=\"https:\/\/info.sadowne.pl\/wp-content\/uploads\/2017\/11\/2017.11.18.6-180x130.jpg\" class=\"attachment-thumbnail size-thumbnail\" alt=\"\" \/><\/a>\n\t\t\t<\/dt><\/dl><br style=\"clear: both\" \/><dl class='gallery-item'>\n\t\t\t<dt class='gallery-icon portrait'>\n\t\t\t\t<a href='https:\/\/info.sadowne.pl\/wp-content\/uploads\/2017\/11\/2017.11.18.7.jpg'><img loading=\"lazy\" decoding=\"async\" width=\"180\" height=\"130\" src=\"https:\/\/info.sadowne.pl\/wp-content\/uploads\/2017\/11\/2017.11.18.7-180x130.jpg\" class=\"attachment-thumbnail size-thumbnail\" alt=\"\" \/><\/a>\n\t\t\t<\/dt><\/dl><dl class='gallery-item'>\n\t\t\t<dt class='gallery-icon portrait'>\n\t\t\t\t<a href='https:\/\/info.sadowne.pl\/wp-content\/uploads\/2017\/11\/2017.11.18.8.jpg'><img loading=\"lazy\" decoding=\"async\" width=\"180\" height=\"130\" src=\"https:\/\/info.sadowne.pl\/wp-content\/uploads\/2017\/11\/2017.11.18.8-180x130.jpg\" class=\"attachment-thumbnail size-thumbnail\" alt=\"\" \/><\/a>\n\t\t\t<\/dt><\/dl><dl class='gallery-item'>\n\t\t\t<dt class='gallery-icon portrait'>\n\t\t\t\t<a href='https:\/\/info.sadowne.pl\/wp-content\/uploads\/2017\/11\/2017.11.18.9.jpg'><img loading=\"lazy\" decoding=\"async\" width=\"180\" height=\"130\" src=\"https:\/\/info.sadowne.pl\/wp-content\/uploads\/2017\/11\/2017.11.18.9-180x130.jpg\" class=\"attachment-thumbnail size-thumbnail\" alt=\"\" \/><\/a>\n\t\t\t<\/dt><\/dl><br style=\"clear: both\" \/><dl class='gallery-item'>\n\t\t\t<dt class='gallery-icon portrait'>\n\t\t\t\t<a href='https:\/\/info.sadowne.pl\/wp-content\/uploads\/2017\/11\/2017.11.18.10.jpg'><img loading=\"lazy\" decoding=\"async\" width=\"180\" height=\"130\" src=\"https:\/\/info.sadowne.pl\/wp-content\/uploads\/2017\/11\/2017.11.18.10-180x130.jpg\" class=\"attachment-thumbnail size-thumbnail\" alt=\"\" \/><\/a>\n\t\t\t<\/dt><\/dl>\n\t\t\t<br style='clear: both' \/>\n\t\t<\/div>\n\n<p><strong>Tekst:<\/strong> S\u0142awek Chyli\u0144ski<\/p>\n<p><strong>Foto:<\/strong> Technikum \u017bywienia i Us\u0142ug Gastronomicznych w Sadownem<\/p>\n<p><strong>\u0179r\u00f3d\u0142o:<\/strong> <a href=\"https:\/\/www.facebook.com\/Technikum-%C5%BBywienia-i-Us%C5%82ug-Gastronomicznych-w-Sadownem-243959705762262\/\" target=\"_blank\" rel=\"noopener noreferrer\">https:\/\/www.facebook.com\/Technikum-%C5%BBywienia-i-Us%C5%82ug-Gastronomicznych-w-Sadownem-243959705762262\/<\/a><\/p>\n","protected":false},"excerpt":{"rendered":"<p>Je\u015bli kto\u015b nie orientuje si\u0119 w sytuacji, to wyja\u015bniamy: w dniach 17 \u2013 18 listopada w Zamku Kliczk\u00f3w na Dolnym \u015al\u0105sku odbywa si\u0119 Konkurs gastronomiczny zaliczany do Kulinarnego Pucharu Polski.<\/p>\n","protected":false},"author":1,"featured_media":0,"comment_status":"closed","ping_status":"closed","sticky":false,"template":"","format":"standard","meta":{"footnotes":""},"categories":[5,1752,85],"tags":[2598,2629,1096,2599,254],"class_list":["post-17263","post","type-post","status-publish","format-standard","hentry","category-newsy","category-edukacja","category-zsp","tag-julita-pyzlak","tag-konkurs-kulinarny-ale-pasztet-w-zamku-kliczkow","tag-maria-dobies","tag-szymon-jadczuk","tag-technikum-zywienia-i-uslug-gastronomicznych-w-sadownem"],"views":3232,"_links":{"self":[{"href":"https:\/\/info.sadowne.pl\/index.php?rest_route=\/wp\/v2\/posts\/17263","targetHints":{"allow":["GET"]}}],"collection":[{"href":"https:\/\/info.sadowne.pl\/index.php?rest_route=\/wp\/v2\/posts"}],"about":[{"href":"https:\/\/info.sadowne.pl\/index.php?rest_route=\/wp\/v2\/types\/post"}],"author":[{"embeddable":true,"href":"https:\/\/info.sadowne.pl\/index.php?rest_route=\/wp\/v2\/users\/1"}],"replies":[{"embeddable":true,"href":"https:\/\/info.sadowne.pl\/index.php?rest_route=%2Fwp%2Fv2%2Fcomments&post=17263"}],"version-history":[{"count":5,"href":"https:\/\/info.sadowne.pl\/index.php?rest_route=\/wp\/v2\/posts\/17263\/revisions"}],"predecessor-version":[{"id":17289,"href":"https:\/\/info.sadowne.pl\/index.php?rest_route=\/wp\/v2\/posts\/17263\/revisions\/17289"}],"wp:attachment":[{"href":"https:\/\/info.sadowne.pl\/index.php?rest_route=%2Fwp%2Fv2%2Fmedia&parent=17263"}],"wp:term":[{"taxonomy":"category","embeddable":true,"href":"https:\/\/info.sadowne.pl\/index.php?rest_route=%2Fwp%2Fv2%2Fcategories&post=17263"},{"taxonomy":"post_tag","embeddable":true,"href":"https:\/\/info.sadowne.pl\/index.php?rest_route=%2Fwp%2Fv2%2Ftags&post=17263"}],"curies":[{"name":"wp","href":"https:\/\/api.w.org\/{rel}","templated":true}]}}