{"id":17297,"date":"2017-11-22T00:40:32","date_gmt":"2017-11-21T23:40:32","guid":{"rendered":"http:\/\/info.sadowne.pl\/?p=17297"},"modified":"2017-11-22T14:06:47","modified_gmt":"2017-11-22T13:06:47","slug":"ociete-rozbrzmialo-agroturystyka","status":"publish","type":"post","link":"https:\/\/info.sadowne.pl\/?p=17297","title":{"rendered":"Oci\u0119te rozbrzmia\u0142o agroturystyk\u0105!"},"content":{"rendered":"<p><strong><img loading=\"lazy\" decoding=\"async\" class=\"alignleft size-thumbnail wp-image-17298\" src=\"http:\/\/info.sadowne.pl\/wp-content\/uploads\/2017\/11\/2017.11.22.1-180x130.jpg\" alt=\"\" width=\"180\" height=\"130\" \/>21 listopada na teren Gminy Sadowne zawitali cz\u0142onkowie Mazowiecko \u2013 Podlaskiego Stowarzyszenia Agroturystycznego.<\/strong><!--more--><\/p>\n<p>Stowarzyszenie jesieni\u0105 ka\u017cdego roku podsumowuje sezon turystyczny, organizuj\u0105c dla swoich cz\u0142onk\u00f3w wycieczk\u0119 krajoznawcz\u0105, kt\u00f3ra ko\u0144czy si\u0119 uroczystym spotkaniem w miejscowo\u015bci, w kt\u00f3rej zamieszkuje jeden z jego cz\u0142onk\u00f3w. Tym razem celem ich podr\u00f3\u017cy by\u0142o Oci\u0119te, gdzie swoje gospodarstwo agroturystyczne \u201ePrzy lesie\u201d prowadz\u0105 Pa\u0144stwo Iwona i Piotr Olkowscy. Pan Piotr jest r\u00f3wnie\u017c skarbnikiem tego Stowarzyszenia.<\/p>\n<p>Cz\u0142onkowie Stowarzyszenia po drodze zwiedzili tak\u017ce Muzeum Ziemi Sadowie\u0144skiej, a w Gminnym O\u015brodku Kultury obejrzeli eksponaty Izby Etnograficznej oraz spr\u00f3bowali swoich si\u0142 w Pracowni Garncarstwa.<\/p>\n<p>Niespodzianka czeka\u0142a jednak na nich w \u015bwietlicy wiejskiej w Oci\u0119tem. Tu gospodarze oraz p. Pu\u015bcionowie, prowadz\u0105cy r\u00f3wnie\u017c agroturystyk\u0119 w Sadownem przy ul. \u0141ochowskiej, stan\u0119li na wysoko\u015bci zadania i opr\u00f3cz kolacji z suto zastawionymi sto\u0142ami, na kt\u00f3rych kr\u00f3lowa\u0142y swojskie, tradycyjne wyroby, czeka\u0142 na wszystkich wyst\u0119p Zespo\u0142u \u015apiewaczego \u201eSadowianki\u201d. Tym razem Zesp\u00f3\u0142 przygotowa\u0142 i zaprezentowa\u0142 inscenizacj\u0119 kolejnej tradycji wiejskiej \u2013 kiszenia kapusty.<\/p>\n<p>Weso\u0142e scenki, \u015bpiew i muzyka ludowa, wprawi\u0142y wszystkich w dobry nastr\u00f3j, a spotkanie przerodzi\u0142o si\u0119 we wsp\u00f3ln\u0105 zabaw\u0119 na parkiecie, kt\u00f3ra nie mia\u0142aby ko\u0144ca, gdyby nie konieczno\u015b\u0107 powrotu do swoich domostw.<\/p>\n<p>Spotkanie nale\u017cy uzna\u0107 za udane, o czym zapewniali jego uczestnicy, deklaruj\u0105c powr\u00f3t w tak przyjazne i go\u015bcinne strony, jakimi jest Gmina Sadowne.<\/p>\n<p><span style=\"color: #0000ff;\"><a style=\"color: #0000ff;\" href=\"https:\/\/photos.google.com\/share\/AF1QipM2DdBWbkOF0BnlkE12-z3qKS8_tPiM-G6EQWF0NqK2CFVlGSy07WxqZtlOB6TYPA?key=czRmSDB2aWRxMFl2eDRnS1NsTWRMYUlHRW04TEJR\" target=\"_blank\" rel=\"noopener noreferrer\"><strong>Zdj\u0119cia w galerii Google&gt;&gt;&gt;<\/strong><\/a><\/span><\/p>\n<p><span style=\"color: #0000ff;\"><a style=\"color: #0000ff;\" href=\"https:\/\/youtu.be\/DB86RXUkX0M\" target=\"_blank\" rel=\"noopener noreferrer\"><strong>Zobacz te\u017c film&gt;&gt;&gt;<\/strong><\/a><\/span><\/p>\n<p><strong>Tekst\/foto:<\/strong> S\u0142awek Chyli\u0144ski<\/p>\n","protected":false},"excerpt":{"rendered":"<p>21 listopada na teren Gminy Sadowne zawitali cz\u0142onkowie Mazowiecko \u2013 Podlaskiego Stowarzyszenia Agroturystycznego.<\/p>\n","protected":false},"author":1,"featured_media":0,"comment_status":"closed","ping_status":"closed","sticky":false,"template":"","format":"standard","meta":{"footnotes":""},"categories":[5,41],"tags":[2634,180,1119,2635],"class_list":["post-17297","post","type-post","status-publish","format-standard","hentry","category-newsy","category-wiesci-gminne","tag-mazowiecko-podlaskie-stowarzyszenie-agroturystyczne","tag-ociete","tag-piotr-olkowski","tag-podsumowanie-roku-turystycznego"],"views":4224,"_links":{"self":[{"href":"https:\/\/info.sadowne.pl\/index.php?rest_route=\/wp\/v2\/posts\/17297","targetHints":{"allow":["GET"]}}],"collection":[{"href":"https:\/\/info.sadowne.pl\/index.php?rest_route=\/wp\/v2\/posts"}],"about":[{"href":"https:\/\/info.sadowne.pl\/index.php?rest_route=\/wp\/v2\/types\/post"}],"author":[{"embeddable":true,"href":"https:\/\/info.sadowne.pl\/index.php?rest_route=\/wp\/v2\/users\/1"}],"replies":[{"embeddable":true,"href":"https:\/\/info.sadowne.pl\/index.php?rest_route=%2Fwp%2Fv2%2Fcomments&post=17297"}],"version-history":[{"count":2,"href":"https:\/\/info.sadowne.pl\/index.php?rest_route=\/wp\/v2\/posts\/17297\/revisions"}],"predecessor-version":[{"id":17300,"href":"https:\/\/info.sadowne.pl\/index.php?rest_route=\/wp\/v2\/posts\/17297\/revisions\/17300"}],"wp:attachment":[{"href":"https:\/\/info.sadowne.pl\/index.php?rest_route=%2Fwp%2Fv2%2Fmedia&parent=17297"}],"wp:term":[{"taxonomy":"category","embeddable":true,"href":"https:\/\/info.sadowne.pl\/index.php?rest_route=%2Fwp%2Fv2%2Fcategories&post=17297"},{"taxonomy":"post_tag","embeddable":true,"href":"https:\/\/info.sadowne.pl\/index.php?rest_route=%2Fwp%2Fv2%2Ftags&post=17297"}],"curies":[{"name":"wp","href":"https:\/\/api.w.org\/{rel}","templated":true}]}}