{"id":1732,"date":"2013-04-16T18:25:54","date_gmt":"2013-04-16T16:25:54","guid":{"rendered":"http:\/\/www.infosadowne.boo.pl\/?p=1732"},"modified":"2013-04-16T18:25:54","modified_gmt":"2013-04-16T16:25:54","slug":"sadowne-10-lat-po-odzyskaniu-niepodleglosci-czesc-ii","status":"publish","type":"post","link":"https:\/\/info.sadowne.pl\/?p=1732","title":{"rendered":"Sadowne 10 lat po odzyskaniu niepodleg\u0142o\u015bci &#8211; cz\u0119\u015b\u0107 II"},"content":{"rendered":"<p style=\"text-align: justify;\"><strong><img loading=\"lazy\" decoding=\"async\" class=\"alignleft size-thumbnail wp-image-882\" alt=\"genealogia\" src=\"http:\/\/www.info.sadowne.pl\/wp-content\/uploads\/2013\/01\/genealogia-150x150.jpg\" width=\"150\" height=\"150\" \/>W poprzednim artykule o mieszka\u0144cach gminy Sadowne w 1929 roku zapowiedzia\u0142em o pojawieniu si\u0119 cz\u0119\u015bci ko\u0144cz\u0105cej ten temat. I rzeczywi\u015bcie, dzi\u015b ukazuje si\u0119 uzupe\u0142nienie. Dlaczego tak d\u0142ugo? Ju\u017c wyja\u015bniam &#8211; min\u0119\u0142o od 1929 roku prawie 85 lat.<!--more--><\/strong><\/p>\n<p style=\"text-align: justify;\">W mi\u0119dzyczasie by\u0142y kilkakrotne zmiany administracyjne, jedne miejscowo\u015bci ubywa\u0142y, a drugie przybywa\u0142y do gminy. Jednym s\u0142owem benedykty\u0144ska praca.<\/p>\n<p style=\"text-align: justify;\"><a href=\"http:\/\/www.info.sadowne.pl\/wp-content\/uploads\/2013\/04\/ksiegaadresowa.jpg\" target=\"_blank\"><b><img loading=\"lazy\" decoding=\"async\" class=\"alignright size-medium wp-image-1733\" alt=\"ksiegaadresowa\" src=\"http:\/\/www.info.sadowne.pl\/wp-content\/uploads\/2013\/04\/ksiegaadresowa-208x300.jpg\" width=\"208\" height=\"300\" srcset=\"https:\/\/info.sadowne.pl\/wp-content\/uploads\/2013\/04\/ksiegaadresowa-208x300.jpg 208w, https:\/\/info.sadowne.pl\/wp-content\/uploads\/2013\/04\/ksiegaadresowa.jpg 400w\" sizes=\"auto, (max-width: 208px) 100vw, 208px\" \/><\/b><\/a><b>MORZYCZYN<\/b><\/p>\n<p style=\"text-align: justify;\">Gmina Prosty\u0144 &#8211; 1037 mieszka\u0144c\u00f3w.<\/p>\n<ul style=\"text-align: justify;\">\n<li><b><i>W\u0142a\u015bciciele ziemscy &#8211;<\/i> <\/b>Kowalska Stan<b>.<\/b><\/li>\n<li><b><i>Mas\u0142o \u2013 wyr\u00f3b \u2013 <\/i><\/b>D\u0119bonicz J. \u2013 K\u0142osi\u0144ski J. \u2013 Rotbard F.<b><i><\/i><\/b><\/li>\n<li><b><i>Mleczarskie zak\u0142ady &#8211;<\/i><\/b> Sp\u00f3\u0142dzielnia mleczarska.<b><i><\/i><\/b><\/li>\n<li><b><i>Nierogacizna \u2013<\/i><\/b> <b><i>handel \u2013<\/i><\/b> Gr\u0105dzki A.<\/li>\n<\/ul>\n<p style=\"text-align: justify;\"><strong>MROZOWA WOLA<\/strong><\/p>\n<p style=\"text-align: justify;\">Gmina Stoczek \u2013 554 mieszka\u0144c\u00f3w.<\/p>\n<ul style=\"text-align: justify;\">\n<li><b><i>W\u0142a\u015bciciele ziemscy &#8211; <\/i><\/b>Kurnatowska hr. El\u017cbieta<\/li>\n<li><b><i>Spo\u017cywcze artyku\u0142y \u2013 <\/i><\/b>Rylko A. \u2013 Trojan F.<\/li>\n<\/ul>\n<p style=\"text-align: justify;\"><b>P\u0141ATKOWNICA<i> <\/i><\/b><\/p>\n<p style=\"text-align: justify;\">Gmina Sadowne \u2013 572 mieszka\u0144c\u00f3w.<\/p>\n<ul style=\"text-align: justify;\">\n<li><b><i>Cie\u015ble \u2013 <\/i><\/b>Hibke.<\/li>\n<li><b><i>Kolodzieje \u2013<\/i><\/b> Szmidtke.<\/li>\n<li><b><i>M\u0142yny \u2013<\/i><\/b> Peters R. i Bajer J.<\/li>\n<li><b><i>Szewcy &#8211; <\/i><\/b>Frejchejt H. <b><i>\u00a0<\/i><\/b><\/li>\n<\/ul>\n<p style=\"text-align: justify;\"><b><i>\u00a0<\/i><\/b><\/p>\n<p style=\"text-align: justify;\">Opracowa\u0142: W.O.<\/p>\n","protected":false},"excerpt":{"rendered":"<p>W poprzednim artykule o mieszka\u0144cach gminy Sadowne w 1929 roku zapowiedzia\u0142em o pojawieniu si\u0119 cz\u0119\u015bci ko\u0144cz\u0105cej ten temat. I rzeczywi\u015bcie, dzi\u015b ukazuje si\u0119 uzupe\u0142nienie. Dlaczego tak d\u0142ugo? Ju\u017c wyja\u015bniam &#8211; min\u0119\u0142o od 1929 roku prawie 85 lat.<\/p>\n","protected":false},"author":1,"featured_media":0,"comment_status":"open","ping_status":"open","sticky":false,"template":"","format":"standard","meta":{"footnotes":""},"categories":[5,31],"tags":[101,25],"class_list":["post-1732","post","type-post","status-publish","format-standard","hentry","category-newsy","category-historia-gminy","tag-historia-gminy-sadowne","tag-sadowne"],"views":3206,"_links":{"self":[{"href":"https:\/\/info.sadowne.pl\/index.php?rest_route=\/wp\/v2\/posts\/1732","targetHints":{"allow":["GET"]}}],"collection":[{"href":"https:\/\/info.sadowne.pl\/index.php?rest_route=\/wp\/v2\/posts"}],"about":[{"href":"https:\/\/info.sadowne.pl\/index.php?rest_route=\/wp\/v2\/types\/post"}],"author":[{"embeddable":true,"href":"https:\/\/info.sadowne.pl\/index.php?rest_route=\/wp\/v2\/users\/1"}],"replies":[{"embeddable":true,"href":"https:\/\/info.sadowne.pl\/index.php?rest_route=%2Fwp%2Fv2%2Fcomments&post=1732"}],"version-history":[{"count":3,"href":"https:\/\/info.sadowne.pl\/index.php?rest_route=\/wp\/v2\/posts\/1732\/revisions"}],"predecessor-version":[{"id":1736,"href":"https:\/\/info.sadowne.pl\/index.php?rest_route=\/wp\/v2\/posts\/1732\/revisions\/1736"}],"wp:attachment":[{"href":"https:\/\/info.sadowne.pl\/index.php?rest_route=%2Fwp%2Fv2%2Fmedia&parent=1732"}],"wp:term":[{"taxonomy":"category","embeddable":true,"href":"https:\/\/info.sadowne.pl\/index.php?rest_route=%2Fwp%2Fv2%2Fcategories&post=1732"},{"taxonomy":"post_tag","embeddable":true,"href":"https:\/\/info.sadowne.pl\/index.php?rest_route=%2Fwp%2Fv2%2Ftags&post=1732"}],"curies":[{"name":"wp","href":"https:\/\/api.w.org\/{rel}","templated":true}]}}