{"id":17428,"date":"2017-12-07T13:45:36","date_gmt":"2017-12-07T12:45:36","guid":{"rendered":"http:\/\/info.sadowne.pl\/?p=17428"},"modified":"2017-12-07T13:45:36","modified_gmt":"2017-12-07T12:45:36","slug":"mikolajkowe-czytanie-w-klasie-i-b","status":"publish","type":"post","link":"https:\/\/info.sadowne.pl\/?p=17428","title":{"rendered":"Miko\u0142ajkowe czytanie w klasie I b"},"content":{"rendered":"<p><strong><img loading=\"lazy\" decoding=\"async\" class=\"alignleft size-thumbnail wp-image-17429\" src=\"http:\/\/info.sadowne.pl\/wp-content\/uploads\/2017\/12\/2017.12.07.11-180x130.jpg\" alt=\"\" width=\"180\" height=\"130\" \/>Jak co roku 6 grudnia obchodzimy wspania\u0142y dzie\u0144<\/strong> <strong>MIKO\u0141AJKI<\/strong>.<!--more--><\/p>\n<p>Z tej okazji od samego rana wszyscy uczniowie Szko\u0142y Podstawowej w Sadownem dopytywali, czy na pewno Miko\u0142aj o nich b\u0119dzie pami\u0119ta\u0142.<\/p>\n<p>W klasie I b od kilku dni uczniowie przygotowywali si\u0119 na powitanie <strong>Go\u015bcia<\/strong>. Pomalowali jak naj\u0142adniej potrafili kolorowanki z Miko\u0142ajem na gazetk\u0119 i gwiazdki na choink\u0119, kt\u00f3r\u0105 potem udekorowali i zawiesili \u015bwiecide\u0142ka. Ola przynios\u0142a dekoracje na okna. W klasie zapanowa\u0142 nastr\u00f3j \u015bwi\u0105teczny r\u00f3wnie\u017c dzi\u0119ki pachn\u0105cym i pysznym pierniczkom, kt\u00f3re upiek\u0142a mama Amelki.<\/p>\n<p>Wreszcie przyby\u0142 oczekiwany <strong>Miko\u0142aj<\/strong>, kt\u00f3ry ka\u017cdemu wr\u0119czy\u0142 wspania\u0142y prezent. Ch\u0142opcy b\u0119d\u0105 mogli konstruowa\u0107 i skr\u0119ca\u0107 wymarzone pojazdy, a dziewczynki projektowa\u0107 i wyrabia\u0107 wspania\u0142\u0105 bi\u017cuteri\u0119 i ozdoby. Ogromna bombka ozdobi\u0142a nasz\u0105 klasow\u0105 dekoracj\u0119.<\/p>\n<p>Ale to nie koniec niespodzianek \u2013 czekali\u015bmy jeszcze na <strong>MIKO\u0141AJKOWE CZYTANIE<\/strong>. Tego dnia odwiedzi\u0142a nasz\u0105 klas\u0119 Pani Paulina Tomasik, kt\u00f3ra przeczyta\u0142a opowiadanie z ksi\u0105\u017ceczki dla dzieci pt. <strong>\u201eMoje najwspanialsze \u015bwi\u0119ta\u201d. <\/strong>Dzieci s\u0142ucha\u0142y z ogromnym zainteresowaniem, a nast\u0119pnie ch\u0119tnie odpowiada\u0142y na pytania odno\u015bnie prze\u017cy\u0107 g\u0142\u00f3wnego bohatera, za co otrzyma\u0142y s\u0142odk\u0105 niespodziank\u0119.<\/p>\n<p>Pani Paulina zosta\u0142a zaproszona w ramach programu <strong>\u201eSpotkanie z lektur\u0105 i ciekaw\u0105 ksi\u0105\u017ck\u0105\u201d<\/strong>, kt\u00f3ry jest realizowany w klasie w ramach zaj\u0119\u0107 dodatkowych.<\/p>\n<p>Ten dzie\u0144 pe\u0142en niespodzianek zaliczy\u0142y dzieci za bardzo udany.<\/p>\n<p><span style=\"color: #0000ff;\"><a style=\"color: #0000ff;\" href=\"https:\/\/photos.google.com\/share\/AF1QipN28_ccoQCs0VRo_K3V9Q_WZtOtrNu6rBGuo6T9rWRo7us_myhocU0Y1ZyrMbwPsg?key=aEFNdUZrbGt5RVd4SzlJeDl6MFdwczh2X2tfbVBB\" target=\"_blank\" rel=\"noopener noreferrer\"><strong>Zdj\u0119cia w galerii Google&gt;&gt;&gt;<\/strong><\/a><\/span><\/p>\n<p><strong>Wychowawca<\/strong><\/p>\n<p><strong>Halina \u017bach<\/strong><\/p>\n","protected":false},"excerpt":{"rendered":"<p>Jak co roku 6 grudnia obchodzimy wspania\u0142y dzie\u0144 MIKO\u0141AJKI.<\/p>\n","protected":false},"author":1,"featured_media":0,"comment_status":"closed","ping_status":"closed","sticky":false,"template":"","format":"standard","meta":{"footnotes":""},"categories":[5,1752,84],"tags":[1836,2658,16],"class_list":["post-17428","post","type-post","status-publish","format-standard","hentry","category-newsy","category-edukacja","category-szkola-podstawowa-im-cz-wycecha","tag-halina-zach","tag-mikolajkowe-czytanie","tag-szkola-podstawowa-w-sadownem"],"views":2735,"_links":{"self":[{"href":"https:\/\/info.sadowne.pl\/index.php?rest_route=\/wp\/v2\/posts\/17428","targetHints":{"allow":["GET"]}}],"collection":[{"href":"https:\/\/info.sadowne.pl\/index.php?rest_route=\/wp\/v2\/posts"}],"about":[{"href":"https:\/\/info.sadowne.pl\/index.php?rest_route=\/wp\/v2\/types\/post"}],"author":[{"embeddable":true,"href":"https:\/\/info.sadowne.pl\/index.php?rest_route=\/wp\/v2\/users\/1"}],"replies":[{"embeddable":true,"href":"https:\/\/info.sadowne.pl\/index.php?rest_route=%2Fwp%2Fv2%2Fcomments&post=17428"}],"version-history":[{"count":1,"href":"https:\/\/info.sadowne.pl\/index.php?rest_route=\/wp\/v2\/posts\/17428\/revisions"}],"predecessor-version":[{"id":17430,"href":"https:\/\/info.sadowne.pl\/index.php?rest_route=\/wp\/v2\/posts\/17428\/revisions\/17430"}],"wp:attachment":[{"href":"https:\/\/info.sadowne.pl\/index.php?rest_route=%2Fwp%2Fv2%2Fmedia&parent=17428"}],"wp:term":[{"taxonomy":"category","embeddable":true,"href":"https:\/\/info.sadowne.pl\/index.php?rest_route=%2Fwp%2Fv2%2Fcategories&post=17428"},{"taxonomy":"post_tag","embeddable":true,"href":"https:\/\/info.sadowne.pl\/index.php?rest_route=%2Fwp%2Fv2%2Ftags&post=17428"}],"curies":[{"name":"wp","href":"https:\/\/api.w.org\/{rel}","templated":true}]}}