{"id":17465,"date":"2017-12-10T22:41:50","date_gmt":"2017-12-10T21:41:50","guid":{"rendered":"http:\/\/info.sadowne.pl\/?p=17465"},"modified":"2017-12-10T22:41:50","modified_gmt":"2017-12-10T21:41:50","slug":"puchar-polski-karate-kyokushin-zdobyty","status":"publish","type":"post","link":"https:\/\/info.sadowne.pl\/?p=17465","title":{"rendered":"Puchar Polski Karate Kyokushin zdobyty!"},"content":{"rendered":"<h4><a href=\"http:\/\/info.sadowne.pl\/wp-content\/uploads\/2017\/12\/2017.12.10.21.jpg\" target=\"_blank\" rel=\"noopener noreferrer\"><img loading=\"lazy\" decoding=\"async\" class=\"alignleft wp-image-17466 size-thumbnail\" src=\"http:\/\/info.sadowne.pl\/wp-content\/uploads\/2017\/12\/2017.12.10.21-180x130.jpg\" alt=\"\" width=\"180\" height=\"130\" \/><\/a>Rafa\u0142 Szul\u0119cki z Brokowskiego Klubu Karate Kyokushinkai zaj\u0105\u0142 pierwsze miejsce w Pucharze Polski Junior\u00f3w.<\/h4>\n<p><!--more--><\/p>\n<h4><strong>W dniu 9 grudnia 2017r. we Wroc\u0142awiu odby\u0142 si\u0119 XXXIV Puchar Polski Senior\u00f3w i XIV Puchar Polski Junior\u00f3w, Junior\u00f3w M\u0142odszych i M\u0142odzik\u00f3w.<\/strong><\/h4>\n<p>W tym presti\u017cowym, bardzo mocno obsadzonym turnieju wzi\u0119li r\u00f3wnie\u017c udzia\u0142 reprezentanci Brokowskiego Klubu Karate Kyokushinkai.<\/p>\n<p><strong>Sk\u0142ad reprezentacji BKKK:<\/strong><\/p>\n<ol>\n<li>Rafa\u0142 Szul\u0119cki \u2013 junior kat. \u2013 6o kg.<\/li>\n<li>Zofia Sobotka &#8211; junior m\u0142odszy kat. + 55 kg.<\/li>\n<\/ol>\n<p><a href=\"http:\/\/info.sadowne.pl\/wp-content\/uploads\/2017\/12\/2017.12.10.22.jpg\" target=\"_blank\" rel=\"noopener noreferrer\"><img loading=\"lazy\" decoding=\"async\" class=\"alignright wp-image-17467 size-thumbnail\" src=\"http:\/\/info.sadowne.pl\/wp-content\/uploads\/2017\/12\/2017.12.10.22-180x130.jpg\" alt=\"\" width=\"180\" height=\"130\" \/><\/a>Wspaniale zaprezentowa\u0142 si\u0119 we Wroc\u0142awiu nasz zawodnik Rafa\u0142 Szul\u0119cki. Ju\u017c pierwszy pojedynek pokaza\u0142, \u017ce Rafa\u0142 jest w wy\u015bmienitej formie i na pewno b\u0119dzie si\u0119 liczy\u0142 w tym turnieju. Zawodnik BKKK konsekwentnie realizowa\u0142 opracowan\u0105 taktyk\u0119 walki. Nie patrz\u0105c na tytu\u0142y swoich rywali z walki na walk\u0119 coraz bardziej przybli\u017ca\u0142 si\u0119 do fina\u0142u. Pe\u0142na kontrola walki, zachowanie dogodnego dystansu i powstrzymywanie atak\u00f3w przeciwnika skutecznymi technikami przynios\u0142o rado\u015b\u0107 i zwyci\u0119stwo.<\/p>\n<p><a href=\"http:\/\/info.sadowne.pl\/wp-content\/uploads\/2017\/12\/2017.12.10.23.jpg\" target=\"_blank\" rel=\"noopener noreferrer\"><img loading=\"lazy\" decoding=\"async\" class=\"alignleft wp-image-17468 size-thumbnail\" src=\"http:\/\/info.sadowne.pl\/wp-content\/uploads\/2017\/12\/2017.12.10.23-180x130.jpg\" alt=\"\" width=\"180\" height=\"130\" \/><\/a>Emocj\u0119 si\u0119gn\u0119\u0142y zenitu, gdy po fina\u0142owej walce wszyscy s\u0119dziowie jednog\u0142o\u015bnie wskazali na wygran\u0105 zawodnika z Broku.\u00a0 Rafa\u0142 ju\u017c niejednokrotnie da\u0142 nam powody do rado\u015bci, ale zwyci\u0119stwo w Pucharze Polski jest naprawd\u0119 wielki sukcesem i potwierdzeniem, \u017ce warto systematycznie trenowa\u0107 i nie mie\u0107 \u017cadnych kompleks\u00f3w na macie. Jest to dla nas ogromne wyr\u00f3\u017cnienie i sygna\u0142 potwierdzaj\u0105cy, \u017ce praca z m\u0142odzie\u017c\u0105 jest potrzebna, a przekazywane warto\u015bci jakie niesie za sob\u0105 uprawianie karate ma g\u0142\u0119boki sens.<\/p>\n<p><a href=\"http:\/\/info.sadowne.pl\/wp-content\/uploads\/2017\/12\/2017.12.10.24.jpg\" target=\"_blank\" rel=\"noopener noreferrer\"><img loading=\"lazy\" decoding=\"async\" class=\"alignright wp-image-17469 size-thumbnail\" src=\"http:\/\/info.sadowne.pl\/wp-content\/uploads\/2017\/12\/2017.12.10.24-180x130.jpg\" alt=\"\" width=\"180\" height=\"130\" \/><\/a>Bardzo dobrze zaprezentowa\u0142a si\u0119 Zosia Sobotka. Losowanie sprawi\u0142o, \u017ce w drugiej turze walk o wej\u015bcie do \u00f3semki Zosia trafi\u0142a, jak si\u0119 p\u00f3\u017aniej okaza\u0142o na tryumfatork\u0119 Pucharu Polski, zawodniczk\u0119 z Gliwic. Mimo du\u017cych stara\u0144 nie zdo\u0142a\u0142a pokona\u0107 swojej rywalki.<\/p>\n<p>W Pucharze Polski <a href=\"http:\/\/pfkk.pl\/xxxiv-puchar-polski-seniorow-i-xiv-puchar-polski-juniorow-juniorow-mlodszych-i-mlodzikow-wroclaw-09-12-2017\/\">\u00a0<\/a>Senior\u00f3w i Pucharze Polski Junior\u00f3w, Junior\u00f3w M\u0142odszych i M\u0142odzik\u00f3w wystartowa\u0142o blisko 500 zawodnik\u00f3w z 95 klub\u00f3w z terenu ca\u0142ej Polski.<br \/>\nWyjazd do Wroc\u0142awia wspar\u0142y finansowo:<\/p>\n<ol>\n<li>Urz\u0105d Gminy w Broku<\/li>\n<li>Urz\u0105d Gminy w Ma\u0142kini<\/li>\n<\/ol>\n<p><strong>Zbigniew W\u00f3jcicki<\/strong><\/p>\n","protected":false},"excerpt":{"rendered":"<p>Rafa\u0142 Szul\u0119cki z Brokowskiego Klubu Karate Kyokushinkai zaj\u0105\u0142 pierwsze miejsce w Pucharze Polski Junior\u00f3w.<\/p>\n","protected":false},"author":1,"featured_media":0,"comment_status":"closed","ping_status":"closed","sticky":false,"template":"","format":"standard","meta":{"footnotes":""},"categories":[5,2029,7],"tags":[794,2337,2030,793],"class_list":["post-17465","post","type-post","status-publish","format-standard","hentry","category-newsy","category-karate","category-sport","tag-brokowski-klub-karate-kyokushinkai","tag-rafal-szulecki","tag-zbigniew-wojcicki","tag-zofia-sobotka"],"views":2718,"_links":{"self":[{"href":"https:\/\/info.sadowne.pl\/index.php?rest_route=\/wp\/v2\/posts\/17465","targetHints":{"allow":["GET"]}}],"collection":[{"href":"https:\/\/info.sadowne.pl\/index.php?rest_route=\/wp\/v2\/posts"}],"about":[{"href":"https:\/\/info.sadowne.pl\/index.php?rest_route=\/wp\/v2\/types\/post"}],"author":[{"embeddable":true,"href":"https:\/\/info.sadowne.pl\/index.php?rest_route=\/wp\/v2\/users\/1"}],"replies":[{"embeddable":true,"href":"https:\/\/info.sadowne.pl\/index.php?rest_route=%2Fwp%2Fv2%2Fcomments&post=17465"}],"version-history":[{"count":1,"href":"https:\/\/info.sadowne.pl\/index.php?rest_route=\/wp\/v2\/posts\/17465\/revisions"}],"predecessor-version":[{"id":17470,"href":"https:\/\/info.sadowne.pl\/index.php?rest_route=\/wp\/v2\/posts\/17465\/revisions\/17470"}],"wp:attachment":[{"href":"https:\/\/info.sadowne.pl\/index.php?rest_route=%2Fwp%2Fv2%2Fmedia&parent=17465"}],"wp:term":[{"taxonomy":"category","embeddable":true,"href":"https:\/\/info.sadowne.pl\/index.php?rest_route=%2Fwp%2Fv2%2Fcategories&post=17465"},{"taxonomy":"post_tag","embeddable":true,"href":"https:\/\/info.sadowne.pl\/index.php?rest_route=%2Fwp%2Fv2%2Ftags&post=17465"}],"curies":[{"name":"wp","href":"https:\/\/api.w.org\/{rel}","templated":true}]}}