{"id":17538,"date":"2017-12-14T18:11:39","date_gmt":"2017-12-14T17:11:39","guid":{"rendered":"http:\/\/info.sadowne.pl\/?p=17538"},"modified":"2017-12-14T18:11:39","modified_gmt":"2017-12-14T17:11:39","slug":"ida-ida-swieta","status":"publish","type":"post","link":"https:\/\/info.sadowne.pl\/?p=17538","title":{"rendered":"Id\u0105, id\u0105 \u015bwi\u0119ta\u2026"},"content":{"rendered":"<p><strong><img loading=\"lazy\" decoding=\"async\" class=\"alignleft size-thumbnail wp-image-17539\" src=\"http:\/\/info.sadowne.pl\/wp-content\/uploads\/2017\/12\/2017.12.14.1-180x130.jpg\" alt=\"\" width=\"180\" height=\"130\" \/>Tradycja i \u015awi\u0119ta Bo\u017cego Narodzenia s\u0105 nieod\u0142\u0105czne. O zbli\u017caj\u0105cych si\u0119 \u015awi\u0119tach zg\u0142\u0119bia\u0142y wiedz\u0119 sadowie\u0144skie przedszkolaki, a siedziba Przedszkola przybra\u0142a od\u015bwi\u0119tny wystr\u00f3j.<\/strong><!--more--><\/p>\n<p>Na 14 grudnia Przedszkole w Sadownem zaplanowa\u0142o przeprowadzenie zaj\u0119\u0107 otwartych, podczas kt\u00f3rych pierwsza grupa maluch\u00f3w poznawa\u0142a tradycyjne elementy \u015awi\u0105t Bo\u017cego Narodzenia. W temat i nastr\u00f3j \u015bwi\u0105teczny wprowadzi\u0142a uczestnik\u00f3w zaj\u0119\u0107 p. Agata S\u0119dek \u2013 Dyrektor Przedszkola, prezentuj\u0105c ju\u017c na pocz\u0105tku pewn\u0105 niespodziank\u0119 \u2013 choink\u0119 z balonikow\u0105 zgadywank\u0105.<\/p>\n<p>Podczas spotkania nie zapomniano te\u017c o pierwszej gwiazdce, saniach z reniferami i Miko\u0142ajem, wystroju \u015bwi\u0105tecznej choinki, prezentach, op\u0142atku i \u017cyczeniach dla najbli\u017cszych. Zadowolenia by\u0142o co nie miara, a przedszkolaki z ochot\u0105 anga\u017cowa\u0142y si\u0119 w przebieg zaj\u0119\u0107, kt\u00f3rym bacznie przygl\u0105dali si\u0119 rodzice.<\/p>\n<p>By\u0142a te\u017c wsp\u00f3lna zabawa na dywanie, a tak\u017ce wsp\u00f3lne przyozdabianie smakowitych pierniczk\u00f3w, kt\u00f3re natychmiast poddawane by\u0142y degustacji.<\/p>\n<p>A ju\u017c jutro kolejna grupa naszych maluch\u00f3w b\u0119dzie mia\u0142a okazj\u0119 zg\u0142\u0119bi\u0107 wiedz\u0119 o nadchodz\u0105cych \u015awi\u0119tach.<\/p>\n<p><span style=\"color: #0000ff;\"><a style=\"color: #0000ff;\" href=\"https:\/\/photos.google.com\/share\/AF1QipNzBeNx12qcpXfvT0nj9jxCpAtpRr7NX8KBxosf5LvsfDOxcbl4JzlAspxhxXAlGA?key=ZXZrQVhWZVNNWUZBNXRQU0l3a01qSTRGZHhaeG93\" target=\"_blank\" rel=\"noopener noreferrer\"><strong>Zdj\u0119cia w galerii Google&gt;&gt;&gt;<\/strong><\/a><\/span><\/p>\n<p><strong>Tekst\/foto:<\/strong> S\u0142awek Chyli\u0144ski<\/p>\n","protected":false},"excerpt":{"rendered":"<p>Tradycja i \u015awi\u0119ta Bo\u017cego Narodzenia s\u0105 nieod\u0142\u0105czne. O zbli\u017caj\u0105cych si\u0119 \u015awi\u0119tach zg\u0142\u0119bia\u0142y wiedz\u0119 sadowie\u0144skie przedszkolaki, a siedziba Przedszkola przybra\u0142a od\u015bwi\u0119tny wystr\u00f3j.<\/p>\n","protected":false},"author":1,"featured_media":0,"comment_status":"closed","ping_status":"closed","sticky":false,"template":"","format":"standard","meta":{"footnotes":""},"categories":[5,1752,561],"tags":[2667,1723,2286,2668],"class_list":["post-17538","post","type-post","status-publish","format-standard","hentry","category-newsy","category-edukacja","category-przedszkole-w-sadownem","tag-agata-sedek","tag-boze-narodzenie","tag-przedszkole-w-sadownem","tag-zajecia-otwarte-w-przedszkolu-w-sadownem"],"views":3204,"_links":{"self":[{"href":"https:\/\/info.sadowne.pl\/index.php?rest_route=\/wp\/v2\/posts\/17538","targetHints":{"allow":["GET"]}}],"collection":[{"href":"https:\/\/info.sadowne.pl\/index.php?rest_route=\/wp\/v2\/posts"}],"about":[{"href":"https:\/\/info.sadowne.pl\/index.php?rest_route=\/wp\/v2\/types\/post"}],"author":[{"embeddable":true,"href":"https:\/\/info.sadowne.pl\/index.php?rest_route=\/wp\/v2\/users\/1"}],"replies":[{"embeddable":true,"href":"https:\/\/info.sadowne.pl\/index.php?rest_route=%2Fwp%2Fv2%2Fcomments&post=17538"}],"version-history":[{"count":1,"href":"https:\/\/info.sadowne.pl\/index.php?rest_route=\/wp\/v2\/posts\/17538\/revisions"}],"predecessor-version":[{"id":17540,"href":"https:\/\/info.sadowne.pl\/index.php?rest_route=\/wp\/v2\/posts\/17538\/revisions\/17540"}],"wp:attachment":[{"href":"https:\/\/info.sadowne.pl\/index.php?rest_route=%2Fwp%2Fv2%2Fmedia&parent=17538"}],"wp:term":[{"taxonomy":"category","embeddable":true,"href":"https:\/\/info.sadowne.pl\/index.php?rest_route=%2Fwp%2Fv2%2Fcategories&post=17538"},{"taxonomy":"post_tag","embeddable":true,"href":"https:\/\/info.sadowne.pl\/index.php?rest_route=%2Fwp%2Fv2%2Ftags&post=17538"}],"curies":[{"name":"wp","href":"https:\/\/api.w.org\/{rel}","templated":true}]}}