{"id":17548,"date":"2017-12-15T15:59:37","date_gmt":"2017-12-15T14:59:37","guid":{"rendered":"http:\/\/info.sadowne.pl\/?p=17548"},"modified":"2017-12-15T15:59:37","modified_gmt":"2017-12-15T14:59:37","slug":"swieta-u-starszakow","status":"publish","type":"post","link":"https:\/\/info.sadowne.pl\/?p=17548","title":{"rendered":"\u015awi\u0119ta u starszak\u00f3w"},"content":{"rendered":"<p><strong><img loading=\"lazy\" decoding=\"async\" class=\"alignleft size-thumbnail wp-image-17549\" src=\"http:\/\/info.sadowne.pl\/wp-content\/uploads\/2017\/12\/2017.12.15.1-180x130.jpg\" alt=\"\" width=\"180\" height=\"130\" \/>Tym razem zaj\u0119cia otwarte w sadowie\u0144skim Przedszkolu odby\u0142y si\u0119 z udzia\u0142em grupy starszak\u00f3w.<\/strong><!--more--><\/p>\n<p>15 grudnia swoje pociechy podczas zaj\u0119\u0107 mieli okazj\u0119 obejrze\u0107 rodzice drugiej, starszej grupy przedszkolak\u00f3w. Podobnie jak dzie\u0144 wcze\u015bniej, by\u0142y to zaj\u0119cia zwi\u0105zane z tradycjami \u015awi\u0105t Bo\u017cego Narodzenia.<\/p>\n<p>Dzieciaki, wsp\u00f3lnie z Paniami Wychowawczyniami, przypomnia\u0142y wszystkie tradycyjne elementy \u015awi\u0105t, wsp\u00f3lnie ubra\u0142y choink\u0119, na kt\u00f3rej rozb\u0142ys\u0142y \u015bwiate\u0142ka, a tak\u017ce podzieli\u0142y si\u0119 op\u0142atkiem ze swoimi mamami. Kr\u00f3tka wsp\u00f3lna zabawa i dalej do zaj\u0119\u0107 \u015bwi\u0105tecznych. A tu nauka wykonywania ciekawych ozd\u00f3b choinkowych i\u2026 ju\u017c prawie \u015awi\u0119ta.<\/p>\n<p><span style=\"color: #0000ff;\"><a style=\"color: #0000ff;\" href=\"https:\/\/photos.google.com\/share\/AF1QipNcatbbuBVpoMKSjSKs3Phw2ANgp8mtv3HkkH7nDfTVx8tU4gtHRx2J8AJz_PZ4XQ?key=Q25sMDVHd2J4NGM1QkRyY2RKVWgzMWZabzhjUjh3\" target=\"_blank\" rel=\"noopener noreferrer\"><strong>Zdj\u0119cia w galerii Google&gt;&gt;&gt;<\/strong><\/a><\/span><\/p>\n<p><strong>Tekst\/foto:<\/strong> S\u0142awek Chyli\u0144ski<\/p>\n","protected":false},"excerpt":{"rendered":"<p>Tym razem zaj\u0119cia otwarte w sadowie\u0144skim Przedszkolu odby\u0142y si\u0119 z udzia\u0142em grupy starszak\u00f3w.<\/p>\n","protected":false},"author":1,"featured_media":0,"comment_status":"closed","ping_status":"closed","sticky":false,"template":"","format":"standard","meta":{"footnotes":""},"categories":[5,1752,561],"tags":[1723,2286,2668],"class_list":["post-17548","post","type-post","status-publish","format-standard","hentry","category-newsy","category-edukacja","category-przedszkole-w-sadownem","tag-boze-narodzenie","tag-przedszkole-w-sadownem","tag-zajecia-otwarte-w-przedszkolu-w-sadownem"],"views":3258,"_links":{"self":[{"href":"https:\/\/info.sadowne.pl\/index.php?rest_route=\/wp\/v2\/posts\/17548","targetHints":{"allow":["GET"]}}],"collection":[{"href":"https:\/\/info.sadowne.pl\/index.php?rest_route=\/wp\/v2\/posts"}],"about":[{"href":"https:\/\/info.sadowne.pl\/index.php?rest_route=\/wp\/v2\/types\/post"}],"author":[{"embeddable":true,"href":"https:\/\/info.sadowne.pl\/index.php?rest_route=\/wp\/v2\/users\/1"}],"replies":[{"embeddable":true,"href":"https:\/\/info.sadowne.pl\/index.php?rest_route=%2Fwp%2Fv2%2Fcomments&post=17548"}],"version-history":[{"count":1,"href":"https:\/\/info.sadowne.pl\/index.php?rest_route=\/wp\/v2\/posts\/17548\/revisions"}],"predecessor-version":[{"id":17550,"href":"https:\/\/info.sadowne.pl\/index.php?rest_route=\/wp\/v2\/posts\/17548\/revisions\/17550"}],"wp:attachment":[{"href":"https:\/\/info.sadowne.pl\/index.php?rest_route=%2Fwp%2Fv2%2Fmedia&parent=17548"}],"wp:term":[{"taxonomy":"category","embeddable":true,"href":"https:\/\/info.sadowne.pl\/index.php?rest_route=%2Fwp%2Fv2%2Fcategories&post=17548"},{"taxonomy":"post_tag","embeddable":true,"href":"https:\/\/info.sadowne.pl\/index.php?rest_route=%2Fwp%2Fv2%2Ftags&post=17548"}],"curies":[{"name":"wp","href":"https:\/\/api.w.org\/{rel}","templated":true}]}}