{"id":17629,"date":"2017-12-29T17:35:01","date_gmt":"2017-12-29T16:35:01","guid":{"rendered":"http:\/\/info.sadowne.pl\/?p=17629"},"modified":"2017-12-29T17:35:01","modified_gmt":"2017-12-29T16:35:01","slug":"5-minut-o-9","status":"publish","type":"post","link":"https:\/\/info.sadowne.pl\/?p=17629","title":{"rendered":"5 minut o\u2026"},"content":{"rendered":"<p><strong><img loading=\"lazy\" decoding=\"async\" class=\"alignleft size-thumbnail wp-image-16974\" src=\"http:\/\/info.sadowne.pl\/wp-content\/uploads\/2017\/10\/wojt2-180x130.jpg\" alt=\"\" width=\"180\" height=\"130\" \/>\u2026mijaj\u0105cym roku 2017.<\/strong><!--more--><\/p>\n<p><strong>Szanowni Mieszka\u0144cy, Czytelnicy Info Sadowne!<\/strong><\/p>\n<p>Dobiega do ko\u0144ca kolejny rok \u2013 rok 2017. Wszyscy pami\u0119tamy, gdy witali\u015bmy go na zabawach, spotkaniach na prze\u0142omie 2016\/2017 r. Wydaje si\u0119, \u017ce to by\u0142o tak niedawno, jakby wczoraj, a tak naprawd\u0119 min\u0119\u0142o kolejne 12 miesi\u0119cy w naszym \u017cyciu prywatnym, zawodowym, sp\u0119dzone w domu, szkole, na ulicy, wsp\u00f3lnych spotkaniach, zabawach, ale i w pracy ka\u017cdy zgodnie ze swoim powo\u0142aniem i zgodnie z wykonywanym zawodem.<\/p>\n<p>Min\u0105\u0142 r\u00f3wnie\u017c kolejny rok mojej pracy dla Pa\u0144stwa i pi\u0119knej Gminy Sadowne, ci\u0119\u017ckiej, ale i wielce zaszczytnej i daj\u0105cej wiele satysfakcji. Za mn\u0105 wiele spotka\u0144, rozm\u00f3w z moimi mieszka\u0144cami, ale i z lud\u017ami, kt\u00f3rzy s\u0105 u nas przejazdem na d\u0142u\u017cej b\u0105d\u017a kr\u00f3cej. Spotka\u0144 i rozm\u00f3w, kt\u00f3re tocz\u0105 si\u0119 poza granicami naszej gminy, z lud\u017ami r\u00f3\u017cnego formatu, reprezentuj\u0105cych r\u00f3\u017cne pogl\u0105dy polityczne, spo\u0142eczne, religijne, czy og\u00f3lne opinie na temat \u017cycia w naszym kraju. Te rozmowy odnosz\u0119 do \u017cycia na \u201enaszym podw\u00f3rku\u201d do naszej Gminy, cz\u0119sto s\u0142ysz\u0119 jak pozytywnie zmienia si\u0119 nasza Gmina.<\/p>\n<p>Gmina Sadowne nie jest ju\u017c gmin\u0105 anonimow\u0105, ma\u0142o znana na Mazowszu.\u00a0 Jest to Gmina postrzegana jako lider w naszym regionie, kt\u00f3ra jest znana nie tylko z pi\u0119knej przyrody, ale i zmian na lepsze jakie zasz\u0142y w ostatnich latach w Sadownem, ale i so\u0142ectwach, kt\u00f3re wchodz\u0105 w sk\u0142ad ca\u0142ej gminy. Udowodnili\u015bmy, \u017ce umiemy si\u0119ga\u0107 po \u015brodki unijne \u2013 zewn\u0119trzne niezb\u0119dne do rozwoju naszej Ma\u0142ej Ojczyzny. A oto kilka przyk\u0142ad\u00f3w: budowa dr\u00f3g gminnych i powiatowych, \u015brodki na gospodark\u0119 wodno-\u015bciekow\u0105, doposa\u017cenie niezb\u0119dne dla Ochotniczej Stra\u017cy Po\u017carnej, budowa targowiska gminnego, czy odnowienie miejsc pami\u0119ci o naszych przodkach, kt\u00f3rzy oddali \u017cycie, aby Polska by\u0142a wolna i niepodleg\u0142a. To nie koniec\u2026 Piszemy kolejne wnioski, aplikujemy o kolejne \u015brodki.<\/p>\n<p>Przez te ostatnie lata uda\u0142o nam si\u0119 wypracowa\u0107 status naszej gminy, jako wiarygodnego partnera do wsp\u00f3\u0142pracy z innymi gminami, powiatem, samorz\u0105dem wojew\u00f3dztwa, Ko\u015bcio\u0142em, ale i organami w\u0142adzy pa\u0144stwowej. To tak wa\u017cne, aby te relacje utrzyma\u0107 w dobrym tonie. My\u015bl\u0119, \u017ce widzicie to r\u00f3wnie\u017c Pa\u0144stwo, gdy uczestniczycie w gminnych \u015bwi\u0119tach i uroczysto\u015bciach.<\/p>\n<p>Drodzy mieszka\u0144cy! Rok 2018 jest wa\u017cnym rokiem dla nas wszystkich. To w roku 2018 \u015bwi\u0119towa\u0107 b\u0119dziemy obchody 100-lecia odzyskania Niepodleg\u0142o\u015bci przez Polsk\u0119, realizowa\u0107 b\u0119dziemy wiele inwestycji, przygotowywa\u0107 si\u0119 do do\u017cynek diecezjalnych we wrze\u015bniu, gdy\u017c zjad\u0105 si\u0119 do nas przedstawiciele z ca\u0142ej diecezji. Rok 2018 b\u0119dzie szczeg\u00f3lny dla nas samorz\u0105dowc\u00f3w, przed nami wybory do samorz\u0105d\u00f3w gminnych, powiatowych i wojew\u00f3dzkich. Wiele w ostatnim czasie m\u00f3wi si\u0119 o tym w mediach z racji planowanych zmian w kodeksie wyborczym. Czekamy na ostateczn\u0105 decyzj\u0119 Parlamentu, Senatu i Prezydenta RP w tej sprawie. Kodeks wyborczy bez wzgl\u0119du na jego kszta\u0142t b\u0119dzie obowi\u0105zywa\u0107 i b\u0119dziemy musieli si\u0119 do niego stosowa\u0107 przy urnach, ale najwa\u017cniejsi s\u0105 ludzie, mieszka\u0144cy, kt\u00f3rzy tu mieszkaj\u0105, tu \u017cyj\u0105 i tu b\u0119d\u0105 g\u0142osowa\u0107. To wasz g\u0142os b\u0119dzie si\u0119 liczy\u0107\u2026.Wierz\u0119, \u017ce wsp\u00f3lnie podejmiemy m\u0105dre decyzje dla naszej Ma\u0142ej Ojczyzny, ale na to jeszcze chwila\u2026. Jestem dobrej my\u015bli\u2026.<\/p>\n<p>Korzystaj\u0105c z okazji chcia\u0142bym z\u0142o\u017cy\u0107 Pa\u0144stwu najserdeczniejsze \u017cyczenia noworoczne. Aby Nowy Rok 2018 by\u0142 dla Nas szcz\u0119\u015bliwy, prze\u017cyty w przyjaznej Gminie Sadowne, realizuj\u0105c swoje plany, cele i zamierzenia te du\u017ce i te ma\u0142e w 100%. Aby w Nowym Roku omija\u0142y nas troski i problemy, a na naszej drodze stan\u0119\u0142o to, co najlepsze.<\/p>\n<p><strong>Szampa\u0144skiej zabawy i Szcz\u0119\u015bliwego Nowego Roku<\/strong><\/p>\n<p><strong>przesy\u0142a W\u00f3jt Gminy Sadowne<\/strong><\/p>\n<p><strong>Waldemar Cyran<\/strong><\/p>\n","protected":false},"excerpt":{"rendered":"<p>\u2026mijaj\u0105cym roku 2017.<\/p>\n","protected":false},"author":1,"featured_media":0,"comment_status":"closed","ping_status":"closed","sticky":false,"template":"","format":"standard","meta":{"footnotes":""},"categories":[1204,5,41],"tags":[2681,1033,614],"class_list":["post-17629","post","type-post","status-publish","format-standard","hentry","category-5-minut-o","category-newsy","category-wiesci-gminne","tag-5-minut-o-mijajacym-roku-2017","tag-waldemar-cyran","tag-wojt-gminy-sadowne"],"views":3098,"_links":{"self":[{"href":"https:\/\/info.sadowne.pl\/index.php?rest_route=\/wp\/v2\/posts\/17629","targetHints":{"allow":["GET"]}}],"collection":[{"href":"https:\/\/info.sadowne.pl\/index.php?rest_route=\/wp\/v2\/posts"}],"about":[{"href":"https:\/\/info.sadowne.pl\/index.php?rest_route=\/wp\/v2\/types\/post"}],"author":[{"embeddable":true,"href":"https:\/\/info.sadowne.pl\/index.php?rest_route=\/wp\/v2\/users\/1"}],"replies":[{"embeddable":true,"href":"https:\/\/info.sadowne.pl\/index.php?rest_route=%2Fwp%2Fv2%2Fcomments&post=17629"}],"version-history":[{"count":1,"href":"https:\/\/info.sadowne.pl\/index.php?rest_route=\/wp\/v2\/posts\/17629\/revisions"}],"predecessor-version":[{"id":17630,"href":"https:\/\/info.sadowne.pl\/index.php?rest_route=\/wp\/v2\/posts\/17629\/revisions\/17630"}],"wp:attachment":[{"href":"https:\/\/info.sadowne.pl\/index.php?rest_route=%2Fwp%2Fv2%2Fmedia&parent=17629"}],"wp:term":[{"taxonomy":"category","embeddable":true,"href":"https:\/\/info.sadowne.pl\/index.php?rest_route=%2Fwp%2Fv2%2Fcategories&post=17629"},{"taxonomy":"post_tag","embeddable":true,"href":"https:\/\/info.sadowne.pl\/index.php?rest_route=%2Fwp%2Fv2%2Ftags&post=17629"}],"curies":[{"name":"wp","href":"https:\/\/api.w.org\/{rel}","templated":true}]}}