{"id":17658,"date":"2018-01-07T18:10:55","date_gmt":"2018-01-07T17:10:55","guid":{"rendered":"http:\/\/info.sadowne.pl\/?p=17658"},"modified":"2021-09-01T21:18:30","modified_gmt":"2021-09-01T19:18:30","slug":"potrojne-wrazenia-w-trzecim-marszu","status":"publish","type":"post","link":"https:\/\/info.sadowne.pl\/?p=17658","title":{"rendered":"Potr\u00f3jne wra\u017cenia w trzecim marszu!"},"content":{"rendered":"<p><strong><img loading=\"lazy\" decoding=\"async\" class=\"alignleft size-thumbnail wp-image-17659\" src=\"http:\/\/info.sadowne.pl\/wp-content\/uploads\/2018\/01\/2018.01.07.1-180x130.jpg\" alt=\"\" width=\"180\" height=\"130\" \/>7 stycznia w noworocznym marszu nordic walking uczestniczy\u0142o dwadzie\u015bcia pi\u0119cioro piechur\u00f3w z Sadownego i okolic <\/strong><!--more--><\/p>\n<p>&#8211; wymagaj\u0105ca le\u015bna trasa dostarczy\u0142a tylu wra\u017ce\u0144, \u017ce ponad 10 km i ponad 2 godziny przemkn\u0119\u0142y niczym chwila.<\/p>\n<p>Wszyscy wiemy jak urokliwe s\u0105 nasze lasy, ale wielu ,mimo prze\u017cycia dziesi\u0105tek lat, dopiero dzi\u015b po raz pierwszy zasta\u0142o niezwykle zaskoczonych tym co zobaczyli. Ruszyli\u015bmy spod przyjaznego GOK-u o 11-ej i po przej\u015bciu ulic Grunwaldzkiej i Ku\u017anicy weszli\u015bmy w obj\u0119cia lasu porastaj\u0105cego morenowe wzniesienia mi\u0119dzy ul. S\u0142oneczn\u0105 i Drakiem a torami kolejowymi z po\u0142udnia. Od \u201estrzelnicy\u2019 prosta, cho\u0107 pag\u00f3rkowata le\u015bna linia wiod\u0142a nas przez Krogulec ku \u201eSilikatom\u201d.<\/p>\n<p>Oczywi\u015bcie pocz\u0105tkowo zwarta kolumna piechur\u00f3w znacznie si\u0119 rozci\u0105gn\u0119\u0142a, na szczytach kolejnych g\u00f3rek nieco odpoczywali\u015bmy i wielu z satysfakcj\u0105 stwierdza\u0142o, \u017ce dawno pod \u201etak\u0105 g\u00f3rk\u0119\u201d nie podchodzili. Mijany las by\u0142 na tyle urozmaicony fa\u0142dami poro\u015bni\u0119tych sosnami g\u00f3rek i dolinkami z g\u0142\u00f3wnie li\u015bciastymi drzewami, \u017ce szybko doszli\u015bmy pod wzniesienie \u201eObserwatora\u201d, by na jego wysoko\u015bci przeci\u0105\u0107 szos\u0119 z Sadownego ku stacji PKP, a nast\u0119pnie po kilometrze dotrze\u0107 na skraj \u201eUrwiska\u201d.<\/p>\n<p>Tu, po wydawa\u0142o si\u0119 p\u0142askim podej\u015bciu, zaskoczy\u0142 nas widok jaki rozci\u0105ga\u0142 si\u0119 na po\u0142udnie. Osi\u0105gn\u0119li\u015bmy bowiem granic\u0119 silikatowskiej kopalni piasku kwarcowego. Ze skraju urwistego wzniesienia roztacza\u0142a si\u0119 w dole rozleg\u0142a panorama m\u0142odniak\u00f3w. Nie spos\u00f3b by\u0142o w\u0119drowa\u0107 dalej, bo widok nad wierzcho\u0142kami hektar\u00f3w wynios\u0142ych zagajnik\u00f3w zachwyca\u0142. A dalej oznacza\u0142o raczej ni\u017cej, gdy\u017c trzeba by\u0142o niemal pionowo w d\u00f3\u0142 pokona\u0107 kilkana\u015bcie metr\u00f3w, jak \u201ez pieca na \u0142eb\u201d. Na dole za to rado\u015b\u0107 ze sprostania kolejnemu niespodziewanemu wyzwaniu i odpoczynek w kilkusetmetrowym marszu \u201epo p\u0142askim\u201d ku kolejnym atrakcjom. Szybko bowiem doszli\u015bmy do \u201eWydm Zielenieckich\u201d, naszej pustyni, hektarom piaszczystych wzniesie\u0144 pozosta\u0142ych po \u201eSilikatach\u201d.<\/p>\n<p><img loading=\"lazy\" decoding=\"async\" class=\"aligncenter size-full wp-image-17663\" src=\"http:\/\/info.sadowne.pl\/wp-content\/uploads\/2018\/01\/2018.01.07.11.png\" alt=\"\" width=\"222\" height=\"343\" srcset=\"https:\/\/info.sadowne.pl\/wp-content\/uploads\/2018\/01\/2018.01.07.11.png 222w, https:\/\/info.sadowne.pl\/wp-content\/uploads\/2018\/01\/2018.01.07.11-194x300.png 194w\" sizes=\"auto, (max-width: 222px) 100vw, 222px\" \/><\/p>\n<p>Ci, co byli tu pierwszy raz, nie kryli zachwytu nad niezwyk\u0142ym krajobrazem. Piaszczyste pag\u00f3rki porasta\u0142y z rzadka niskie sosenki, jakie\u015b mchy, porosty, k\u0119pki traw. Szybko jednak miny nam zrzed\u0142y, gdy ujrzeli\u015bmy jak stepowa ro\u015blinno\u015b\u0107, co rozgo\u015bci\u0142a si\u0119 w przyjaznym \u015brodowisku, jest zryta torami kolein po crossowych motorach i pojazdach. Jacy\u015b wandale, barbarzy\u0144cy ustawicznie niszcz\u0105 chroniony prawnie teren urz\u0105dzaj\u0105c sobie w tym miejscu motocross. Nagle wra\u017cenia pi\u0119kna, niezwyk\u0142o\u015bci i szacunku dla przyrody zast\u0105pi\u0142a z\u0142o\u015b\u0107 na bezmy\u015blno\u015b\u0107 i bezkarno\u015b\u0107 tych, co niszcz\u0105 tak urocze miejsce.<\/p>\n<p>Humory poprawi\u0142o zdobycie szczytu kolejnego \u017c\u00f3\u0142tego wzniesienia, fotki na jego szczycie i odrobina czekolady na wzmocnienie si\u0142. A ze wzniesienia zn\u00f3w zaskakuj\u0105cy i niespodziewany widok. Bo dalej na po\u0142udnie ujrzeli\u015bmy nieck\u0119 Torfowiska \u201eKules\u201d. Zaro\u015bni\u0119te bagienn\u0105 ro\u015blinno\u015bci\u0105 jezioro sprzed milion\u00f3w lat dzisiaj jest ostoj\u0105 niespotykanych ro\u015blin i schronieniem dla zwierz\u0105t. Tylko bezsilne brzozy pr\u00f3buj\u0105 miejscami porasta\u0107 bardziej suche miejsca, lecz kolejne \u2018mokre lata\u2019 sprawiaj\u0105, \u017ce pozostaj\u0105 po nich tylko bielej\u0105ce kikuty pni.<\/p>\n<p>St\u0105d ruszyli\u015bmy na wsch\u00f3d graniczn\u0105 \u015bcie\u017ck\u0105 mi\u0119dzy wydmami a bagnami, dwoma skrajnymi przyrodniczo \u015bwiatami, kt\u00f3re tu mogli\u015bmy jednocze\u015bnie podziwia\u0107. A dopiero za nimi sosnowy b\u00f3r, taki jak wsz\u0119dzie indziej, lecz tylko u nas kryj\u0105cy tak kontrastuj\u0105ce i r\u00f3\u017cnorodne \u015brodowiska. Kilkaset metr\u00f3w pokonali\u015bmy dawn\u0105 drog\u0105, kt\u00f3r\u0105 wo\u017cono piasek z kopali do zak\u0142adu, skr\u00f3tem pokonali\u015bmy \u015bwie\u017ce bruzdy z sadzonkami sosny, a ponownie przekraczaj\u0105c szos\u0119 weszli\u015bmy w le\u015bn\u0105 alej\u0119, kt\u00f3rej brzegi porasta\u0142y m\u0142ode brz\u00f3zki. Kolejne pag\u00f3rki le\u015bne zachwyca\u0142y w\u0142a\u015bnie teraz naj\u0142atwiej dostrzeganymi machami i porostami. Niekt\u00f3rzy dopiero tu odkryli jak wiele jest ich rodzaj\u00f3w i jak niezwyk\u0142e barwy w\u0142a\u015bnie o tej porze roku prezentuj\u0105. Wcale nie ziele\u0144 dominuje, cho\u0107 mech kojarzy si\u0119 nam z t\u0105 barw\u0105. Tu odcieni zieleni jest mn\u00f3stwo, za to najbardziej zaskakuje, \u017ce barwy mch\u00f3w i porost\u00f3w rozci\u0105gaj\u0105 si\u0119 od srebrzystej szaro\u015bci po jaskrawe purpury.<\/p>\n<p>Trasa zaprowadzi\u0142a nas ku \u201eObrazikowi\u201d \u2013 le\u015bnej, ma\u0142ej drewnianej Kapliczce na pniu z\u0142amanej sosny, przy szosie ku Sok\u00f3\u0142ce. Tu ostatnie grupowe fotki i dalej \u017cwawy marsz ku Ku\u017cnicy, Grunwaldzkiej i GOK-owi. A w nim pora na wymian\u0119 wra\u017ce\u0144 przy kawie, herbatce i kie\u0142baskach, kr\u00f3tki odpoczynek po wyczerpuj\u0105cej w\u0119dr\u00f3wce, wyrazy wdzi\u0119czno\u015bci dla Organizatorki i umawianie si\u0119 na kolejn\u0105 wypraw\u0119, co nie b\u0119dzie zwyk\u0142ym marszem, a mo\u017ce zn\u00f3w przyniesie odkrycie tego, \u201eco pod nosem\u201d, blisko, a tak niezwyk\u0142e i pi\u0119kne, \u017ce nie wierzyli\u015bmy, \u017ce istnieje.<\/p>\n<p>I tylko \u0142osi dzi\u015b na trasie nie by\u0142o, za to na wydmach \u015blady miejscowych os\u0142\u00f3w, co raczej w jakim\u015b \u015bcis\u0142ym rezerwacie przebywa\u0107 winni, dop\u00f3ki nie dorosn\u0105 i naucz\u0105 si\u0119 szanowa\u0107 i podziwia\u0107 przyrod\u0119, a nie j\u0105 bezmy\u015blnie niszczy\u0107. Mo\u017ce to te \u201eos\u0142y\u201d \u0142osie nam przep\u0142oszy\u0142y????<\/p>\n<p><a href=\"https:\/\/photos.app.goo.gl\/Kt96ckSR7hkS7A2a7\" target=\"_blank\" rel=\"noopener noreferrer\"><span style=\"color: #0000ff;\"><strong>Zdj\u0119cia w galerii Google&gt;&gt;&gt;<\/strong><\/span><\/a><\/p>\n<p><a href=\"https:\/\/photos.app.goo.gl\/zaXLeu9R4uJQNZ8K9\" target=\"_blank\" rel=\"noopener noreferrer\"><span style=\"color: #0000ff;\"><strong>Zobacz te\u017c&gt;&gt;&gt;<\/strong><\/span><\/a><\/p>\n<p><strong>Tekst:<\/strong> RW<\/p>\n<p><strong>Foto: <\/strong>RW\/SCH<\/p>\n","protected":false},"excerpt":{"rendered":"<p>7 stycznia w noworocznym marszu nordic walking uczestniczy\u0142o dwadzie\u015bcia pi\u0119cioro piechur\u00f3w z Sadownego i okolic<\/p>\n","protected":false},"author":1,"featured_media":0,"comment_status":"closed","ping_status":"closed","sticky":false,"template":"","format":"standard","meta":{"footnotes":""},"categories":[5,91,6,3627],"tags":[169,2617],"class_list":["post-17658","post","type-post","status-publish","format-standard","hentry","category-newsy","category-gminny-osrodek-kultury","category-kultura-rozrywka-edukacja","category-nordic-walking","tag-gminny-osrodek-kultury-w-sadownem","tag-marsz-nordic-walking-w-sadownem"],"views":3814,"_links":{"self":[{"href":"https:\/\/info.sadowne.pl\/index.php?rest_route=\/wp\/v2\/posts\/17658","targetHints":{"allow":["GET"]}}],"collection":[{"href":"https:\/\/info.sadowne.pl\/index.php?rest_route=\/wp\/v2\/posts"}],"about":[{"href":"https:\/\/info.sadowne.pl\/index.php?rest_route=\/wp\/v2\/types\/post"}],"author":[{"embeddable":true,"href":"https:\/\/info.sadowne.pl\/index.php?rest_route=\/wp\/v2\/users\/1"}],"replies":[{"embeddable":true,"href":"https:\/\/info.sadowne.pl\/index.php?rest_route=%2Fwp%2Fv2%2Fcomments&post=17658"}],"version-history":[{"count":5,"href":"https:\/\/info.sadowne.pl\/index.php?rest_route=\/wp\/v2\/posts\/17658\/revisions"}],"predecessor-version":[{"id":23079,"href":"https:\/\/info.sadowne.pl\/index.php?rest_route=\/wp\/v2\/posts\/17658\/revisions\/23079"}],"wp:attachment":[{"href":"https:\/\/info.sadowne.pl\/index.php?rest_route=%2Fwp%2Fv2%2Fmedia&parent=17658"}],"wp:term":[{"taxonomy":"category","embeddable":true,"href":"https:\/\/info.sadowne.pl\/index.php?rest_route=%2Fwp%2Fv2%2Fcategories&post=17658"},{"taxonomy":"post_tag","embeddable":true,"href":"https:\/\/info.sadowne.pl\/index.php?rest_route=%2Fwp%2Fv2%2Ftags&post=17658"}],"curies":[{"name":"wp","href":"https:\/\/api.w.org\/{rel}","templated":true}]}}