{"id":17766,"date":"2018-01-25T16:21:00","date_gmt":"2018-01-25T15:21:00","guid":{"rendered":"http:\/\/info.sadowne.pl\/?p=17766"},"modified":"2020-04-24T11:44:15","modified_gmt":"2020-04-24T09:44:15","slug":"wesolo-zabawowo-karnawalowo","status":"publish","type":"post","link":"https:\/\/info.sadowne.pl\/?p=17766","title":{"rendered":"Weso\u0142o, zabawowo, karnawa\u0142owo\u2026"},"content":{"rendered":"<p><strong><img loading=\"lazy\" decoding=\"async\" class=\"alignleft size-thumbnail wp-image-17767\" src=\"http:\/\/info.sadowne.pl\/wp-content\/uploads\/2018\/01\/2018.01.25.1-180x130.jpg\" alt=\"\" width=\"180\" height=\"130\" \/>Bal Karnawa\u0142owy dla dzieci ju\u017c za nami. Nie piszmy zbyt du\u017co na ten temat, bo i tak nie da si\u0119 opisa\u0107 \u015bwietnej zabawy, kt\u00f3r\u0105 przygotowano sadowie\u0144skim dzieciakom w Sali OSP Sadowne.<\/strong><!--more--><\/p>\n<p>To ju\u017c prawie koniec ferii zimowych, a ich Organizatorzy postanowili zako\u0144czy\u0107 je z \u201ewielk\u0105 pomp\u0105\u201d. W czwartkowe przedpo\u0142udnie, 25 stycznia Sala OSP w Sadownem zape\u0142ni\u0142a si\u0119 dzie\u0107mi sp\u0119dzaj\u0105cymi ferie zimowe na terenie Gminy Sadowne, na Bal Karnawa\u0142owy przyby\u0142y te\u017c maluchy z sadowie\u0144skiego Przedszkola. Wszystkich powitali w imieniu Organizator\u00f3w tego Balu: p. Waldemar Cyran \u2013 W\u00f3jt Gminy Sadowne, p. Ewa Pi\u00f3rkowska \u2013 Dyrektor Gminnego O\u015brodka Kultury w Sadownem i p. Jadwiga Gutowska \u2013 Przewodnicz\u0105ca Gminnej Komisji Rozwi\u0105zywania Problem\u00f3w Alkoholowych w Sadownem.<\/p>\n<p>Oficjalnie, to by by\u0142o na tyle, bo dzieciaki zjawi\u0142y si\u0119 tu na zabaw\u0119 karnawa\u0142ow\u0105 &#8211; st\u0105d niespotykane przebrania, dobry nastr\u00f3j. I\u2026 zacz\u0119\u0142y si\u0119 bawi\u0107 do muzyki DJ-a RAWY, kt\u00f3ry r\u00f3wnie\u017c &#8211; co chwil\u0119 &#8211; organizowa\u0142 ciekawe, wsp\u00f3lne zabawy i konkursy. By\u0142y te\u017c balony, malowanie twarzy i oczywi\u015bcie \u2013 s\u0142odki pocz\u0119stunek. Weso\u0142o, zabawowo, karnawa\u0142owo\u2026, Nie piszmy jednak o tym zbyt du\u017co, a obejrzyjmy fotograficzn\u0105 relacj\u0119 z tego wydarzenia.<\/p>\n<p><a href=\"https:\/\/photos.app.goo.gl\/rNJGifgNNuQMddxT8\" target=\"_blank\" rel=\"noopener noreferrer\"><span style=\"color: #0000ff;\"><strong>Zdj\u0119cia w galerii Google&gt;&gt;&gt;<\/strong><\/span><\/a><\/p>\n<p><strong>Tekst\/foto:<\/strong> S\u0142awek Chyli\u0144ski<\/p>\n","protected":false},"excerpt":{"rendered":"<p>Bal Karnawa\u0142owy dla dzieci ju\u017c za nami. Nie piszmy zbyt du\u017co na ten temat, bo i tak nie da si\u0119 opisa\u0107 \u015bwietnej zabawy, kt\u00f3r\u0105 przygotowano sadowie\u0144skim dzieciakom w Sali OSP Sadowne.<\/p>\n","protected":false},"author":1,"featured_media":0,"comment_status":"closed","ping_status":"closed","sticky":false,"template":"","format":"standard","meta":{"footnotes":""},"categories":[5,91,6],"tags":[2347,125,169,25],"class_list":["post-17766","post","type-post","status-publish","format-standard","hentry","category-newsy","category-gminny-osrodek-kultury","category-kultura-rozrywka-edukacja","tag-bal-karnawalowy-dla-dzieci-w-sadownem","tag-gminna-komisja-rozwiazywania-problemow-alkoholowych-w-sadownem","tag-gminny-osrodek-kultury-w-sadownem","tag-sadowne"],"views":3540,"_links":{"self":[{"href":"https:\/\/info.sadowne.pl\/index.php?rest_route=\/wp\/v2\/posts\/17766","targetHints":{"allow":["GET"]}}],"collection":[{"href":"https:\/\/info.sadowne.pl\/index.php?rest_route=\/wp\/v2\/posts"}],"about":[{"href":"https:\/\/info.sadowne.pl\/index.php?rest_route=\/wp\/v2\/types\/post"}],"author":[{"embeddable":true,"href":"https:\/\/info.sadowne.pl\/index.php?rest_route=\/wp\/v2\/users\/1"}],"replies":[{"embeddable":true,"href":"https:\/\/info.sadowne.pl\/index.php?rest_route=%2Fwp%2Fv2%2Fcomments&post=17766"}],"version-history":[{"count":2,"href":"https:\/\/info.sadowne.pl\/index.php?rest_route=\/wp\/v2\/posts\/17766\/revisions"}],"predecessor-version":[{"id":23075,"href":"https:\/\/info.sadowne.pl\/index.php?rest_route=\/wp\/v2\/posts\/17766\/revisions\/23075"}],"wp:attachment":[{"href":"https:\/\/info.sadowne.pl\/index.php?rest_route=%2Fwp%2Fv2%2Fmedia&parent=17766"}],"wp:term":[{"taxonomy":"category","embeddable":true,"href":"https:\/\/info.sadowne.pl\/index.php?rest_route=%2Fwp%2Fv2%2Fcategories&post=17766"},{"taxonomy":"post_tag","embeddable":true,"href":"https:\/\/info.sadowne.pl\/index.php?rest_route=%2Fwp%2Fv2%2Ftags&post=17766"}],"curies":[{"name":"wp","href":"https:\/\/api.w.org\/{rel}","templated":true}]}}