{"id":17807,"date":"2018-01-31T13:06:46","date_gmt":"2018-01-31T12:06:46","guid":{"rendered":"http:\/\/info.sadowne.pl\/?p=17807"},"modified":"2018-01-31T13:06:46","modified_gmt":"2018-01-31T12:06:46","slug":"gdy-dziecko-jest-ofiara-i-swiadkiem-przemocy","status":"publish","type":"post","link":"https:\/\/info.sadowne.pl\/?p=17807","title":{"rendered":"Gdy dziecko jest ofiar\u0105 i \u015bwiadkiem przemocy"},"content":{"rendered":"<p><strong><img loading=\"lazy\" decoding=\"async\" class=\"alignleft size-thumbnail wp-image-17808\" src=\"http:\/\/info.sadowne.pl\/wp-content\/uploads\/2018\/01\/2018.01.31.15-180x130.jpg\" alt=\"\" width=\"180\" height=\"130\" \/>\u2026 Przemoc wobec dzieci to nie fikcja. Badania, kt\u00f3re zosta\u0142y przeprowadzone przez Fundacj\u0119 Dzieci Niczyje dowodz\u0105, \u017ce 3 na 10 dzieci do\u015bwiadcza przemocy ze strony os\u00f3b doros\u0142ych, a 6 na 10 ze strony r\u00f3wie\u015bnik\u00f3w. <\/strong><!--more--><\/p>\n<p>Statystyki alarmuj\u0105, \u017ce 18% dzieci w Polsce jest \u015bwiadkiem przemocy w rodzinie. Nasila si\u0119 agresja w\u015br\u00f3d dzieci i m\u0142odzie\u017cy szkolnej.<\/p>\n<p><a href=\"http:\/\/info.sadowne.pl\/wp-content\/uploads\/2018\/01\/2018.01.31.11.jpg\" target=\"_blank\" rel=\"noopener noreferrer\"><img loading=\"lazy\" decoding=\"async\" class=\"alignright wp-image-17809 size-thumbnail\" src=\"http:\/\/info.sadowne.pl\/wp-content\/uploads\/2018\/01\/2018.01.31.11-180x130.jpg\" alt=\"\" width=\"180\" height=\"130\" \/><\/a>Nale\u017cy zatem wdra\u017ca\u0107 programy i procedury, kt\u00f3re pomog\u0105 w przeciwdzia\u0142aniu przemocy i agresji w \u015brodowisku lokalnym. Uczy\u0107 dzieci radzenia sobie ze stresem i rozwi\u0105zywania konflikt\u00f3w m.in. na drodze mediacji. U\u015bwiadamia\u0107 rodzicom, \u017ce przemoc jest zamierzonym procesem, kt\u00f3ry trwa cz\u0119sto nawet kilka pokole\u0144.<\/p>\n<p><a href=\"http:\/\/info.sadowne.pl\/wp-content\/uploads\/2018\/01\/2018.01.31.12.jpg\" target=\"_blank\" rel=\"noopener noreferrer\"><img loading=\"lazy\" decoding=\"async\" class=\"alignleft wp-image-17810 size-thumbnail\" src=\"http:\/\/info.sadowne.pl\/wp-content\/uploads\/2018\/01\/2018.01.31.12-180x130.jpg\" alt=\"\" width=\"180\" height=\"130\" \/><\/a>Takie dzia\u0142ania podj\u0119\u0142a ju\u017c Dyrekcja i Rada Pedagogiczna Szko\u0142y Podstawowej w Sadownem, do kt\u00f3rej na zebranie \u015br\u00f3droczne zosta\u0142 zaproszony b. nadkomisarz policji M. Mudant \u2013 specjalista O\u015brodka Interwencji Kryzysowej w W\u0119growie. Zapozna\u0142 on rodzic\u00f3w z prawnymi aspektami przemocy, jej rodzajami, przyczynami powstawania oraz sposobami przeciwdzia\u0142ania zjawisku.<\/p>\n<p><a href=\"http:\/\/info.sadowne.pl\/wp-content\/uploads\/2018\/01\/2018.01.31.13.jpg\" target=\"_blank\" rel=\"noopener noreferrer\"><img loading=\"lazy\" decoding=\"async\" class=\"alignright wp-image-17811 size-thumbnail\" src=\"http:\/\/info.sadowne.pl\/wp-content\/uploads\/2018\/01\/2018.01.31.13-180x130.jpg\" alt=\"\" width=\"180\" height=\"130\" \/><\/a>Bardzo interesuj\u0105cy pod wzgl\u0119dem merytorycznym wyk\u0142ad prelegent zako\u0144czy\u0142 refleksj\u0105: \u201e\u017byczy\u0142bym sobie, aby w pa\u0144stwa \u015brodowisku wi\u0119cej by\u0142o profilaktyki ni\u017c dzia\u0142a\u0144 interwencyjnych\u201d.\u00a0 My r\u00f3wnie\u017c do\u0142\u0105czamy si\u0119 do tych \u017cycze\u0144.<\/p>\n<p><a href=\"http:\/\/info.sadowne.pl\/wp-content\/uploads\/2018\/01\/2018.01.31.14.jpg\" target=\"_blank\" rel=\"noopener noreferrer\"><img loading=\"lazy\" decoding=\"async\" class=\"alignleft wp-image-17812 size-thumbnail\" src=\"http:\/\/info.sadowne.pl\/wp-content\/uploads\/2018\/01\/2018.01.31.14-180x130.jpg\" alt=\"\" width=\"180\" height=\"130\" \/><\/a>Dzi\u0119kujemy Gminnej Komisji Rozwi\u0105zywania Problem\u00f3w Alkoholowych w Sadownem za koordynowanie spotkania, a rodzicom za aktywny udzia\u0142 w szkoleniu.<\/p>\n<p><strong>Pedagog szkolny<\/strong><\/p>\n<p><strong>G. W\u00f3dka<\/strong><\/p>\n","protected":false},"excerpt":{"rendered":"<p>\u2026 Przemoc wobec dzieci to nie fikcja. Badania, kt\u00f3re zosta\u0142y przeprowadzone przez Fundacj\u0119 Dzieci Niczyje dowodz\u0105, \u017ce 3 na 10 dzieci do\u015bwiadcza przemocy ze strony os\u00f3b doros\u0142ych, a 6 na 10 ze strony r\u00f3wie\u015bnik\u00f3w.<\/p>\n","protected":false},"author":1,"featured_media":0,"comment_status":"closed","ping_status":"closed","sticky":false,"template":"","format":"standard","meta":{"footnotes":""},"categories":[5,1752,84],"tags":[1854,2712,2711,16],"class_list":["post-17807","post","type-post","status-publish","format-standard","hentry","category-newsy","category-edukacja","category-szkola-podstawowa-im-cz-wycecha","tag-grazyna-wodka","tag-marek-mudant","tag-przemoc","tag-szkola-podstawowa-w-sadownem"],"views":2749,"_links":{"self":[{"href":"https:\/\/info.sadowne.pl\/index.php?rest_route=\/wp\/v2\/posts\/17807","targetHints":{"allow":["GET"]}}],"collection":[{"href":"https:\/\/info.sadowne.pl\/index.php?rest_route=\/wp\/v2\/posts"}],"about":[{"href":"https:\/\/info.sadowne.pl\/index.php?rest_route=\/wp\/v2\/types\/post"}],"author":[{"embeddable":true,"href":"https:\/\/info.sadowne.pl\/index.php?rest_route=\/wp\/v2\/users\/1"}],"replies":[{"embeddable":true,"href":"https:\/\/info.sadowne.pl\/index.php?rest_route=%2Fwp%2Fv2%2Fcomments&post=17807"}],"version-history":[{"count":1,"href":"https:\/\/info.sadowne.pl\/index.php?rest_route=\/wp\/v2\/posts\/17807\/revisions"}],"predecessor-version":[{"id":17813,"href":"https:\/\/info.sadowne.pl\/index.php?rest_route=\/wp\/v2\/posts\/17807\/revisions\/17813"}],"wp:attachment":[{"href":"https:\/\/info.sadowne.pl\/index.php?rest_route=%2Fwp%2Fv2%2Fmedia&parent=17807"}],"wp:term":[{"taxonomy":"category","embeddable":true,"href":"https:\/\/info.sadowne.pl\/index.php?rest_route=%2Fwp%2Fv2%2Fcategories&post=17807"},{"taxonomy":"post_tag","embeddable":true,"href":"https:\/\/info.sadowne.pl\/index.php?rest_route=%2Fwp%2Fv2%2Ftags&post=17807"}],"curies":[{"name":"wp","href":"https:\/\/api.w.org\/{rel}","templated":true}]}}