{"id":17829,"date":"2018-02-01T13:17:05","date_gmt":"2018-02-01T12:17:05","guid":{"rendered":"http:\/\/info.sadowne.pl\/?p=17829"},"modified":"2018-02-01T13:26:58","modified_gmt":"2018-02-01T12:26:58","slug":"sprawdz-czym-oddychasz","status":"publish","type":"post","link":"https:\/\/info.sadowne.pl\/?p=17829","title":{"rendered":"Sprawd\u017a, czym oddychasz"},"content":{"rendered":"<p><strong><img loading=\"lazy\" decoding=\"async\" class=\"alignleft size-thumbnail wp-image-12013\" src=\"http:\/\/info.sadowne.pl\/wp-content\/uploads\/2016\/04\/gmina11-180x130.jpg\" alt=\"\" width=\"180\" height=\"130\" \/>Od dzisiaj mieszka\u0144cy Gminy Sadowne b\u0119d\u0105 mogli sprawdzi\u0107 jako\u015b\u0107 powietrza w swojej okolicy.\u00a0 <\/strong><!--more--><\/p>\n<p>Pod koniec ubieg\u0142ego roku Gmina Sadowne bra\u0142a\u00a0udzia\u0142 w konkursie \u201eWiem, czym oddycham\u201d, w ramach kt\u00f3rego uzyska\u0107 mo\u017cna by\u0142o jeden ze 150 zewn\u0119trznych czujnik\u00f3w\u00a0monitoruj\u0105cych\u00a0jako\u015b\u0107 powietrza i dzi\u0119ki Pa\u0144stwa g\u0142osom uda\u0142o si\u0119 nam taki czujnik bezp\u0142atnie pozyska\u0107.<\/p>\n<p>Czujnik zosta\u0142 zamontowany na budynku Urz\u0119du Gminy na pocz\u0105tku tego tygodnia, a od dzisiaj jest dost\u0119pny na stronie\u00a0https:\/\/map.airly.eu\/pl\/ gdzie mo\u017cna klikn\u0105\u0107 na nasz\u0105 lokalizacj\u0119 i wy\u015bwietli\u0107 dane dotycz\u0105ce jako\u015bci powietrza, kt\u00f3rym oddychamy. Dzi\u0119ki niemu zwi\u0119kszy si\u0119 nasza \u015bwiadomo\u015b\u0107 jak wa\u017cne jest to, czym palimy w piecach. Zapraszamy do korzystania.<br \/>\n<iframe loading=\"lazy\" id=\"widget-config-iframe\" src=\"https:\/\/map.airly.eu\/pl\/widget.php#latitude=52.63967&amp;longitude=21.84678&amp;id=2483&amp;sub-location=ul. Ko\u015bciuszki&amp;main-location=Sadowne&amp;show-caqi=yes&amp;show-param=yes&amp;main-location=Sadowne&amp;vendor=Aviva\" width=\"300\" height=\"503\"><\/iframe><\/p>\n<p><strong>\u0179r\u00f3d\u0142o:<\/strong> <a href=\"https:\/\/www.sadowne.pl\/redir,101?tresc=1547\" target=\"_blank\" rel=\"noopener noreferrer\">https:\/\/www.sadowne.pl\/redir,101?tresc=1547<\/a><\/p>\n","protected":false},"excerpt":{"rendered":"<p>Od dzisiaj mieszka\u0144cy Gminy Sadowne b\u0119d\u0105 mogli sprawdzi\u0107 jako\u015b\u0107 powietrza w swojej okolicy.\u00a0<\/p>\n","protected":false},"author":1,"featured_media":0,"comment_status":"closed","ping_status":"closed","sticky":false,"template":"","format":"standard","meta":{"footnotes":""},"categories":[5,41],"tags":[2714,142],"class_list":["post-17829","post","type-post","status-publish","format-standard","hentry","category-newsy","category-wiesci-gminne","tag-pomiar-jakosci-powietrza","tag-urzad-gminy-sadowne"],"views":4601,"_links":{"self":[{"href":"https:\/\/info.sadowne.pl\/index.php?rest_route=\/wp\/v2\/posts\/17829","targetHints":{"allow":["GET"]}}],"collection":[{"href":"https:\/\/info.sadowne.pl\/index.php?rest_route=\/wp\/v2\/posts"}],"about":[{"href":"https:\/\/info.sadowne.pl\/index.php?rest_route=\/wp\/v2\/types\/post"}],"author":[{"embeddable":true,"href":"https:\/\/info.sadowne.pl\/index.php?rest_route=\/wp\/v2\/users\/1"}],"replies":[{"embeddable":true,"href":"https:\/\/info.sadowne.pl\/index.php?rest_route=%2Fwp%2Fv2%2Fcomments&post=17829"}],"version-history":[{"count":3,"href":"https:\/\/info.sadowne.pl\/index.php?rest_route=\/wp\/v2\/posts\/17829\/revisions"}],"predecessor-version":[{"id":17832,"href":"https:\/\/info.sadowne.pl\/index.php?rest_route=\/wp\/v2\/posts\/17829\/revisions\/17832"}],"wp:attachment":[{"href":"https:\/\/info.sadowne.pl\/index.php?rest_route=%2Fwp%2Fv2%2Fmedia&parent=17829"}],"wp:term":[{"taxonomy":"category","embeddable":true,"href":"https:\/\/info.sadowne.pl\/index.php?rest_route=%2Fwp%2Fv2%2Fcategories&post=17829"},{"taxonomy":"post_tag","embeddable":true,"href":"https:\/\/info.sadowne.pl\/index.php?rest_route=%2Fwp%2Fv2%2Ftags&post=17829"}],"curies":[{"name":"wp","href":"https:\/\/api.w.org\/{rel}","templated":true}]}}