{"id":17865,"date":"2018-02-08T18:06:42","date_gmt":"2018-02-08T17:06:42","guid":{"rendered":"http:\/\/info.sadowne.pl\/?p=17865"},"modified":"2020-04-24T11:37:24","modified_gmt":"2020-04-24T09:37:24","slug":"dla-babci-i-dziadka","status":"publish","type":"post","link":"https:\/\/info.sadowne.pl\/?p=17865","title":{"rendered":"Dla Babci i Dziadka\u2026"},"content":{"rendered":"<p><strong><img loading=\"lazy\" decoding=\"async\" class=\"alignleft size-thumbnail wp-image-17866\" src=\"http:\/\/info.sadowne.pl\/wp-content\/uploads\/2018\/02\/2018.02.08.1-180x130.jpg\" alt=\"\" width=\"180\" height=\"130\" \/>Pi\u0119knie, rodzinnie, nastrojowo. 8 lutego sadowie\u0144skie przedszkolaki zaprosi\u0142y na uroczysto\u015b\u0107 swoje Babcie i swoich Dziadk\u00f3w.<\/strong><!--more--><\/p>\n<p>Dobrze, \u017ce Przedszkole w Sadownem zaplanowa\u0142o obchody Dnia Babci i Dnia Dziadka w miejscowej Sali OSP, gdy\u017c inne pomieszczenie nie pomie\u015bci\u0142oby takich t\u0142um\u00f3w. Mo\u017ce taka liczba uczestnik\u00f3w by\u0142a te\u017c powodem u\u015bmiech\u00f3w, kt\u00f3re go\u015bci\u0142y prawie na wszystkich buziach maluch\u00f3w.<\/p>\n<p>Przyby\u0142ych go\u015bci powita\u0142a Dyrektor Przedszkola p. Agata S\u0119dek, a grupy dzieciak\u00f3w, wsp\u00f3lnie ze swoimi Paniami Wychowawczyniami, zaprezentowa\u0142y przygotowan\u0105 przez siebie cz\u0119\u015b\u0107 artystyczn\u0105. Zosta\u0142y za to nagrodzone g\u0142o\u015bnymi owacjami, bo by\u0142o tematycznie i &#8211; jak to u maluch\u00f3w \u2013 weso\u0142o oraz bardzo sympatycznie. Ze \u0142zami w oczach wr\u0119czy\u0142y te\u017c drobne prezenty swoim najbli\u017cszym, wsp\u00f3lnie od\u015bpiewa\u0142y \u201eSto lat\u201d, a p\u00f3\u017aniej\u2026 zaprosi\u0142y swoich go\u015bci do \u201es\u0142odkiego\u201d sto\u0142u.<\/p>\n<p>Ale wcze\u015bniej\u2026 niespodzianka. Rodzice maluch\u00f3w przygotowali co\u015b specjalnego \u2013 kr\u00f3tk\u0105 inscenizacj\u0119. Ju\u017c po s\u0142owach: \u201eZasadzi\u0142 dziadek rzepk\u0119 w ogrodzie\u2026\u201d wszyscy zorientowali si\u0119, \u017ce maj\u0105 do czynienia z klasyk\u0105, tuwimowsk\u0105 \u201eRzepk\u0105\u201d, ale\u2026 w specyficznym wykonaniu. Aktorzy stan\u0119li na wysoko\u015bci zadania i zaprezentowali dobr\u0105 gr\u0119 aktorsk\u0105 i kostiumy stosowne do granych r\u00f3l. By\u0142o \u015bmiesznie i dynamicznie, a sami aktorzy ju\u017c zapowiadaj\u0105, \u017ce to dopiero pocz\u0105tek ich dzia\u0142alno\u015bci scenicznej. I dobrze, ch\u0119tnie obejrzymy kolejne inscenizacje w ich wykonaniu, a mo\u017ce tym razem wsp\u00f3lnie z dzie\u0107mi?<\/p>\n<p>Ta mi\u0142a uroczysto\u015b\u0107 sta\u0142a si\u0119 te\u017c okazj\u0105 do podsumowania zako\u0144czonego w\u0142a\u015bnie w Przedszkolu konkursu pn. \u201eEKO \u2013 KARMNIK\u201d, podczas kt\u00f3rego przedszkolaki wsp\u00f3lnie ze swoimi rodzicami wykonywa\u0142y ekologiczne sto\u0142\u00f3wki dla ptak\u00f3w. Dostarczone na konkurs prace zosta\u0142y wyeksponowane na wystawie w Sali OSP, a uczestnik\u00f3w konkursu wyr\u00f3\u017cniono dyplomami i upominkami, kt\u00f3re wr\u0119czy\u0142a im p. Dyrektor Przedszkola oraz p. Waldemar Cyran \u2013 W\u00f3jt Gminy Sadowne i p. Wojciech Zakrzewski \u2013 Le\u015bniczy Le\u015bnictwa Sadowne.<\/p>\n<p>Przedszkole ma ju\u017c \u201ew zanadrzu\u201d kolejne uroczysto\u015bci i akcje, w kt\u00f3re anga\u017cuje ca\u0142\u0105 spo\u0142eczno\u015b\u0107 przedszkoln\u0105 i mieszka\u0144c\u00f3w Gminy, ale o tym wkr\u00f3tce. Brawo za ciekawe inicjatywy!<\/p>\n<p><a href=\"https:\/\/photos.app.goo.gl\/V6EQt7ebazvA3WY78\" target=\"_blank\" rel=\"noopener noreferrer\"><span style=\"color: #0000ff;\"><strong>Zdj\u0119cia w galerii Google&gt;&gt;&gt;<\/strong><\/span><\/a><\/p>\n<p><strong>Tekst\/foto: <\/strong>S\u0142awek Chyli\u0144ski<\/p>\n","protected":false},"excerpt":{"rendered":"<p>Pi\u0119knie, rodzinnie, nastrojowo. 8 lutego sadowie\u0144skie przedszkolaki zaprosi\u0142y na uroczysto\u015b\u0107 swoje Babcie i swoich Dziadk\u00f3w.<\/p>\n","protected":false},"author":1,"featured_media":0,"comment_status":"closed","ping_status":"closed","sticky":false,"template":"","format":"standard","meta":{"footnotes":""},"categories":[5,1752,561],"tags":[1777,2286],"class_list":["post-17865","post","type-post","status-publish","format-standard","hentry","category-newsy","category-edukacja","category-przedszkole-w-sadownem","tag-dzien-babci-i-dzien-dziadka-w-przedszkolu-w-sadownem","tag-przedszkole-w-sadownem"],"views":3068,"_links":{"self":[{"href":"https:\/\/info.sadowne.pl\/index.php?rest_route=\/wp\/v2\/posts\/17865","targetHints":{"allow":["GET"]}}],"collection":[{"href":"https:\/\/info.sadowne.pl\/index.php?rest_route=\/wp\/v2\/posts"}],"about":[{"href":"https:\/\/info.sadowne.pl\/index.php?rest_route=\/wp\/v2\/types\/post"}],"author":[{"embeddable":true,"href":"https:\/\/info.sadowne.pl\/index.php?rest_route=\/wp\/v2\/users\/1"}],"replies":[{"embeddable":true,"href":"https:\/\/info.sadowne.pl\/index.php?rest_route=%2Fwp%2Fv2%2Fcomments&post=17865"}],"version-history":[{"count":2,"href":"https:\/\/info.sadowne.pl\/index.php?rest_route=\/wp\/v2\/posts\/17865\/revisions"}],"predecessor-version":[{"id":23071,"href":"https:\/\/info.sadowne.pl\/index.php?rest_route=\/wp\/v2\/posts\/17865\/revisions\/23071"}],"wp:attachment":[{"href":"https:\/\/info.sadowne.pl\/index.php?rest_route=%2Fwp%2Fv2%2Fmedia&parent=17865"}],"wp:term":[{"taxonomy":"category","embeddable":true,"href":"https:\/\/info.sadowne.pl\/index.php?rest_route=%2Fwp%2Fv2%2Fcategories&post=17865"},{"taxonomy":"post_tag","embeddable":true,"href":"https:\/\/info.sadowne.pl\/index.php?rest_route=%2Fwp%2Fv2%2Ftags&post=17865"}],"curies":[{"name":"wp","href":"https:\/\/api.w.org\/{rel}","templated":true}]}}