{"id":17869,"date":"2018-02-10T21:23:59","date_gmt":"2018-02-10T20:23:59","guid":{"rendered":"http:\/\/info.sadowne.pl\/?p=17869"},"modified":"2020-04-24T11:35:23","modified_gmt":"2020-04-24T09:35:23","slug":"maraton-wystartowal","status":"publish","type":"post","link":"https:\/\/info.sadowne.pl\/?p=17869","title":{"rendered":"MARATON wystartowa\u0142!!!"},"content":{"rendered":"<p><strong><img loading=\"lazy\" decoding=\"async\" class=\"alignleft size-thumbnail wp-image-17870\" src=\"http:\/\/info.sadowne.pl\/wp-content\/uploads\/2018\/02\/2018.02.10.1-180x130.jpg\" alt=\"\" width=\"180\" height=\"130\" \/>Punktualnie o godz. 18.00 w Gminnej Hali Sportowej rozpocz\u0105\u0142 si\u0119 charytatywny Maraton Siatkarski.<\/strong><!--more--><\/p>\n<p>Przyby\u0142ych na zaproszenie Klubu Sportowego WICHER Sadowne zawodnik\u00f3w powita\u0142a wraz z Organizatorami Natalka. Odby\u0142o si\u0119 te\u017c pierwsze losowanie w Grupie A, w kt\u00f3rej walcz\u0105: Alco Team, Gmina Ostr\u00f3w, Zaciszna, Qfle. Pierwsza zagrywka pod okiem arbitra p. Krzysztofa Orze\u0142owskiego i zespo\u0142u s\u0119dziowskiego z MOSiR Ostr\u00f3w Mazowiecka nale\u017ca\u0142a do zespo\u0142\u00f3w: Gmina Ostr\u00f3w i Qfle.<\/p>\n<p>Turniej rozkr\u0119ca si\u0119, przybywa publiczno\u015bci, wolontariuszki ze Szkolnego Ko\u0142a Wolontariatu przy ZSP Sadowne wraz z Natalk\u0105 oczekuj\u0105 na wsparcie z fundacyjnymi puszkami, gad\u017cetami fundacji i serduszkami, kt\u00f3re wykona\u0142y dzieciaki z sadowie\u0144skiego Przedszkola, Panie z Gminnego O\u015brodka Kultury w Sadownem serwuj\u0105 ciep\u0142e posi\u0142ki, a nad bezpiecze\u0144stwem czuwaj\u0105 stra\u017cacy z OSP Sadowne i Sok\u00f3\u0142ka.<\/p>\n<p>Musicie to zobaczy\u0107, jeszcze przed p\u00f3\u0142noc\u0105 w grupie B zagraj\u0105 w swojej grupie siatkarze z Sadownego.<\/p>\n<p>Zobaczymy te\u017c:<\/p>\n<p>GRUPA B: Andrzejewo, Rafa\u0142ki, Wicher Sadowne, W\u0119dkarze Sadowne,<\/p>\n<p>po godz. 5.00 &#8211; GRUPA C: Forte, Ostro\u0142\u0119ka Przyjaciele, Rubinek, Wicherek Sadowne,<\/p>\n<p>po godz. 10.00 &#8211; GRUPA D: Fuzja, Hajn\u00f3wka, Abix Ostro\u0142\u0119ka, DT W\u0105sewo.<\/p>\n<p>Na widz\u00f3w czeka jeszcze wiele atrakcji \u2013 p\u00f3\u0142fina\u0142y, a p\u00f3\u017aniej fina\u0142 o godz. 17.00 w niedziel\u0119. Przed fina\u0142em wyst\u0119py dzieci z Grupy Teatralnej GOK, do kt\u00f3rej nale\u017cy Natalka, a tak\u017ce wyst\u0119p Neli Zawadzkiej i mo\u017cliwo\u015b\u0107 wys\u0142uchania na \u017cywo \u201eMeluzyny\u201d. A po finale podsumowanie Maratonu i rozdanie nagr\u00f3d. \u201e\u015acianka\u201d WIchra te\u017c czeka na ch\u0119tnych do fotografii!<\/p>\n<p>Serdecznie zapraszamy. A teraz kilka uj\u0119\u0107 z pierwszej cz\u0119\u015bci Maratonu!<\/p>\n<p><a href=\"https:\/\/photos.app.goo.gl\/mDzsqETUb8YtiXMs7\" target=\"_blank\" rel=\"noopener noreferrer\"><span style=\"color: #0000ff;\"><strong>Zdj\u0119cia w galerii Google&gt;&gt;&gt;<\/strong><\/span><\/a><\/p>\n<p><strong>Tekst\/foto:<\/strong> S\u0142awek Chyli\u0144ski<\/p>\n","protected":false},"excerpt":{"rendered":"<p>Punktualnie o godz. 18.00 w Gminnej Hali Sportowej rozpocz\u0105\u0142 si\u0119 charytatywny Maraton Siatkarski.<\/p>\n","protected":false},"author":1,"featured_media":0,"comment_status":"closed","ping_status":"closed","sticky":false,"template":"","format":"standard","meta":{"footnotes":""},"categories":[5,2137,7],"tags":[2707,1550],"class_list":["post-17869","post","type-post","status-publish","format-standard","hentry","category-newsy","category-pilka-siatkowa","category-sport","tag-charytatywnt-maraton-siatkarski-w-sadownem","tag-natalia-subda"],"views":2704,"_links":{"self":[{"href":"https:\/\/info.sadowne.pl\/index.php?rest_route=\/wp\/v2\/posts\/17869","targetHints":{"allow":["GET"]}}],"collection":[{"href":"https:\/\/info.sadowne.pl\/index.php?rest_route=\/wp\/v2\/posts"}],"about":[{"href":"https:\/\/info.sadowne.pl\/index.php?rest_route=\/wp\/v2\/types\/post"}],"author":[{"embeddable":true,"href":"https:\/\/info.sadowne.pl\/index.php?rest_route=\/wp\/v2\/users\/1"}],"replies":[{"embeddable":true,"href":"https:\/\/info.sadowne.pl\/index.php?rest_route=%2Fwp%2Fv2%2Fcomments&post=17869"}],"version-history":[{"count":2,"href":"https:\/\/info.sadowne.pl\/index.php?rest_route=\/wp\/v2\/posts\/17869\/revisions"}],"predecessor-version":[{"id":23070,"href":"https:\/\/info.sadowne.pl\/index.php?rest_route=\/wp\/v2\/posts\/17869\/revisions\/23070"}],"wp:attachment":[{"href":"https:\/\/info.sadowne.pl\/index.php?rest_route=%2Fwp%2Fv2%2Fmedia&parent=17869"}],"wp:term":[{"taxonomy":"category","embeddable":true,"href":"https:\/\/info.sadowne.pl\/index.php?rest_route=%2Fwp%2Fv2%2Fcategories&post=17869"},{"taxonomy":"post_tag","embeddable":true,"href":"https:\/\/info.sadowne.pl\/index.php?rest_route=%2Fwp%2Fv2%2Ftags&post=17869"}],"curies":[{"name":"wp","href":"https:\/\/api.w.org\/{rel}","templated":true}]}}