{"id":17902,"date":"2018-02-15T11:35:32","date_gmt":"2018-02-15T10:35:32","guid":{"rendered":"http:\/\/info.sadowne.pl\/?p=17902"},"modified":"2018-02-15T11:35:32","modified_gmt":"2018-02-15T10:35:32","slug":"podsumowano-maraton-siatkarski","status":"publish","type":"post","link":"https:\/\/info.sadowne.pl\/?p=17902","title":{"rendered":"Podsumowano Maraton Siatkarski!"},"content":{"rendered":"<p><strong><a href=\"http:\/\/info.sadowne.pl\/wp-content\/uploads\/2018\/02\/2018.02.15.11.jpg\" target=\"_blank\" rel=\"noopener noreferrer\"><img loading=\"lazy\" decoding=\"async\" class=\"alignleft wp-image-17903 size-thumbnail\" src=\"http:\/\/info.sadowne.pl\/wp-content\/uploads\/2018\/02\/2018.02.15.11-180x130.jpg\" alt=\"\" width=\"180\" height=\"130\" \/><\/a>15 lutego godz. 9.30 \u2013 oficjalne podsumowanie i zako\u0144czenie Maratonu Siatkarskiego.<\/strong><!--more--><\/p>\n<p>Oficjalnie zako\u0144czono I Charytatywny Maraton Siatkarski w Sadownem. Potwierdzi\u0142a to w\u0142a\u015bnie Komisja Rewizyjna, w sk\u0142ad kt\u00f3rej weszli: p. Waldemar Cyran \u2013 W\u00f3jt Gminy Sadowne, p. Emil Filipiak \u2013 Prezes KS \u201eWicher\u201d Sadowne i p. Sebastian Kowalczyk \u2013 Wiceprezes KS \u201eWicher\u201d Sadowne.<\/p>\n<p><a href=\"http:\/\/info.sadowne.pl\/wp-content\/uploads\/2018\/02\/2018.02.15.12.jpg\" target=\"_blank\" rel=\"noopener noreferrer\"><img loading=\"lazy\" decoding=\"async\" class=\"alignright wp-image-17904 size-thumbnail\" src=\"http:\/\/info.sadowne.pl\/wp-content\/uploads\/2018\/02\/2018.02.15.12-180x130.jpg\" alt=\"\" width=\"180\" height=\"130\" \/><\/a>Za punkt kulminacyjny Maratonu uznano komisyjne podliczenie zebranych w Sadownem, podczas Maratonu, \u015brodk\u00f3w finansowych i przekazanie ich za po\u015brednictwem miejscowego Banku na konto krakowskiej Fundacji MATIO, pod kt\u00f3rej piecz\u0105 znajduje si\u0119 bohaterka Maratonu \u2013 Natalka Subda.<\/p>\n<p><a href=\"http:\/\/info.sadowne.pl\/wp-content\/uploads\/2018\/02\/2018.02.15.13.jpg\" target=\"_blank\" rel=\"noopener noreferrer\"><img loading=\"lazy\" decoding=\"async\" class=\"alignleft wp-image-17905 size-thumbnail\" src=\"http:\/\/info.sadowne.pl\/wp-content\/uploads\/2018\/02\/2018.02.15.13-180x130.jpg\" alt=\"\" width=\"180\" height=\"130\" \/><\/a>Oczywi\u015bcie ko\u0144cowe czynno\u015bci zwi\u0105zane z zamkni\u0119ciem akcji charytatywnej w Sadownem, odby\u0142y si\u0119 w godnym miejscu \u2013 Urz\u0119dzie Gminy Sadowne, a tak\u017ce przy udziale \u015bwiadk\u00f3w i przedstawicieli Organizator\u00f3w tej wspania\u0142ej akcji \u2013 cz\u0142onk\u00f3w Klubu Sportowego WICHER Sadowne. Byli tam obecni: p. Kamil Koro\u015b i p. Adam Samsel, kt\u00f3rym towarzyszy\u0142a mama Natalki \u2013 p. Ula Subda.<\/p>\n<p><strong>Jeszcze raz dzi\u0119kujemy Pa\u0144stwu za \u201edobre serca\u201d, udzia\u0142 w tej akcji i wsparcie nie tylko finansowe, ale te\u017c duchowe. Jak podaj\u0105 Organizatorzy akcji, zebrane \u015brodki finansowe powinny pokry\u0107 koszty leczenia Natalki przynajmniej na najbli\u017cszych kilka miesi\u0119cy.<\/strong><\/p>\n<p><a href=\"http:\/\/info.sadowne.pl\/wp-content\/uploads\/2018\/02\/2018.02.15.14.jpg\" target=\"_blank\" rel=\"noopener noreferrer\"><img loading=\"lazy\" decoding=\"async\" class=\"aligncenter wp-image-17906 size-medium\" src=\"http:\/\/info.sadowne.pl\/wp-content\/uploads\/2018\/02\/2018.02.15.14-300x200.jpg\" alt=\"\" width=\"300\" height=\"200\" srcset=\"https:\/\/info.sadowne.pl\/wp-content\/uploads\/2018\/02\/2018.02.15.14-300x200.jpg 300w, https:\/\/info.sadowne.pl\/wp-content\/uploads\/2018\/02\/2018.02.15.14-768x512.jpg 768w, https:\/\/info.sadowne.pl\/wp-content\/uploads\/2018\/02\/2018.02.15.14.jpg 793w\" sizes=\"auto, (max-width: 300px) 100vw, 300px\" \/><\/a><\/p>\n<p><strong>I jeszcze oficjalnie \u2013 og\u0142aszamy zamkni\u0119cie I Charytatywnego Maratonu Siatkarskiego \u201eGramy dla Natalki\u201d. WIELKIE DZI\u0118KI!<\/strong><\/p>\n<p><strong>Tekst:<\/strong> S\u0142awek Chyli\u0144ski<\/p>\n<p><strong>Foto:<\/strong> Karolina Klimek<\/p>\n","protected":false},"excerpt":{"rendered":"<p>15 lutego godz. 9.30 \u2013 oficjalne podsumowanie i zako\u0144czenie Maratonu Siatkarskiego.<\/p>\n","protected":false},"author":1,"featured_media":0,"comment_status":"closed","ping_status":"closed","sticky":false,"template":"","format":"standard","meta":{"footnotes":""},"categories":[5,2137,7],"tags":[2707,2721],"class_list":["post-17902","post","type-post","status-publish","format-standard","hentry","category-newsy","category-pilka-siatkowa","category-sport","tag-charytatywnt-maraton-siatkarski-w-sadownem","tag-podsumowanie-maratonu"],"views":3190,"_links":{"self":[{"href":"https:\/\/info.sadowne.pl\/index.php?rest_route=\/wp\/v2\/posts\/17902","targetHints":{"allow":["GET"]}}],"collection":[{"href":"https:\/\/info.sadowne.pl\/index.php?rest_route=\/wp\/v2\/posts"}],"about":[{"href":"https:\/\/info.sadowne.pl\/index.php?rest_route=\/wp\/v2\/types\/post"}],"author":[{"embeddable":true,"href":"https:\/\/info.sadowne.pl\/index.php?rest_route=\/wp\/v2\/users\/1"}],"replies":[{"embeddable":true,"href":"https:\/\/info.sadowne.pl\/index.php?rest_route=%2Fwp%2Fv2%2Fcomments&post=17902"}],"version-history":[{"count":1,"href":"https:\/\/info.sadowne.pl\/index.php?rest_route=\/wp\/v2\/posts\/17902\/revisions"}],"predecessor-version":[{"id":17907,"href":"https:\/\/info.sadowne.pl\/index.php?rest_route=\/wp\/v2\/posts\/17902\/revisions\/17907"}],"wp:attachment":[{"href":"https:\/\/info.sadowne.pl\/index.php?rest_route=%2Fwp%2Fv2%2Fmedia&parent=17902"}],"wp:term":[{"taxonomy":"category","embeddable":true,"href":"https:\/\/info.sadowne.pl\/index.php?rest_route=%2Fwp%2Fv2%2Fcategories&post=17902"},{"taxonomy":"post_tag","embeddable":true,"href":"https:\/\/info.sadowne.pl\/index.php?rest_route=%2Fwp%2Fv2%2Ftags&post=17902"}],"curies":[{"name":"wp","href":"https:\/\/api.w.org\/{rel}","templated":true}]}}