{"id":17955,"date":"2018-02-25T17:05:53","date_gmt":"2018-02-25T16:05:53","guid":{"rendered":"http:\/\/info.sadowne.pl\/?p=17955"},"modified":"2021-09-01T21:17:19","modified_gmt":"2021-09-01T19:17:19","slug":"a-piechurom-mroz-nie-straszny","status":"publish","type":"post","link":"https:\/\/info.sadowne.pl\/?p=17955","title":{"rendered":"A Piechurom mr\u00f3z nie straszny\u2026."},"content":{"rendered":"<p><strong><img loading=\"lazy\" decoding=\"async\" class=\"alignleft size-thumbnail wp-image-17956\" src=\"http:\/\/info.sadowne.pl\/wp-content\/uploads\/2018\/02\/2018.02.25.1-180x130.jpg\" alt=\"\" width=\"180\" height=\"130\" \/>Wyj\u0105tkowo mro\u017any niedzielny poranek nie przeszkodzi\u0142 w pi\u0105tej ju\u017c \u201ewycieczce z kijkami\u201d, jak\u0105 sadowie\u0144ski GOK zaplanowa\u0142 na 25 lutego br. <\/strong><!--more--><\/p>\n<p>Co wi\u0119cej jej uczestnik\u00f3w w\u0119dr\u00f3wka, pogoda i klimat tak zach\u0119ci\u0142y, \u017ce ju\u017c w trakcie marszu wyd\u0142u\u017cyli zaplanowan\u0105 tras\u0119. I \u201ewysz\u0142o\u201d niemal 12 km \u201ew nogach\u201d, w zimowym, jaskrawym s\u0142onku, z mn\u00f3stwem zjonizowanego tlenu w p\u0142ucach, r\u00f3\u017cnych witamin z przewag\u0105 tej D i zachwyt\u00f3w nad urokami zimowego Jegla. Bo to ten las by\u0142 dzi\u015b g\u0142\u00f3wnym bohaterem imprezy.<\/p>\n<p><img loading=\"lazy\" decoding=\"async\" class=\"aligncenter size-full wp-image-17957\" src=\"http:\/\/info.sadowne.pl\/wp-content\/uploads\/2018\/02\/2018.02.25.2.png\" alt=\"\" width=\"599\" height=\"250\" srcset=\"https:\/\/info.sadowne.pl\/wp-content\/uploads\/2018\/02\/2018.02.25.2.png 599w, https:\/\/info.sadowne.pl\/wp-content\/uploads\/2018\/02\/2018.02.25.2-300x125.png 300w\" sizes=\"auto, (max-width: 599px) 100vw, 599px\" \/><\/p>\n<p>O godz. 11-ej by\u0142o jeszcze prawie minus 10 stopni mrozu, a p\u00f3\u0142nocno-wschodni wiaterek zniech\u0119ca\u0142 do wyj\u015bcia z ciep\u0142ych dom\u00f3w. Ale te\u017c ten wiaterek sprawi\u0142, \u017ce znowu postanowili\u015bmy pomaszerowa\u0107 w os\u0142onie drzew. Szybko postukali\u015bmy kijkami po asfalcie ul. Ko\u015bciuszki, a za Bojewk\u0105 skr\u0119cili\u015bmy pod wiatr w ul. Grzyma\u0142y (d. Cz. Wycecha), by zaraz wej\u015b\u0107 w drzewa morzyckich serwitut\u00f3w, a dalej w las pa\u0144stwowy, gdzie \u015bcie\u017cki i linie czasem by\u0142y szerokie i p\u0142askie, a czasem w\u0105skie i z niespodziankami.<\/p>\n<p>Po ponad 3 km doszli\u015bmy do \u201eW\u0105wozu\u201d \u2013 granicy z rezerwatem \u201eMokry Jegiel\u201d. Tu kr\u00f3tki odpoczynek, lekkie wzmocnienia, poznanie mapki rezerwatu i jego najbli\u017cszej okolicy. A w rezerwacie hektary li\u015bciastego lasu pokryte lodem i \u015bniegiem. Wychodz\u0105c spod GOK-u planowali\u015bmy st\u0105d wraca\u0107, bo sroga zima, mr\u00f3z, wiaterek, obawa o zdrowie. W niemal \u201eprzytulnym\u201d w\u0105wozie nikt ju\u017c o rych\u0142ym powrocie nie my\u015bla\u0142, bo zdrowie i humory dopisywa\u0142y, niska przecie\u017c temperatura nikogo ju\u017c nie obchodzi\u0142a, a rozgrzane mi\u0119\u015bnie i weso\u0142e s\u0142o\u0144ce zach\u0119ca\u0142y do dalszej w\u0119dr\u00f3wki.<\/p>\n<p>Ci \u201ez czo\u0142a\u201d \u015bmia\u0142o skr\u0119cili wi\u0119c w lewo, by now\u0105 i r\u00f3wniutk\u0105 \u017cwir\u00f3wk\u0105 pokona\u0107 kolejne 2 km do polanki Grzyma\u0142\u00f3w. A po drodze, jak to w Jeglu, krajobrazy zachwycaj\u0105ce: starodrzewy i m\u0142odniaki, bagienka i wzg\u00f3rki, tu myszo\u0142\u00f3w, tam czubatka i dzi\u0119cio\u0142 (chyba czarny), tropy r\u00f3\u017cnych zwierzak\u00f3w w \u015bwie\u017cym \u015bnie\u017cku, a nawet \u015blady bieg\u00f3wek. Nie tylko nas skusi\u0142 dzisiaj las i to nieprawda, \u017ce zim\u0105 \u015bpi.<\/p>\n<p>Przy g\u0142azie b\u0142. E. Grzyma\u0142y kolejna chwilka odpoczynku i st\u0105d ju\u017c powr\u00f3t, oczywi\u015bcie nie t\u0105 sam\u0105 drog\u0105. Ruszyli\u015bmy rozrytymi koleinami traktem spod orze\u0142kowskiego przejazdu, a po kilometrze skr\u0119cili\u015bmy w prawo \u2013 \u201ena skr\u00f3ty\u201d, w prosty le\u015bny dukt, pod g\u00f3rk\u0119. A za g\u00f3rk\u0105 kolejne. Czo\u0142\u00f3wka na szczycie jednej z g\u00f3rek zd\u0105\u017cy\u0142a obejrze\u0107 du\u017ce stado jeleni, kt\u00f3re jednak szybko umkn\u0119\u0142o, sp\u0142oszone z\u0142aman\u0105 nieostro\u017cnie ga\u0142\u0105zk\u0105, nim reszta maszeruj\u0105cych wdrapa\u0142a si\u0119 na pag\u00f3rek. A z niego rozleg\u0142a panorama, bo w\u0142a\u015bnie wyci\u0119to na stokach piaszczystych moren hektary wiekowych sosen, a po ich wyw\u00f3zce zosta\u0142y czarne, g\u0142\u0119bokie koleiny w ni\u017cej po\u0142o\u017conej cz\u0119\u015bci duktu. W \u015brodku zr\u0119bu du\u017cy karmnik z sianem i pie\u0144 z solank\u0105. Za zr\u0119bem pofa\u0142dowane \u201e\u015bciany\u201d z lasu r\u00f3\u017cnego wiekiem i gatunkami. Jeszcze tylko kilka wzniesie\u0144 i doszli\u015bmy do tego, z kt\u00f3rego wida\u0107 ju\u017c by\u0142o pola i pierwsze siedliska Draku. Po kilku minutach byli\u015bmy przy polanie z chatk\u0105 ko\u0142a my\u015bliwskiego \u201e\u015aw. Huberta\u201d. Spod niej pod\u0105\u017cyli\u015bmy \u015bcie\u017ck\u0105 przez serwituty, by po 2,5 godzinach, co przemkn\u0119\u0142y jak chwila, wr\u00f3ci\u0107 do GOK-u.<\/p>\n<p>Tu nikt nie wiedzia\u0142, czy to pyszny gulasz nas tak rozgrza\u0142, czy to mr\u00f3z taja\u0142 i czerwieni\u0142 policzki. Za to gulasz i ciasta smakowa\u0142y w ciep\u0142ym GOK-u niezwykle, bo nic tak apetytu nie pobudza, jak zdrowy ruch na \u015bwie\u017cym, dzi\u015b mocno rze\u015bkim powietrzu. A i jako\u015b \u201ealibi\u201d na ponadplanowy posi\u0142ek by\u0142o, bo przecie\u017c tyle kalorii spalili\u015bmy. Przy aromatycznej kawie snuli\u015bmy plany na kolejny, wiosenny marsz, na kt\u00f3ry za kilka tygodni szukajcie zaproszenia\u2026.<\/p>\n<p><a href=\"https:\/\/photos.app.goo.gl\/smyTZckGkedKVGUUA\" target=\"_blank\" rel=\"noopener noreferrer\"><span style=\"color: #0000ff;\"><strong>Zdj\u0119cia w galerii Google&gt;&gt;&gt;<\/strong><\/span><\/a><\/p>\n<p><strong>Tekst: <\/strong>RW<\/p>\n<p><strong>Foto:<\/strong> RW\/EP<\/p>\n","protected":false},"excerpt":{"rendered":"<p>Wyj\u0105tkowo mro\u017any niedzielny poranek nie przeszkodzi\u0142 w pi\u0105tej ju\u017c \u201ewycieczce z kijkami\u201d, jak\u0105 sadowie\u0144ski GOK zaplanowa\u0142 na 25 lutego br.<\/p>\n","protected":false},"author":1,"featured_media":0,"comment_status":"closed","ping_status":"closed","sticky":false,"template":"","format":"standard","meta":{"footnotes":""},"categories":[5,91,6,3627],"tags":[169,2617,907],"class_list":["post-17955","post","type-post","status-publish","format-standard","hentry","category-newsy","category-gminny-osrodek-kultury","category-kultura-rozrywka-edukacja","category-nordic-walking","tag-gminny-osrodek-kultury-w-sadownem","tag-marsz-nordic-walking-w-sadownem","tag-rekreacja-2"],"views":2771,"_links":{"self":[{"href":"https:\/\/info.sadowne.pl\/index.php?rest_route=\/wp\/v2\/posts\/17955","targetHints":{"allow":["GET"]}}],"collection":[{"href":"https:\/\/info.sadowne.pl\/index.php?rest_route=\/wp\/v2\/posts"}],"about":[{"href":"https:\/\/info.sadowne.pl\/index.php?rest_route=\/wp\/v2\/types\/post"}],"author":[{"embeddable":true,"href":"https:\/\/info.sadowne.pl\/index.php?rest_route=\/wp\/v2\/users\/1"}],"replies":[{"embeddable":true,"href":"https:\/\/info.sadowne.pl\/index.php?rest_route=%2Fwp%2Fv2%2Fcomments&post=17955"}],"version-history":[{"count":3,"href":"https:\/\/info.sadowne.pl\/index.php?rest_route=\/wp\/v2\/posts\/17955\/revisions"}],"predecessor-version":[{"id":23067,"href":"https:\/\/info.sadowne.pl\/index.php?rest_route=\/wp\/v2\/posts\/17955\/revisions\/23067"}],"wp:attachment":[{"href":"https:\/\/info.sadowne.pl\/index.php?rest_route=%2Fwp%2Fv2%2Fmedia&parent=17955"}],"wp:term":[{"taxonomy":"category","embeddable":true,"href":"https:\/\/info.sadowne.pl\/index.php?rest_route=%2Fwp%2Fv2%2Fcategories&post=17955"},{"taxonomy":"post_tag","embeddable":true,"href":"https:\/\/info.sadowne.pl\/index.php?rest_route=%2Fwp%2Fv2%2Ftags&post=17955"}],"curies":[{"name":"wp","href":"https:\/\/api.w.org\/{rel}","templated":true}]}}