{"id":17960,"date":"2018-02-26T19:26:25","date_gmt":"2018-02-26T18:26:25","guid":{"rendered":"http:\/\/info.sadowne.pl\/?p=17960"},"modified":"2018-02-26T19:26:25","modified_gmt":"2018-02-26T18:26:25","slug":"w-zielonce-bylo-na-medal","status":"publish","type":"post","link":"https:\/\/info.sadowne.pl\/?p=17960","title":{"rendered":"W Zielonce by\u0142o \u201ena medal\u201d"},"content":{"rendered":"<p><strong><a href=\"http:\/\/info.sadowne.pl\/wp-content\/uploads\/2018\/02\/2018.02.26.1.jpg\" target=\"_blank\" rel=\"noopener noreferrer\"><img loading=\"lazy\" decoding=\"async\" class=\"alignleft wp-image-17961 size-thumbnail\" src=\"http:\/\/info.sadowne.pl\/wp-content\/uploads\/2018\/02\/2018.02.26.1-180x130.jpg\" alt=\"\" width=\"180\" height=\"130\" \/><\/a>Rafa\u0142 Szulecki zdoby\u0142 z\u0142oty medal, Zofia Sobotka srebrny, a Kacper Miler zosta\u0142 br\u0105zowym medalist\u0105 Mistrzostw Mazowsza w Karate Kyokushin.<\/strong><!--more--><\/p>\n<p><a href=\"http:\/\/info.sadowne.pl\/wp-content\/uploads\/2018\/02\/2018.02.26.2.jpg\" target=\"_blank\" rel=\"noopener noreferrer\"><img loading=\"lazy\" decoding=\"async\" class=\"alignright wp-image-17962 size-medium\" src=\"http:\/\/info.sadowne.pl\/wp-content\/uploads\/2018\/02\/2018.02.26.2-288x300.jpg\" alt=\"\" width=\"288\" height=\"300\" srcset=\"https:\/\/info.sadowne.pl\/wp-content\/uploads\/2018\/02\/2018.02.26.2-288x300.jpg 288w, https:\/\/info.sadowne.pl\/wp-content\/uploads\/2018\/02\/2018.02.26.2.jpg 748w\" sizes=\"auto, (max-width: 288px) 100vw, 288px\" \/><\/a>W dniu 24 lutego 2018 r. w Zielonce odby\u0142y si\u0119 Mistrzostwa Mazowsza w Karate Kyokushin. Ca\u0142a reprezentacj\u0105 BKKK w sk\u0142adzie Rafa\u0142 Szul\u0119cki, Zofia Sobotka, Kacper Miler \u015bwietnie spisa\u0142a si\u0119 w rywalizacji sportowej na matach.<\/p>\n<p>Wi\u0119cej na stronie <span style=\"color: #0000ff;\"><strong><a style=\"color: #0000ff;\" href=\"http:\/\/www.ostrowmaz.com\/aktualnosci\/21826\" target=\"_blank\" rel=\"noopener noreferrer\">http:\/\/www.ostrowmaz.com\/aktualnosci\/21826<\/a><\/strong><\/span><\/p>\n<p><strong>\u0179r\u00f3d\u0142o:<\/strong> www.ostrowmaz.com<\/p>\n","protected":false},"excerpt":{"rendered":"<p>Rafa\u0142 Szulecki zdoby\u0142 z\u0142oty medal, Zofia Sobotka srebrny, a Kacper Miler zosta\u0142 br\u0105zowym medalist\u0105 Mistrzostw Mazowsza w Karate Kyokushin.<\/p>\n","protected":false},"author":1,"featured_media":0,"comment_status":"closed","ping_status":"closed","sticky":false,"template":"","format":"standard","meta":{"footnotes":""},"categories":[5,2029,7],"tags":[794,2368,2337,793],"class_list":["post-17960","post","type-post","status-publish","format-standard","hentry","category-newsy","category-karate","category-sport","tag-brokowski-klub-karate-kyokushinkai","tag-kacper-miler","tag-rafal-szulecki","tag-zofia-sobotka"],"views":2638,"_links":{"self":[{"href":"https:\/\/info.sadowne.pl\/index.php?rest_route=\/wp\/v2\/posts\/17960","targetHints":{"allow":["GET"]}}],"collection":[{"href":"https:\/\/info.sadowne.pl\/index.php?rest_route=\/wp\/v2\/posts"}],"about":[{"href":"https:\/\/info.sadowne.pl\/index.php?rest_route=\/wp\/v2\/types\/post"}],"author":[{"embeddable":true,"href":"https:\/\/info.sadowne.pl\/index.php?rest_route=\/wp\/v2\/users\/1"}],"replies":[{"embeddable":true,"href":"https:\/\/info.sadowne.pl\/index.php?rest_route=%2Fwp%2Fv2%2Fcomments&post=17960"}],"version-history":[{"count":1,"href":"https:\/\/info.sadowne.pl\/index.php?rest_route=\/wp\/v2\/posts\/17960\/revisions"}],"predecessor-version":[{"id":17963,"href":"https:\/\/info.sadowne.pl\/index.php?rest_route=\/wp\/v2\/posts\/17960\/revisions\/17963"}],"wp:attachment":[{"href":"https:\/\/info.sadowne.pl\/index.php?rest_route=%2Fwp%2Fv2%2Fmedia&parent=17960"}],"wp:term":[{"taxonomy":"category","embeddable":true,"href":"https:\/\/info.sadowne.pl\/index.php?rest_route=%2Fwp%2Fv2%2Fcategories&post=17960"},{"taxonomy":"post_tag","embeddable":true,"href":"https:\/\/info.sadowne.pl\/index.php?rest_route=%2Fwp%2Fv2%2Ftags&post=17960"}],"curies":[{"name":"wp","href":"https:\/\/api.w.org\/{rel}","templated":true}]}}