{"id":17986,"date":"2018-03-03T13:08:05","date_gmt":"2018-03-03T12:08:05","guid":{"rendered":"http:\/\/info.sadowne.pl\/?p=17986"},"modified":"2018-03-03T13:08:05","modified_gmt":"2018-03-03T12:08:05","slug":"owoce-z-mojego-drzewa","status":"publish","type":"post","link":"https:\/\/info.sadowne.pl\/?p=17986","title":{"rendered":"\u201eOwoce z mojego drzewa\u201d"},"content":{"rendered":"<p><strong><img loading=\"lazy\" decoding=\"async\" class=\"alignleft size-thumbnail wp-image-17987\" src=\"http:\/\/info.sadowne.pl\/wp-content\/uploads\/2018\/03\/2018.03.03.2-180x130.jpg\" alt=\"\" width=\"180\" height=\"130\" \/>Nowiutki, pachn\u0105cy farb\u0105 drukarsk\u0105 tomik wierszy p. Wies\u0142awa Maliszewskiego, kt\u00f3ry autor zatytu\u0142owa\u0142 \u201eOwoce z mojego drzewa\u201d, jest ju\u017c na p\u00f3\u0142kach Gminnej Biblioteki Publicznej w Sadownem.<\/strong><!--more--><\/p>\n<p><img loading=\"lazy\" decoding=\"async\" class=\"alignleft size-full wp-image-17988\" src=\"http:\/\/info.sadowne.pl\/wp-content\/uploads\/2018\/03\/Maliszewski.jpg\" alt=\"\" width=\"211\" height=\"276\" \/>Autor, p. Wies\u0142aw Maliszewski jest absolwentem L.O. w Sadownem, nauczyciel, emerytowany policjant, kt\u00f3ry obecnie zajmuje si\u0119 domem, wnukami, rzemios\u0142em i oczywi\u015bcie\u2026 pisaniem wierszy. Zawsze pasjonowa\u0142 si\u0119 poezj\u0105, ch\u0119tnie si\u0119gaj\u0105c po utwory znanych i mniej znanych autor\u00f3w oraz podejmuj\u0105c te\u017c w\u0142asne pr\u00f3by poetyckie. Pewnie z tego te\u017c powodu by\u0142 jednym ze wsp\u00f3\u0142za\u0142o\u017cycieli Grupy Poetyckiej IWA.<\/p>\n<p><a href=\"http:\/\/info.sadowne.pl\/wp-content\/uploads\/2018\/03\/2018.03.03.1.jpg\" target=\"_blank\" rel=\"noopener noreferrer\"><img loading=\"lazy\" decoding=\"async\" class=\"alignright wp-image-17989 size-medium\" src=\"http:\/\/info.sadowne.pl\/wp-content\/uploads\/2018\/03\/2018.03.03.1-300x200.jpg\" alt=\"\" width=\"300\" height=\"200\" srcset=\"https:\/\/info.sadowne.pl\/wp-content\/uploads\/2018\/03\/2018.03.03.1-300x200.jpg 300w, https:\/\/info.sadowne.pl\/wp-content\/uploads\/2018\/03\/2018.03.03.1-768x512.jpg 768w, https:\/\/info.sadowne.pl\/wp-content\/uploads\/2018\/03\/2018.03.03.1.jpg 795w\" sizes=\"auto, (max-width: 300px) 100vw, 300px\" \/><\/a>Najnowszy tomik wierszy pt. \u201eOwoce z mojego drzewa\u201d jest podsumowaniem \u2013 jak to sam okre\u015bli\u0142 \u2013 jego skromnego dorobku poetyckiego i stanowi wyb\u00f3r utwor\u00f3w z wydanych wcze\u015bniej tomik\u00f3w: \u201eJak owoc\u201d i \u201eSerce\u201d oraz wierszy napisanych w ostatnich latach. Autor dedykuje go pami\u0119ci swojej matki Anastazji Maliszewskiej z d. Grodkowskiej.<\/p>\n<p>Credo literackie p. Wies\u0142awa brzmi: \u201ePisz\u0119 tak, jak gdybym wierzy\u0142, \u017ce z po\u017caru tego \u015bwiata ocalej\u0105 w\u0142a\u015bnie s\u0142owa\u201d. Skupmy si\u0119 wi\u0119c na s\u0142owach, kt\u00f3re przekazuje nam w swoim tomiku.<\/p>\n<p><a href=\"http:\/\/info.sadowne.pl\/wp-content\/uploads\/2018\/03\/2018.03.03.3.jpg\" target=\"_blank\" rel=\"noopener noreferrer\"><img loading=\"lazy\" decoding=\"async\" class=\"alignleft wp-image-17990 size-medium\" src=\"http:\/\/info.sadowne.pl\/wp-content\/uploads\/2018\/03\/2018.03.03.3-300x225.jpg\" alt=\"\" width=\"300\" height=\"225\" srcset=\"https:\/\/info.sadowne.pl\/wp-content\/uploads\/2018\/03\/2018.03.03.3-300x225.jpg 300w, https:\/\/info.sadowne.pl\/wp-content\/uploads\/2018\/03\/2018.03.03.3-768x576.jpg 768w, https:\/\/info.sadowne.pl\/wp-content\/uploads\/2018\/03\/2018.03.03.3.jpg 794w\" sizes=\"auto, (max-width: 300px) 100vw, 300px\" \/><\/a><\/p>\n<p>I jeszcze jedno \u2013 wybrane i zebrane wiersze p. Wies\u0142awa opatrzone s\u0105 s\u0142owem wst\u0119pnym r\u00f3wnie\u017c poety \u2013 p. Kazimierza Kocha\u0144skiego, kt\u00f3ry zach\u0119ca nas do kontaktu z poezj\u0105 swojego kolegi z Grupy Poetyckiej IWA pisz\u0105c: <em>Autor wierszy wybranych, st\u0105paj\u0105c pewnie po wybranych przez siebie \u201esk\u0142adowych naszej codzienno\u015bci\u201d, okazuje du\u017c\u0105 nie\u015bmia\u0142o\u015b\u0107 przy wkraczaniu do wielu \u2013 wed\u0142ug niego \u2013 intymnych sfer \u201ecz\u0142owieczo\u015bci\u201d. Otacza j\u0105 aur\u0105 tajemniczo\u015bci, mimo swej tam obecno\u015bci. Nie da si\u0119 tego jednak nazwa\u0107 podgl\u0105dactwem; on jakby przechodzi\u0142, a wszystko inne dzia\u0142o si\u0119 \u2013 po prostu dzia\u0142o si\u0119!&#8230;<\/em><\/p>\n<p>A autor sw\u00f3j tomik rozpoczyna wierszem:<\/p>\n<p style=\"text-align: center;\">***<\/p>\n<p style=\"text-align: center;\">Nie my\u015bla\u0142em nigdy, mamo,<\/p>\n<p style=\"text-align: center;\">\u017ce tak daleko mo\u017ce by\u0107<\/p>\n<p style=\"text-align: center;\">od progu domu do jego pieca<\/p>\n<p style=\"text-align: center;\">i chwil, gdy wyjmowa\u0142a\u015b<\/p>\n<p style=\"text-align: center;\">z serca gor\u0105cy chleb.<\/p>\n<p style=\"text-align: center;\">***<\/p>\n<p style=\"text-align: center;\">Dzi\u015b, staj\u0105c w tamtych drzwiach,<\/p>\n<p style=\"text-align: center;\">pami\u0119tam ci\u0105gle jego smak<\/p>\n<p style=\"text-align: center;\">i czas,<\/p>\n<p style=\"text-align: center;\">czas, gdy wsz\u0119dzie by\u0142o nam tak blisko,<\/p>\n<p style=\"text-align: center;\">***<\/p>\n<p style=\"text-align: center;\">nawet do gwiazd.<\/p>\n<p style=\"text-align: center;\"><img loading=\"lazy\" decoding=\"async\" class=\"aligncenter size-medium wp-image-17991\" src=\"http:\/\/info.sadowne.pl\/wp-content\/uploads\/2018\/03\/2018.03.03.4-300x225.jpg\" alt=\"\" width=\"300\" height=\"225\" srcset=\"https:\/\/info.sadowne.pl\/wp-content\/uploads\/2018\/03\/2018.03.03.4-300x225.jpg 300w, https:\/\/info.sadowne.pl\/wp-content\/uploads\/2018\/03\/2018.03.03.4-768x576.jpg 768w, https:\/\/info.sadowne.pl\/wp-content\/uploads\/2018\/03\/2018.03.03.4.jpg 794w\" sizes=\"auto, (max-width: 300px) 100vw, 300px\" \/><\/p>\n<p><strong>Jeszcze raz zach\u0119cam do odwiedzenia Gminnej Biblioteki Publicznej w Sadowne i zdj\u0119cia z p\u00f3\u0142ki na sw\u00f3j u\u017cytek tomiku poezji p. Wies\u0142awa Maliszewskiego. Naprawd\u0119 warto!<\/strong><\/p>\n<p><strong>Tekst:<\/strong> S\u0142awek Chyli\u0144ski<\/p>\n<p><strong>Foto:<\/strong> S\u0142awek Chyli\u0144ski\/Wies\u0142aw Maliszewski<\/p>\n","protected":false},"excerpt":{"rendered":"<p>Nowiutki, pachn\u0105cy farb\u0105 drukarsk\u0105 tomik wierszy p. Wies\u0142awa Maliszewskiego, kt\u00f3ry autor zatytu\u0142owa\u0142 \u201eOwoce z mojego drzewa\u201d, jest ju\u017c na p\u00f3\u0142kach Gminnej Biblioteki Publicznej w Sadownem.<\/p>\n","protected":false},"author":1,"featured_media":0,"comment_status":"closed","ping_status":"closed","sticky":false,"template":"","format":"standard","meta":{"footnotes":""},"categories":[5,48,6,108],"tags":[2729,109,2730,51],"class_list":["post-17986","post","type-post","status-publish","format-standard","hentry","category-newsy","category-kacik-literacki","category-kultura-rozrywka-edukacja","category-okienko-poetyckie","tag-owoce-z-mojego-drzewa","tag-grupa-poetycka-iwa","tag-poezja","tag-wieslaw-maliszewski"],"views":3027,"_links":{"self":[{"href":"https:\/\/info.sadowne.pl\/index.php?rest_route=\/wp\/v2\/posts\/17986","targetHints":{"allow":["GET"]}}],"collection":[{"href":"https:\/\/info.sadowne.pl\/index.php?rest_route=\/wp\/v2\/posts"}],"about":[{"href":"https:\/\/info.sadowne.pl\/index.php?rest_route=\/wp\/v2\/types\/post"}],"author":[{"embeddable":true,"href":"https:\/\/info.sadowne.pl\/index.php?rest_route=\/wp\/v2\/users\/1"}],"replies":[{"embeddable":true,"href":"https:\/\/info.sadowne.pl\/index.php?rest_route=%2Fwp%2Fv2%2Fcomments&post=17986"}],"version-history":[{"count":1,"href":"https:\/\/info.sadowne.pl\/index.php?rest_route=\/wp\/v2\/posts\/17986\/revisions"}],"predecessor-version":[{"id":17992,"href":"https:\/\/info.sadowne.pl\/index.php?rest_route=\/wp\/v2\/posts\/17986\/revisions\/17992"}],"wp:attachment":[{"href":"https:\/\/info.sadowne.pl\/index.php?rest_route=%2Fwp%2Fv2%2Fmedia&parent=17986"}],"wp:term":[{"taxonomy":"category","embeddable":true,"href":"https:\/\/info.sadowne.pl\/index.php?rest_route=%2Fwp%2Fv2%2Fcategories&post=17986"},{"taxonomy":"post_tag","embeddable":true,"href":"https:\/\/info.sadowne.pl\/index.php?rest_route=%2Fwp%2Fv2%2Ftags&post=17986"}],"curies":[{"name":"wp","href":"https:\/\/api.w.org\/{rel}","templated":true}]}}