{"id":18012,"date":"2018-03-06T08:30:11","date_gmt":"2018-03-06T07:30:11","guid":{"rendered":"http:\/\/info.sadowne.pl\/?p=18012"},"modified":"2018-03-06T08:30:11","modified_gmt":"2018-03-06T07:30:11","slug":"brazowy-medal-na-mmw","status":"publish","type":"post","link":"https:\/\/info.sadowne.pl\/?p=18012","title":{"rendered":"Br\u0105zowy medal na MMW"},"content":{"rendered":"<p><strong><a href=\"http:\/\/info.sadowne.pl\/wp-content\/uploads\/2018\/03\/2018.03.06.1.jpg\" target=\"_blank\" rel=\"noopener noreferrer\"><img loading=\"lazy\" decoding=\"async\" class=\"alignleft wp-image-18013 size-thumbnail\" src=\"http:\/\/info.sadowne.pl\/wp-content\/uploads\/2018\/03\/2018.03.06.1-180x130.jpg\" alt=\"\" width=\"180\" height=\"130\" \/><\/a>W dniu 3 marca 2018 r. w Zamo\u015bciu odby\u0142y si\u0119 Mistrzostwa Makroregionu Wschodniego i Mi\u0119dzywojew\u00f3dzkie Mistrzostwa M\u0142odzik\u00f3w w Karate Kyokushin.<\/strong><!--more--><\/p>\n<p>W Turnieju udzia\u0142 wzi\u0119\u0142o 280 zawodnik\u00f3w z 39 klub\u00f3w z czterech wojew\u00f3dztw: mazowieckiego, podlaskiego, lubelskiego i warmi\u0144sko \u2013 mazurskiego. Brokowski Klub Karate Kyokushinkai reprezentowa\u0142o dwoje zawodnik\u00f3w: Zofia Sobotka i Rafa\u0142 Szul\u0119cki.<\/p>\n<p><a href=\"http:\/\/info.sadowne.pl\/wp-content\/uploads\/2018\/03\/2018.03.06.2.jpg\" target=\"_blank\" rel=\"noopener noreferrer\"><img loading=\"lazy\" decoding=\"async\" class=\"alignright wp-image-18014 size-thumbnail\" src=\"http:\/\/info.sadowne.pl\/wp-content\/uploads\/2018\/03\/2018.03.06.2-180x130.jpg\" alt=\"\" width=\"180\" height=\"130\" \/><\/a>Zosia startowa\u0142a w\u015br\u00f3d juniorek w kategorii + 60 kg. W rundzie eliminacyjnej spotka\u0142a si\u0119 ponownie z zawodniczk\u0105 z Warszawy. Niestety i tym razem nie uda\u0142o si\u0119 pokona\u0107 rywalki ze stolicy. Zosia poza podium.<\/p>\n<p><a href=\"http:\/\/info.sadowne.pl\/wp-content\/uploads\/2018\/03\/2018.03.06.3.jpg\" target=\"_blank\" rel=\"noopener noreferrer\"><img loading=\"lazy\" decoding=\"async\" class=\"alignleft wp-image-18015 size-thumbnail\" src=\"http:\/\/info.sadowne.pl\/wp-content\/uploads\/2018\/03\/2018.03.06.3-180x130.jpg\" alt=\"\" width=\"180\" height=\"130\" \/><\/a>Rafa\u0142 natomiast w pierwszej walce potrzebowa\u0142 niespe\u0142na 20 sekund na rozstrzygni\u0119cie walki na swoj\u0105 korzy\u015b\u0107. W drugim pojedynku nie by\u0142o ju\u017c tak \u0142atwo i po regulaminowym czasie walki to rywal naszego zawodnika cieszy\u0142 si\u0119 ze zwyci\u0119stwa. Rafa\u0142 tym samym zosta\u0142 z trzeci\u0105 lokata na Mistrzostwach Makroregionu Wschodniego.<\/p>\n<p>Medal na tak licznie obsadzonych Mistrzostwach Makroregionu jest z pewno\u015bci\u0105 du\u017cym sukcesem.<\/p>\n<p><strong>Zbigniew W\u00f3jcicki<\/strong><\/p>\n","protected":false},"excerpt":{"rendered":"<p>W dniu 3 marca 2018 r. w Zamo\u015bciu odby\u0142y si\u0119 Mistrzostwa Makroregionu Wschodniego i Mi\u0119dzywojew\u00f3dzkie Mistrzostwa M\u0142odzik\u00f3w w Karate Kyokushin.<\/p>\n","protected":false},"author":1,"featured_media":0,"comment_status":"closed","ping_status":"closed","sticky":false,"template":"","format":"standard","meta":{"footnotes":""},"categories":[5,2029,7],"tags":[794,2337,793],"class_list":["post-18012","post","type-post","status-publish","format-standard","hentry","category-newsy","category-karate","category-sport","tag-brokowski-klub-karate-kyokushinkai","tag-rafal-szulecki","tag-zofia-sobotka"],"views":2575,"_links":{"self":[{"href":"https:\/\/info.sadowne.pl\/index.php?rest_route=\/wp\/v2\/posts\/18012","targetHints":{"allow":["GET"]}}],"collection":[{"href":"https:\/\/info.sadowne.pl\/index.php?rest_route=\/wp\/v2\/posts"}],"about":[{"href":"https:\/\/info.sadowne.pl\/index.php?rest_route=\/wp\/v2\/types\/post"}],"author":[{"embeddable":true,"href":"https:\/\/info.sadowne.pl\/index.php?rest_route=\/wp\/v2\/users\/1"}],"replies":[{"embeddable":true,"href":"https:\/\/info.sadowne.pl\/index.php?rest_route=%2Fwp%2Fv2%2Fcomments&post=18012"}],"version-history":[{"count":1,"href":"https:\/\/info.sadowne.pl\/index.php?rest_route=\/wp\/v2\/posts\/18012\/revisions"}],"predecessor-version":[{"id":18016,"href":"https:\/\/info.sadowne.pl\/index.php?rest_route=\/wp\/v2\/posts\/18012\/revisions\/18016"}],"wp:attachment":[{"href":"https:\/\/info.sadowne.pl\/index.php?rest_route=%2Fwp%2Fv2%2Fmedia&parent=18012"}],"wp:term":[{"taxonomy":"category","embeddable":true,"href":"https:\/\/info.sadowne.pl\/index.php?rest_route=%2Fwp%2Fv2%2Fcategories&post=18012"},{"taxonomy":"post_tag","embeddable":true,"href":"https:\/\/info.sadowne.pl\/index.php?rest_route=%2Fwp%2Fv2%2Ftags&post=18012"}],"curies":[{"name":"wp","href":"https:\/\/api.w.org\/{rel}","templated":true}]}}